{"id":347218,"date":"2024-02-05T11:53:39","date_gmt":"2024-02-05T10:53:39","guid":{"rendered":"https:\/\/www.advancedmanufacturingmadrid.com\/2024\/02\/05\/two-acciona-energia-wind-farms-protagonists-of-the-first-wind-ecotourism-guide-in-spain-2\/"},"modified":"2024-02-05T11:53:40","modified_gmt":"2024-02-05T10:53:40","slug":"two-acciona-energia-wind-farms-protagonists-of-the-first-wind-ecotourism-guide-in-spain-2","status":"publish","type":"post","link":"https:\/\/www.advancedmanufacturingmadrid.com\/en\/2024\/02\/05\/two-acciona-energia-wind-farms-protagonists-of-the-first-wind-ecotourism-guide-in-spain-2\/","title":{"rendered":"Two Acciona Energ\u00eda wind farms, protagonists of the first Wind Ecotourism Guide in Spain"},"content":{"rendered":"\t\t<div data-elementor-type=\"wp-post\" data-elementor-id=\"347218\" class=\"elementor elementor-347218 elementor-347210\" data-elementor-post-type=\"post\">\n\t\t\t\t\t\t<section class=\"elementor-section elementor-top-section elementor-element elementor-element-24b5f91 elementor-section-boxed elementor-section-height-default elementor-section-height-default\" data-id=\"24b5f91\" data-element_type=\"section\">\n\t\t\t\t\t\t<div class=\"elementor-container elementor-column-gap-default\">\n\t\t\t\t\t<div class=\"elementor-column elementor-col-100 elementor-top-column elementor-element elementor-element-49eb7a8\" data-id=\"49eb7a8\" data-element_type=\"column\">\n\t\t\t<div class=\"elementor-widget-wrap elementor-element-populated\">\n\t\t\t\t\t\t<div class=\"elementor-element elementor-element-32695d4 elementor-widget elementor-widget-heading\" data-id=\"32695d4\" data-element_type=\"widget\" data-widget_type=\"heading.default\">\n\t\t\t\t<div class=\"elementor-widget-container\">\n\t\t\t\t\t<h2 class=\"elementor-heading-title elementor-size-default\">Two Acciona Energ\u00eda wind farms, protagonists of the first Wind Ecotourism Guide in Spain<\/h2>\t\t\t\t<\/div>\n\t\t\t\t<\/div>\n\t\t\t\t<div class=\"elementor-element elementor-element-406dec9 elementor-widget elementor-widget-image\" data-id=\"406dec9\" data-element_type=\"widget\" data-widget_type=\"image.default\">\n\t\t\t\t<div class=\"elementor-widget-container\">\n\t\t\t\t\t\t\t\t\t\t\t\t\t\t\t<img fetchpriority=\"high\" decoding=\"async\" width=\"400\" height=\"400\" src=\"https:\/\/easyfairsassets.com\/sites\/79\/2024\/02\/plantilla-imagen-destacada-ACCIONA.png\" class=\"attachment-large size-large wp-image-346938\" alt=\"ACCIONA\" srcset=\"https:\/\/easyfairsassets.com\/sites\/79\/2024\/02\/plantilla-imagen-destacada-ACCIONA.png 400w, https:\/\/easyfairsassets.com\/sites\/79\/2024\/02\/plantilla-imagen-destacada-ACCIONA-300x300.png 300w, https:\/\/easyfairsassets.com\/sites\/79\/2024\/02\/plantilla-imagen-destacada-ACCIONA-150x150.png 150w\" sizes=\"(max-width: 400px) 100vw, 400px\" \/>\t\t\t\t\t\t\t\t\t\t\t\t\t\t\t<\/div>\n\t\t\t\t<\/div>\n\t\t\t\t<div class=\"elementor-element elementor-element-acba843 elementor-widget elementor-widget-text-editor\" data-id=\"acba843\" data-element_type=\"widget\" data-widget_type=\"text-editor.default\">\n\t\t\t\t<div class=\"elementor-widget-container\">\n\t\t\t\t\t\t\t\t\t<p>Acciona Energ\u00eda&#8217;s wind farms El Perd\u00f3n, in the Sierra del Perd\u00f3n (Navarra), and Alto de Abara, in Coa\u00f1a (Asturias), are two of the protagonists of the first Wind Ecotourism Guide to be published in Spain, according to a press release.<\/p>\n<p>These two facilities have been included in the guide as a result of the company&#8217;s &#8220;efforts&#8221; to ensure that &#8220;its renewable projects are integrated into the rural areas in which they are located, helping to generate a positive impact on them&#8221;.<\/p>\n<p>The aim of this manual, promoted by the Vientos de Futuro movement, in collaboration with the Asociaci\u00f3n Empresarial E\u00f3lica and the Planetas publishing group, is to encourage a good coexistence between the historical and environmental surroundings of the places through which it passes, their inhabitants and the infrastructures destined for the production of green energy.<\/p>\n<p>Thus, the two aforementioned Acciona Energ\u00eda wind farms featured in the guide are characterised &#8220;precisely&#8221; by their good integration with the rural environment in which they are located.<\/p>\n\t\t\t\t\t\t\t\t<\/div>\n\t\t\t\t<\/div>\n\t\t\t\t<div class=\"elementor-element elementor-element-6189da5 elementor-widget elementor-widget-button\" data-id=\"6189da5\" data-element_type=\"widget\" data-widget_type=\"button.default\">\n\t\t\t\t<div class=\"elementor-widget-container\">\n\t\t\t\t\t\t\t\t\t<div class=\"elementor-button-wrapper\">\n\t\t\t\t\t<a class=\"elementor-button elementor-button-link elementor-size-sm\" href=\"https:\/\/www.bolsamania.com\/noticias\/empresas\/economia--dos-parques-eolicos-de-acciona-energia-protagonistas-de-la-primera-guia-de-ecoturismo-eolico-en-espana--16036914.html\">\n\t\t\t\t\t\t<span class=\"elementor-button-content-wrapper\">\n\t\t\t\t\t\t\t\t\t<span class=\"elementor-button-text\">Read more<\/span>\n\t\t\t\t\t<\/span>\n\t\t\t\t\t<\/a>\n\t\t\t\t<\/div>\n\t\t\t\t\t\t\t\t<\/div>\n\t\t\t\t<\/div>\n\t\t\t\t\t<\/div>\n\t\t<\/div>\n\t\t\t\t\t<\/div>\n\t\t<\/section>\n\t\t\t\t<\/div>\n\t\t","protected":false},"excerpt":{"rendered":"<p>Two Acciona Energ\u00eda wind farms, protagonists of the first Wind Ecotourism Guide in Spain Acciona Energ\u00eda&#8217;s wind farms El Perd\u00f3n, in the Sierra del Perd\u00f3n (Navarra), and Alto de Abara, in Coa\u00f1a (Asturias), are two of the protagonists of the first Wind Ecotourism Guide to be published in Spain, according to a press release. These [&hellip;]<\/p>\n","protected":false},"author":85,"featured_media":346938,"comment_status":"closed","ping_status":"closed","sticky":false,"template":"","format":"standard","meta":{"_seopress_robots_primary_cat":"none","_seopress_titles_title":"Two Acciona Energ\u00eda wind farms, protagonists of the first Wind Ecotourism Guide in Spain","_seopress_titles_desc":"Acciona Energ\u00eda's El Perd\u00f3n (Navarre) and Alto de Abara (Asturias) wind farms are two of the protagonists of the first Wind Ecotourism Guide to be published in Spain.","_seopress_robots_index":"","footnotes":""},"categories":[343],"tags":[2399,353,1659,627],"edition":[],"class_list":["post-347218","post","type-post","status-publish","format-standard","has-post-thumbnail","hentry","category-advanced-manfuctaring-news-en","tag-industria-en","tag-metalmadrid","tag-robomatica-en","tag-sostenibilidad-en"],"_links":{"self":[{"href":"https:\/\/www.advancedmanufacturingmadrid.com\/en\/wp-json\/wp\/v2\/posts\/347218","targetHints":{"allow":["GET"]}}],"collection":[{"href":"https:\/\/www.advancedmanufacturingmadrid.com\/en\/wp-json\/wp\/v2\/posts"}],"about":[{"href":"https:\/\/www.advancedmanufacturingmadrid.com\/en\/wp-json\/wp\/v2\/types\/post"}],"author":[{"embeddable":true,"href":"https:\/\/www.advancedmanufacturingmadrid.com\/en\/wp-json\/wp\/v2\/users\/85"}],"replies":[{"embeddable":true,"href":"https:\/\/www.advancedmanufacturingmadrid.com\/en\/wp-json\/wp\/v2\/comments?post=347218"}],"version-history":[{"count":1,"href":"https:\/\/www.advancedmanufacturingmadrid.com\/en\/wp-json\/wp\/v2\/posts\/347218\/revisions"}],"predecessor-version":[{"id":347219,"href":"https:\/\/www.advancedmanufacturingmadrid.com\/en\/wp-json\/wp\/v2\/posts\/347218\/revisions\/347219"}],"wp:featuredmedia":[{"embeddable":true,"href":"https:\/\/www.advancedmanufacturingmadrid.com\/en\/wp-json\/wp\/v2\/media\/346938"}],"wp:attachment":[{"href":"https:\/\/www.advancedmanufacturingmadrid.com\/en\/wp-json\/wp\/v2\/media?parent=347218"}],"wp:term":[{"taxonomy":"category","embeddable":true,"href":"https:\/\/www.advancedmanufacturingmadrid.com\/en\/wp-json\/wp\/v2\/categories?post=347218"},{"taxonomy":"post_tag","embeddable":true,"href":"https:\/\/www.advancedmanufacturingmadrid.com\/en\/wp-json\/wp\/v2\/tags?post=347218"},{"taxonomy":"edition","embeddable":true,"href":"https:\/\/www.advancedmanufacturingmadrid.com\/en\/wp-json\/wp\/v2\/edition?post=347218"}],"curies":[{"name":"wp","href":"https:\/\/api.w.org\/{rel}","templated":true}]}}