{"id":70951,"date":"2022-02-01T10:37:34","date_gmt":"2022-02-01T09:37:34","guid":{"rendered":"https:\/\/www.advancedmanufacturingmadrid.com\/?p=70951"},"modified":"2022-02-01T10:37:47","modified_gmt":"2022-02-01T09:37:47","slug":"victor-palacios-honrado","status":"publish","type":"post","link":"https:\/\/www.advancedmanufacturingmadrid.com\/en\/2022\/02\/01\/victor-palacios-honrado\/","title":{"rendered":"V\u00edctor Palacios Honrado"},"content":{"rendered":"\t\t<div data-elementor-type=\"wp-post\" data-elementor-id=\"70951\" class=\"elementor elementor-70951 elementor-70950\" data-elementor-post-type=\"post\">\n\t\t\t\t\t\t<section class=\"elementor-section elementor-top-section elementor-element elementor-element-3323e7be elementor-section-boxed elementor-section-height-default elementor-section-height-default\" data-id=\"3323e7be\" data-element_type=\"section\" data-settings=\"{&quot;background_background&quot;:&quot;classic&quot;}\">\n\t\t\t\t\t\t<div class=\"elementor-container elementor-column-gap-no\">\n\t\t\t\t\t<div class=\"elementor-column elementor-col-50 elementor-top-column elementor-element elementor-element-7c19eaf4\" data-id=\"7c19eaf4\" data-element_type=\"column\">\n\t\t\t<div class=\"elementor-widget-wrap elementor-element-populated\">\n\t\t\t\t\t\t<div class=\"elementor-element elementor-element-6fb7aed0 elementor-widget elementor-widget-heading\" data-id=\"6fb7aed0\" data-element_type=\"widget\" data-widget_type=\"heading.default\">\n\t\t\t\t<div class=\"elementor-widget-container\">\n\t\t\t\t\t<h2 class=\"elementor-heading-title elementor-size-default\">Victor Palacios Honrado<\/h2>\t\t\t\t<\/div>\n\t\t\t\t<\/div>\n\t\t\t\t<div class=\"elementor-element elementor-element-9dd0411 elementor-widget elementor-widget-heading\" data-id=\"9dd0411\" data-element_type=\"widget\" data-widget_type=\"heading.default\">\n\t\t\t\t<div class=\"elementor-widget-container\">\n\t\t\t\t\t<h2 class=\"elementor-heading-title elementor-size-default\">Experto en transformaci\u00f3n digital<\/h2>\t\t\t\t<\/div>\n\t\t\t\t<\/div>\n\t\t\t\t<div class=\"elementor-element elementor-element-4cf9e576 elementor-widget elementor-widget-text-editor\" data-id=\"4cf9e576\" data-element_type=\"widget\" data-widget_type=\"text-editor.default\">\n\t\t\t\t<div class=\"elementor-widget-container\">\n\t\t\t\t\t\t\t\t\t<p>Victor Palacios es experto en transformaci\u00f3n digital, responsable del proyecto Oficina Acelera Pyme de Red.es en AECIM. Antes de empezar a desarrollar planes de digitalizaci\u00f3n y internacionalizaci\u00f3n a trav\u00e9s de medios digitales, trabaj\u00f3 como responsable comercial y de marketing de una importante firma de ciberseguridad y c\u00f3mo consultor en internacionalizaci\u00f3n de empresas en la oficina econ\u00f3mica y comercial de la embajada de Espa\u00f1a en El Cairo. Se gradu\u00f3 en administraci\u00f3n y direcci\u00f3n de empresas por la universidad de Le\u00f3n y completo el MBA en internacionalizaci\u00f3n de la empresa del ICEX-CECO.<\/p>\n\t\t\t\t\t\t\t\t<\/div>\n\t\t\t\t<\/div>\n\t\t\t\t<div class=\"elementor-element elementor-element-11c9527 elementor-shape-circle e-grid-align-left e-grid-align-mobile-left elementor-grid-0 elementor-invisible elementor-widget elementor-widget-social-icons\" data-id=\"11c9527\" data-element_type=\"widget\" data-settings=\"{&quot;_animation&quot;:&quot;bounceIn&quot;}\" data-widget_type=\"social-icons.default\">\n\t\t\t\t<div class=\"elementor-widget-container\">\n\t\t\t\t\t\t\t<div class=\"elementor-social-icons-wrapper elementor-grid\">\n\t\t\t\t\t\t\t<span class=\"elementor-grid-item\">\n\t\t\t\t\t<a class=\"elementor-icon elementor-social-icon elementor-social-icon-linkedin elementor-repeater-item-d999e9f\" href=\"https:\/\/twitter.com\/AecimOAP\" target=\"_blank\">\n\t\t\t\t\t\t<span class=\"elementor-screen-only\">Linkedin<\/span>\n\t\t\t\t\t\t<i aria-hidden=\"true\" class=\"fab fa-linkedin\"><\/i>\t\t\t\t\t<\/a>\n\t\t\t\t<\/span>\n\t\t\t\t\t<\/div>\n\t\t\t\t\t\t<\/div>\n\t\t\t\t<\/div>\n\t\t\t\t<div class=\"elementor-element elementor-element-ad23028 elementor-align-left elementor-invisible elementor-widget elementor-widget-button\" data-id=\"ad23028\" data-element_type=\"widget\" data-settings=\"{&quot;_animation&quot;:&quot;fadeIn&quot;}\" data-widget_type=\"button.default\">\n\t\t\t\t<div class=\"elementor-widget-container\">\n\t\t\t\t\t\t\t\t\t<div class=\"elementor-button-wrapper\">\n\t\t\t\t\t<a class=\"elementor-button elementor-button-link elementor-size-xs elementor-animation-pulse-grow\" href=\"#\">\n\t\t\t\t\t\t<span class=\"elementor-button-content-wrapper\">\n\t\t\t\t\t\t\t\t\t<span class=\"elementor-button-text\">Haz clic aqu\u00ed<\/span>\n\t\t\t\t\t<\/span>\n\t\t\t\t\t<\/a>\n\t\t\t\t<\/div>\n\t\t\t\t\t\t\t\t<\/div>\n\t\t\t\t<\/div>\n\t\t\t\t\t<\/div>\n\t\t<\/div>\n\t\t\t\t<div class=\"elementor-column elementor-col-50 elementor-top-column elementor-element elementor-element-26f087a7\" data-id=\"26f087a7\" data-element_type=\"column\" data-settings=\"{&quot;background_background&quot;:&quot;classic&quot;}\">\n\t\t\t<div class=\"elementor-widget-wrap elementor-element-populated\">\n\t\t\t\t\t\t\t<\/div>\n\t\t<\/div>\n\t\t\t\t\t<\/div>\n\t\t<\/section>\n\t\t\t\t<\/div>\n\t\t","protected":false},"excerpt":{"rendered":"<p>Victor Palacios Honrado Experto en transformaci\u00f3n digital Victor Palacios es experto en transformaci\u00f3n digital, responsable del proyecto Oficina Acelera Pyme de Red.es en AECIM. Antes de empezar a desarrollar planes de digitalizaci\u00f3n y internacionalizaci\u00f3n a trav\u00e9s de medios digitales, trabaj\u00f3 como responsable comercial y de marketing de una importante firma de ciberseguridad y c\u00f3mo consultor [&hellip;]<\/p>\n","protected":false},"author":1,"featured_media":70956,"comment_status":"closed","ping_status":"open","sticky":false,"template":"","format":"standard","meta":{"_seopress_robots_primary_cat":"none","_seopress_titles_title":"","_seopress_titles_desc":"The UK\u2019s largest annual gathering of OEMs and engineering supply chain professionals","_seopress_robots_index":"","footnotes":""},"categories":[1845],"tags":[],"edition":[],"class_list":["post-70951","post","type-post","status-publish","format-standard","has-post-thumbnail","hentry","category-speakers-en"],"_links":{"self":[{"href":"https:\/\/www.advancedmanufacturingmadrid.com\/en\/wp-json\/wp\/v2\/posts\/70951","targetHints":{"allow":["GET"]}}],"collection":[{"href":"https:\/\/www.advancedmanufacturingmadrid.com\/en\/wp-json\/wp\/v2\/posts"}],"about":[{"href":"https:\/\/www.advancedmanufacturingmadrid.com\/en\/wp-json\/wp\/v2\/types\/post"}],"author":[{"embeddable":true,"href":"https:\/\/www.advancedmanufacturingmadrid.com\/en\/wp-json\/wp\/v2\/users\/1"}],"replies":[{"embeddable":true,"href":"https:\/\/www.advancedmanufacturingmadrid.com\/en\/wp-json\/wp\/v2\/comments?post=70951"}],"version-history":[{"count":0,"href":"https:\/\/www.advancedmanufacturingmadrid.com\/en\/wp-json\/wp\/v2\/posts\/70951\/revisions"}],"wp:featuredmedia":[{"embeddable":true,"href":"https:\/\/www.advancedmanufacturingmadrid.com\/en\/wp-json\/wp\/v2\/media\/70956"}],"wp:attachment":[{"href":"https:\/\/www.advancedmanufacturingmadrid.com\/en\/wp-json\/wp\/v2\/media?parent=70951"}],"wp:term":[{"taxonomy":"category","embeddable":true,"href":"https:\/\/www.advancedmanufacturingmadrid.com\/en\/wp-json\/wp\/v2\/categories?post=70951"},{"taxonomy":"post_tag","embeddable":true,"href":"https:\/\/www.advancedmanufacturingmadrid.com\/en\/wp-json\/wp\/v2\/tags?post=70951"},{"taxonomy":"edition","embeddable":true,"href":"https:\/\/www.advancedmanufacturingmadrid.com\/en\/wp-json\/wp\/v2\/edition?post=70951"}],"curies":[{"name":"wp","href":"https:\/\/api.w.org\/{rel}","templated":true}]}}