{"id":73789,"date":"2022-02-01T10:40:44","date_gmt":"2022-02-01T09:40:44","guid":{"rendered":"https:\/\/www.advancedmanufacturingmadrid.com\/?p=73789"},"modified":"2022-02-01T10:41:06","modified_gmt":"2022-02-01T09:41:06","slug":"on-the-sofa-with-marc-vidal","status":"publish","type":"post","link":"https:\/\/www.advancedmanufacturingmadrid.com\/en\/2022\/02\/01\/on-the-sofa-with-marc-vidal\/","title":{"rendered":"On the sofa with\u2026 Marc Vidal"},"content":{"rendered":"\t\t<div data-elementor-type=\"wp-post\" data-elementor-id=\"73789\" class=\"elementor elementor-73789 elementor-73788\" data-elementor-post-type=\"post\">\n\t\t\t\t\t\t<section class=\"elementor-section elementor-top-section elementor-element elementor-element-4019e891 elementor-section-boxed elementor-section-height-default elementor-section-height-default\" data-id=\"4019e891\" data-element_type=\"section\">\n\t\t\t\t\t\t<div class=\"elementor-container elementor-column-gap-default\">\n\t\t\t\t\t<div class=\"elementor-column elementor-col-50 elementor-top-column elementor-element elementor-element-5c0a80cf\" data-id=\"5c0a80cf\" data-element_type=\"column\">\n\t\t\t<div class=\"elementor-widget-wrap elementor-element-populated\">\n\t\t\t\t\t\t<div class=\"elementor-element elementor-element-1152dc41 elementor-invisible elementor-widget elementor-widget-heading\" data-id=\"1152dc41\" data-element_type=\"widget\" data-settings=\"{&quot;_animation&quot;:&quot;fadeInUp&quot;}\" data-widget_type=\"heading.default\">\n\t\t\t\t<div class=\"elementor-widget-container\">\n\t\t\t\t\t<h1 class=\"elementor-heading-title elementor-size-default\">On the sofa with\u2026 Marc Vidal<\/h1>\t\t\t\t<\/div>\n\t\t\t\t<\/div>\n\t\t\t\t<section class=\"elementor-section elementor-inner-section elementor-element elementor-element-6809159 elementor-section-boxed elementor-section-height-default elementor-section-height-default\" data-id=\"6809159\" data-element_type=\"section\">\n\t\t\t\t\t\t<div class=\"elementor-container elementor-column-gap-default\">\n\t\t\t\t\t<div class=\"elementor-column elementor-col-100 elementor-inner-column elementor-element elementor-element-b461c00\" data-id=\"b461c00\" data-element_type=\"column\">\n\t\t\t<div class=\"elementor-widget-wrap\">\n\t\t\t\t\t\t\t<\/div>\n\t\t<\/div>\n\t\t\t\t\t<\/div>\n\t\t<\/section>\n\t\t\t\t<section class=\"elementor-section elementor-inner-section elementor-element elementor-element-a3949d2 elementor-section-boxed elementor-section-height-default elementor-section-height-default\" data-id=\"a3949d2\" data-element_type=\"section\">\n\t\t\t\t\t\t<div class=\"elementor-container elementor-column-gap-default\">\n\t\t\t\t\t<div class=\"elementor-column elementor-col-50 elementor-inner-column elementor-element elementor-element-7c5ca1d\" data-id=\"7c5ca1d\" data-element_type=\"column\">\n\t\t\t<div class=\"elementor-widget-wrap elementor-element-populated\">\n\t\t\t\t\t\t<div class=\"elementor-element elementor-element-23fd49c elementor-widget elementor-widget-image\" data-id=\"23fd49c\" data-element_type=\"widget\" data-widget_type=\"image.default\">\n\t\t\t\t<div class=\"elementor-widget-container\">\n\t\t\t\t\t\t\t\t\t\t\t\t\t\t\t<img fetchpriority=\"high\" decoding=\"async\" width=\"400\" height=\"400\" src=\"https:\/\/easyfairsassets.com\/sites\/79\/2021\/10\/marc-vidal-destacada.png\" class=\"attachment-large size-large wp-image-73792\" alt=\"\" srcset=\"https:\/\/easyfairsassets.com\/sites\/79\/2021\/10\/marc-vidal-destacada.png 400w, https:\/\/easyfairsassets.com\/sites\/79\/2021\/10\/marc-vidal-destacada-300x300.png 300w, https:\/\/easyfairsassets.com\/sites\/79\/2021\/10\/marc-vidal-destacada-150x150.png 150w\" sizes=\"(max-width: 400px) 100vw, 400px\" \/>\t\t\t\t\t\t\t\t\t\t\t\t\t\t\t<\/div>\n\t\t\t\t<\/div>\n\t\t\t\t<div class=\"elementor-element elementor-element-39e7326 elementor-widget elementor-widget-text-editor\" data-id=\"39e7326\" data-element_type=\"widget\" data-widget_type=\"text-editor.default\">\n\t\t\t\t<div class=\"elementor-widget-container\">\n\t\t\t\t\t\t\t\t\t<p><b>Marc Vidal <\/b>\u2013 Conferenciante y consultor en Transformaci\u00f3n Digital. Analista econ\u00f3mico y divulgador tecnol\u00f3gico<\/p>\n\t\t\t\t\t\t\t\t<\/div>\n\t\t\t\t<\/div>\n\t\t\t\t\t<\/div>\n\t\t<\/div>\n\t\t\t\t<div class=\"elementor-column elementor-col-50 elementor-inner-column elementor-element elementor-element-c076b83\" data-id=\"c076b83\" data-element_type=\"column\">\n\t\t\t<div class=\"elementor-widget-wrap elementor-element-populated\">\n\t\t\t\t\t\t<div class=\"elementor-element elementor-element-c30401f elementor-widget elementor-widget-text-editor\" data-id=\"c30401f\" data-element_type=\"widget\" data-widget_type=\"text-editor.default\">\n\t\t\t\t<div class=\"elementor-widget-container\">\n\t\t\t\t\t\t\t\t\t<p><strong><b>MM \u2013 La pandemia nos ha obligado a acelerar los procesos digitales en las empresas \u00bfEn qu\u00e9 niveles de transformaci\u00f3n digital est\u00e1 el tejido empresarial en nuestro pa\u00eds?<\/b><\/strong><\/p>\n<p><strong>Marc Vidal &#8211;<\/strong><span style=\"font-size: 16px\">El siglo XXI empez\u00f3 con dos d\u00e9cadas de retraso. En <\/span>concreto lo hizo en marzo de 2020. Aun no lo percibimos en toda su intensidad, pues se precisa perspectiva para verlo en toda su dimensi\u00f3n. Lo descubriremos en unos a\u00f1os, cuando se estudien las repercusiones en las relaciones laborales, personales, culturales y econ\u00f3micas de todo lo que ha pasado en los \u00faltimos meses. Ser\u00e1 en el \u00e1mbito acerca del puesto de trabajo, que esos cambios habr\u00e1n sido absolutamente radicales. Algo que, aunque lo parezca, no tiene que ver tanto con el teletrabajo u otras variables tecnol\u00f3gicas, sino con el conjunto de transformaciones que estamos sufriendo precisamente de la mano de esa tecnolog\u00eda y del modo en el que trabajamos con ella. Es mucho m\u00e1s profundo de lo aparente. Por eso el an\u00e1lisis sobre como est\u00e1 ahora mismo ese tejido es complicado de ver. No obstante a veces se nos llena la boca de progresos tecnol\u00f3gico y de nuevas tecnolog\u00edas pero la verdad es que la aportaci\u00f3n a la exportaci\u00f3n total espa\u00f1ola que generan las tecnolog\u00edas de investigaci\u00f3n no llega al 5%. Hay mucho que hacer.<\/p>\n\t\t\t\t\t\t\t\t<\/div>\n\t\t\t\t<\/div>\n\t\t\t\t\t<\/div>\n\t\t<\/div>\n\t\t\t\t\t<\/div>\n\t\t<\/section>\n\t\t\t\t<section class=\"elementor-section elementor-inner-section elementor-element elementor-element-91bf696 elementor-section-boxed elementor-section-height-default elementor-section-height-default\" data-id=\"91bf696\" data-element_type=\"section\">\n\t\t\t\t\t\t<div class=\"elementor-container elementor-column-gap-default\">\n\t\t\t\t\t<div class=\"elementor-column elementor-col-100 elementor-inner-column elementor-element elementor-element-8415bf5\" data-id=\"8415bf5\" data-element_type=\"column\">\n\t\t\t<div class=\"elementor-widget-wrap elementor-element-populated\">\n\t\t\t\t\t\t<div class=\"elementor-element elementor-element-7f14f61 elementor-widget elementor-widget-text-editor\" data-id=\"7f14f61\" data-element_type=\"widget\" data-widget_type=\"text-editor.default\">\n\t\t\t\t<div class=\"elementor-widget-container\">\n\t\t\t\t\t\t\t\t\t<p><strong>MM \u2013 La Inteligencia Artificial est\u00e1 cada vez m\u00e1s presente en nuestros procesos diarios. \u00bfEs un signo de que estamos viviendo ya la 5\u00aa Revoluci\u00f3n Industrial?<\/strong><\/p>\n<p><strong>M. Vidal \u2013<\/strong>No, la 5a revoluci\u00f3n tiene que ver con la singularidad tecnol\u00f3gica, un escenario que aun le queda bastante por llegar. Como m\u00ednimo unos 15 a\u00f1os. A\u00fan nos toca pasar lo que se denomina \u2018fase neutra\u2019 que se sucede cuando confluye el final de una revoluci\u00f3n (la cuarta en nuestro caso) y el inicio de la nueva. Esa fase neutra genera una cierta sensaci\u00f3n de crisis en t\u00e9rminos laborales y sociales que se superan con el tiempo y mejoran todo. Alrededor de 1870, durante una de las mayores crisis que ha vivido la humanidad, se patentaron la bombilla, el tel\u00e9fono, el fon\u00f3grafo, la red el\u00e9ctrica y el metro urbano. Volver\u00e1 a pasar. En todas las cosas que los robots y software nos sustituir\u00e1n tendr\u00e1n que ver con la fuerza f\u00edsica o la fuerza bruta computacional ya sea vinculada al c\u00e1lculo o la inteligencia artificial derivada. De momento mientras llega la singularidad tecnol\u00f3gica, ese momento en el que los robots no nos necesiten para existir y regenerarse, no afectar\u00e1 a la creatividad, al detalle, a la empat\u00eda o las relaciones humanas.<\/p>\n<p><b>MM \u2013 La automatizaci\u00f3n del trabajo ya es una realidad. \u00bfC\u00f3mo crees que ser\u00e1n los trabajos del futuro?<\/b><\/p>\n<p><b>M. Vidal<\/b>\u2013 Algo ha cambiado para siempre. El puesto de trabajo exige una nueva definici\u00f3n. Seguramente, el propio contrato social que denominamos \u2018empleo\u2019 vaya cambiando. Por ejemplo, Amazon ha anunciado que permitir\u00e1 que sus trabajadores tecnol\u00f3gicos y corporativos contin\u00faen<br \/>trabajando de forma remota de forma indefinida, siempre que puedan viajar a la oficina cuando sea necesario. En definitiva, el nuevo empleo ya no es algo del futuro. El siglo XXI dej\u00f3 de esperar. Empez\u00f3 hace poco, pero acelera a una velocidad in\u00e9dita. Los robots (software y hardware) se ir\u00e1n<br \/>incorporando. No s\u00e9 como ser\u00e1 el empleo del futuro s\u00f3lo s\u00e9 que nos rodear\u00e1n todo tipo de m\u00e1quinas inteligentes. Y eso no ser\u00e1 un problema laboral. No perder\u00e1s tu trabajo en manos de un robot, lo perder\u00e1s en manos de una persona que se lleve mejor que t\u00fa con ese robot.<\/p>\n<p><b>MM \u2013 Respecto a la Industria 4.0, afirmas que no vivimos en una \u00e9poca de cambios, sino en un cambio de \u00e9poca. \u00bfCu\u00e1les son los principales retos que tenemos por delante?<\/b><\/p>\n<p><b>M. Vidal<\/b>\u2013 Las m\u00e1quinas son muy buenas respondiendo, pero no tanto invent\u00e1ndose preguntas. Cuando se invent\u00f3 la calculadora los matem\u00e1ticos pensaron que estaban muertos y que ya no eran necesarios. Pero no fue as\u00ed, desaparecieron los calculistas, pero los matem\u00e1ticos abrazaron el potencial tecnol\u00f3gico de las calculadoras para llegar a\u00fan m\u00e1s lejos y sofisticar enormemente sus<br \/>ecuaciones y sus preguntas. El talento actualmente ya es el gran valor a\u00f1adido de las empresas, pero en un futuro inmediato tener a personas con habilidades que no sean automatizables o digitalizables tendr\u00e1 un valor incalculable. La humanidad tiene ante s\u00ed una oportunidad may\u00fascula:<br \/>podemos ser, gracias a la tecnolog\u00eda, a\u00fan m\u00e1s humanos. Debemos abrazar la tecnolog\u00eda, \u00a1porque nos dar\u00e1 tiempo! Tiempo que podremos destinar a ser m\u00e1s humanos, es decir, a hacer cosas propias de las personas y no acciones mec\u00e1nicas o automatizables que ya pueden hacer las m\u00e1quinas, \u00a1ese es el gran reto!. La inteligencia artificial, la rob\u00f3tica, el big data, la tecnolog\u00eda 5G y otras herramientas tecnol\u00f3gicas que est\u00e1n por llegar son todas esas \u201cm\u00e1quinas\u201d que sit\u00faan a la humanidad ante el gran desaf\u00edo que implica entrar en la quinta revoluci\u00f3n industrial: c\u00f3mo convertimos el mundo que ahora conocemos en un mundo automatizable, que trabaje para nosotros y que nos permita hacer las cosas que nos distinguen como seres humanos.<\/p>\n<p><b>MM \u2013 El d\u00eda 17 de noviembre a las 12h estar\u00e1s en MetalMadrid, Composites y Robom\u00e1tica Madrid participando como Keynote del Congreso, \u00bfpor qu\u00e9 crees que son importantes este tipo de encuentros?<\/b><\/p>\n<p><b>M. Vidal<\/b>\u2013 Es importante porque el conocimiento se adquiere por contacto, conociendo las experiencias de tu competencia, proveedores, potenciales clientes y escuchando a profesionales de otros campos que te acercan otros escenarios econ\u00f3micos. En estos congresos la clave est\u00e1 en estar en beta constante. O sea, el futuro del empleo no sabemos cu\u00e1l va a ser, se va a estrechar en muchos \u00e1mbitos y se va a modificar en otros. Pero lo que est\u00e1 claro es que la \u00fanica actitud que t\u00fa puedes tener sobre eso que viene ahora es la de estar en aprendizaje continuo. Como nos hablan de que vivimos momentos de incertidumbre, tendremos que actuar sobre ello con garant\u00edas. Eventos as\u00ed nos ayudan pues si se analiza detenidamente el momento actual, se pueden descubrir muchas oportunidades para aportar valor a trav\u00e9s de transformar los procesos y los modelos. La incertidumbre no es un elemento negativo, sino un valor a\u00f1adido. Nos mantiene en beta constante, en aprendizaje, y eso es una ventaja. En MetalMadrid, Composites y Robom\u00e1tica Madrid podemos mantenernos en ese punto de aprendizaje y conocimiento. Ese es el valor principal que le veo.<\/p>\n<p><b>MM \u2013 Especialista en Transformaci\u00f3n Digital e Industria 4.0, consultor internacional, conferenciante de \u00e9xito, escritor\u2026 T\u00fa d\u00eda a d\u00eda debe ser una locura\u2026, pero, \u00bfc\u00f3mo es un d\u00eda normal en la vida de Marc Vidal?<\/b><\/p>\n<p><b>M. Vidal<\/b>\u2013Agotador&#8230; (risas)<\/p>\n\t\t\t\t\t\t\t\t<\/div>\n\t\t\t\t<\/div>\n\t\t\t\t\t<\/div>\n\t\t<\/div>\n\t\t\t\t\t<\/div>\n\t\t<\/section>\n\t\t\t\t\t<\/div>\n\t\t<\/div>\n\t\t\t\t<div class=\"elementor-column elementor-col-50 elementor-top-column elementor-element elementor-element-188aad1e\" data-id=\"188aad1e\" data-element_type=\"column\">\n\t\t\t<div class=\"elementor-widget-wrap elementor-element-populated\">\n\t\t\t\t\t\t<div class=\"elementor-element elementor-element-2d42a228 elementor-hidden-desktop elementor-hidden-tablet elementor-hidden-phone elementor-widget elementor-widget-wp-widget-adsanity-single\" data-id=\"2d42a228\" data-element_type=\"widget\" data-widget_type=\"wp-widget-adsanity-single.default\">\n\t\t\t\t<div class=\"elementor-widget-container\">\n\t\t\t\t\t\n<div id=\"ad-34445\" class=\"ad-300x250 adsanity-300x250  adsanity-\"\n><div class=\"adsanity-inner\">\n\n<div class=\"adsanity-gati\" data-title=\"MPU 1\"><a rel=\"nofollow\" href=\"https:\/\/www.advancedmanufacturingmadrid.com\/en\/ads\/mpu-1\/\"  target=\"_blank\"><img decoding=\"async\" width=\"300\" height=\"250\" src=\"https:\/\/easyfairsassets.com\/sites\/79\/2020\/12\/300-x-250_Risk.jpg\" class=\"no-lazy-load wp-post-image\" alt=\"\" \/><\/a><\/div>\n<\/div><\/div>\n\n\t\t\t\t<\/div>\n\t\t\t\t<\/div>\n\t\t\t\t<div class=\"elementor-element elementor-element-12da316 elementor-grid-1 elementor-posts--thumbnail-none elementor-grid-tablet-1 elementor-grid-mobile-1 elementor-widget elementor-widget-posts\" data-id=\"12da316\" data-element_type=\"widget\" data-settings=\"{&quot;classic_columns&quot;:&quot;1&quot;,&quot;classic_row_gap&quot;:{&quot;unit&quot;:&quot;px&quot;,&quot;size&quot;:&quot;23&quot;,&quot;sizes&quot;:[]},&quot;classic_columns_tablet&quot;:&quot;1&quot;,&quot;_animation&quot;:&quot;none&quot;,&quot;classic_columns_mobile&quot;:&quot;1&quot;,&quot;classic_row_gap_tablet&quot;:{&quot;unit&quot;:&quot;px&quot;,&quot;size&quot;:&quot;&quot;,&quot;sizes&quot;:[]},&quot;classic_row_gap_mobile&quot;:{&quot;unit&quot;:&quot;px&quot;,&quot;size&quot;:&quot;&quot;,&quot;sizes&quot;:[]}}\" data-widget_type=\"posts.classic\">\n\t\t\t\t<div class=\"elementor-widget-container\">\n\t\t\t\t\t\t\t<div class=\"elementor-posts-container elementor-posts elementor-posts--skin-classic elementor-grid\" role=\"list\">\n\t\t\t\t<article class=\"elementor-post elementor-grid-item post-453712 post type-post status-publish format-standard has-post-thumbnail hentry category-advanced-manfuctaring-news-en category-the-great-innovators-en category-uncategorized tag-advancedmanufacturing-en tag-industria-en tag-industria-4-0 tag-industrial-digitisation tag-product-development tag-siemens-en\" role=\"listitem\">\n\t\t\t\t<div class=\"elementor-post__text\">\n\t\t\t\t<h3 class=\"elementor-post__title\">\n\t\t\t<a href=\"https:\/\/www.advancedmanufacturingmadrid.com\/en\/2025\/08\/27\/ec-international-group-excellence-in-prototyping-and-small-batch-production-from-metal-to-plastic\/\" >\n\t\t\t\tEC International Group: excellence in prototyping and small-batch production, from metal to plastic\t\t\t<\/a>\n\t\t<\/h3>\n\t\t\t\t<div class=\"elementor-post__excerpt\">\n\t\t\t<p>EC International Group: Excellence in Prototyping and Small-Series Production, from Metal to Plastic In an industrial environment that increasingly demands performance, agility, and quality, combining<\/p>\n\t\t<\/div>\n\t\t\n\t\t<a class=\"elementor-post__read-more\" href=\"https:\/\/www.advancedmanufacturingmadrid.com\/en\/2025\/08\/27\/ec-international-group-excellence-in-prototyping-and-small-batch-production-from-metal-to-plastic\/\" aria-label=\"Read more about EC International Group: excellence in prototyping and small-batch production, from metal to plastic\" tabindex=\"-1\" >\n\t\t\tRead More \u00bb\t\t<\/a>\n\n\t\t\t\t<\/div>\n\t\t\t\t<\/article>\n\t\t\t\t<article class=\"elementor-post elementor-grid-item post-453401 post type-post status-publish format-standard has-post-thumbnail hentry category-on-the-sofa-with-en category-uncategorized tag-advancedmanufacturing-en tag-entrevista-en tag-industria-en tag-innovacion-en tag-innovation-en-2 tag-seguridad-en tag-sostenibilidad-en tag-talgo-en\" role=\"listitem\">\n\t\t\t\t<div class=\"elementor-post__text\">\n\t\t\t\t<h3 class=\"elementor-post__title\">\n\t\t\t<a href=\"https:\/\/www.advancedmanufacturingmadrid.com\/en\/2025\/08\/22\/on-the-sofa-with-eduardo-de-la-guerra-project-manager-at-talgo-in-the-innovation-department-talgo\/\" >\n\t\t\t\tOn the sofa with&#8230; Eduardo de la Guerra &#8211; Project Manager at Talgo in the Innovation Department | Talgo\t\t\t<\/a>\n\t\t<\/h3>\n\t\t\t\t<div class=\"elementor-post__excerpt\">\n\t\t\t<p><span style=\"color: #1d2129; font-family: -apple-system, BlinkMacSystemFont, 'Segoe UI', Roboto, Oxygen-Sans, Ubuntu, Cantarell, 'Helvetica Neue', sans-serif; font-weight: bold; background-color: #f2f3f5;\">On the sofa with&#8230; Eduardo de la Guerra &#8211; jefe de proyectos en talgo en la direcci\u00f3n de innovacion | Talgo\u00a0<\/span><\/p>\n\t\t<\/div>\n\t\t\n\t\t<a class=\"elementor-post__read-more\" href=\"https:\/\/www.advancedmanufacturingmadrid.com\/en\/2025\/08\/22\/on-the-sofa-with-eduardo-de-la-guerra-project-manager-at-talgo-in-the-innovation-department-talgo\/\" aria-label=\"Read more about On the sofa with&#8230; Eduardo de la Guerra &#8211; Project Manager at Talgo in the Innovation Department | Talgo\" tabindex=\"-1\" >\n\t\t\tRead More \u00bb\t\t<\/a>\n\n\t\t\t\t<\/div>\n\t\t\t\t<\/article>\n\t\t\t\t<article class=\"elementor-post elementor-grid-item post-453264 post type-post status-publish format-standard has-post-thumbnail hentry category-advanced-manfuctaring-news-en category-interviews category-on-the-sofa-with-en tag-advancedmanufacturing-en tag-digitaltwins tag-entrevista-en tag-ia-en tag-industria-en tag-innovation-en-2 tag-silvialeal-en\" role=\"listitem\">\n\t\t\t\t<div class=\"elementor-post__text\">\n\t\t\t\t<h3 class=\"elementor-post__title\">\n\t\t\t<a href=\"https:\/\/www.advancedmanufacturingmadrid.com\/en\/2025\/08\/20\/on-the-sofa-with-silvia-leal\/\" >\n\t\t\t\tOn the sofa with&#8230; Silvia Leal\t\t\t<\/a>\n\t\t<\/h3>\n\t\t\t\t<div class=\"elementor-post__excerpt\">\n\t\t\t<p><span style=\"color: #1d2129; font-family: -apple-system, BlinkMacSystemFont, 'Segoe UI', Roboto, Oxygen-Sans, Ubuntu, Cantarell, 'Helvetica Neue', sans-serif; font-weight: bold; background-color: #f2f3f5;\">On the sofa with&#8230; Silvia Leal, Experta en Tendencias de Futuro &amp; Inteligencia Artificial, Asesora de OCDE &amp; UE, Keynote Speaker<\/span><\/p>\n\t\t<\/div>\n\t\t\n\t\t<a class=\"elementor-post__read-more\" href=\"https:\/\/www.advancedmanufacturingmadrid.com\/en\/2025\/08\/20\/on-the-sofa-with-silvia-leal\/\" aria-label=\"Read more about On the sofa with&#8230; Silvia Leal\" tabindex=\"-1\" >\n\t\t\tRead More \u00bb\t\t<\/a>\n\n\t\t\t\t<\/div>\n\t\t\t\t<\/article>\n\t\t\t\t<article class=\"elementor-post elementor-grid-item post-453262 post type-post status-publish format-standard has-post-thumbnail hentry category-advanced-manfuctaring-news-en category-the-great-innovators-en category-uncategorized tag-advancedmanufacturing-en tag-industria-en tag-industria-4-0 tag-industrial-digitisation tag-product-development tag-siemens-en\" role=\"listitem\">\n\t\t\t\t<div class=\"elementor-post__text\">\n\t\t\t\t<h3 class=\"elementor-post__title\">\n\t\t\t<a href=\"https:\/\/www.advancedmanufacturingmadrid.com\/en\/2025\/08\/20\/behind-the-innovations-jaime-ruesca-ceo-de-prismacim\/\" >\n\t\t\t\tBehind the innovations: Jaime Ruesca, CEO de PRISMACIM\t\t\t<\/a>\n\t\t<\/h3>\n\t\t\t\t<div class=\"elementor-post__excerpt\">\n\t\t\t<p>Jaime Ruesca &#8211; CEO Prismacim 1. What motivated you to start developing this product? At Prismacim, we contribute to the development of innovative products in<\/p>\n\t\t<\/div>\n\t\t\n\t\t<a class=\"elementor-post__read-more\" href=\"https:\/\/www.advancedmanufacturingmadrid.com\/en\/2025\/08\/20\/behind-the-innovations-jaime-ruesca-ceo-de-prismacim\/\" aria-label=\"Read more about Behind the innovations: Jaime Ruesca, CEO de PRISMACIM\" tabindex=\"-1\" >\n\t\t\tRead More \u00bb\t\t<\/a>\n\n\t\t\t\t<\/div>\n\t\t\t\t<\/article>\n\t\t\t\t<\/div>\n\t\t\n\t\t\t\t\t\t<\/div>\n\t\t\t\t<\/div>\n\t\t\t\t<div class=\"elementor-element elementor-element-1d1f32af elementor-hidden-desktop elementor-hidden-tablet elementor-hidden-phone elementor-widget elementor-widget-wp-widget-adsanity-single\" data-id=\"1d1f32af\" data-element_type=\"widget\" data-widget_type=\"wp-widget-adsanity-single.default\">\n\t\t\t\t<div class=\"elementor-widget-container\">\n\t\t\t\t\t\n<div id=\"ad-34447\" class=\"ad-300x250 adsanity-300x250  adsanity-\"\n><div class=\"adsanity-inner\">\n\n<div class=\"adsanity-gati\" data-title=\"MPU 2\"><a rel=\"nofollow\" href=\"https:\/\/www.advancedmanufacturingmadrid.com\/en\/ads\/mpu-2\/\"  target=\"_blank\"><img decoding=\"async\" width=\"300\" height=\"250\" src=\"https:\/\/easyfairsassets.com\/sites\/79\/2020\/12\/300-x-250_Interiors.jpg\" class=\"no-lazy-load wp-post-image\" alt=\"\" \/><\/a><\/div>\n<\/div><\/div>\n\n\t\t\t\t<\/div>\n\t\t\t\t<\/div>\n\t\t\t\t<div class=\"elementor-element elementor-element-1d7b1acf elementor-hidden-desktop elementor-hidden-tablet elementor-hidden-phone elementor-widget elementor-widget-wp-widget-adsanity-single\" data-id=\"1d7b1acf\" data-element_type=\"widget\" data-widget_type=\"wp-widget-adsanity-single.default\">\n\t\t\t\t<div class=\"elementor-widget-container\">\n\t\t\t\t\t\n<div id=\"ad-34449\" class=\"ad-300x250 adsanity-300x250  adsanity-\"\n><div class=\"adsanity-inner\">\n\n<div class=\"adsanity-gati\" data-title=\"MPU 3\"><a rel=\"nofollow\" href=\"https:\/\/www.advancedmanufacturingmadrid.com\/en\/ads\/mpu-3\/\"  target=\"_blank\"><img loading=\"lazy\" decoding=\"async\" width=\"300\" height=\"250\" src=\"https:\/\/easyfairsassets.com\/sites\/79\/2020\/12\/300-x-250_Honeywell.jpg\" class=\"no-lazy-load wp-post-image\" alt=\"\" \/><\/a><\/div>\n<\/div><\/div>\n\n\t\t\t\t<\/div>\n\t\t\t\t<\/div>\n\t\t\t\t<div class=\"elementor-element elementor-element-690d6e9 elementor-hidden-desktop elementor-hidden-tablet elementor-hidden-phone elementor-widget elementor-widget-wp-widget-adsanity-single\" data-id=\"690d6e9\" data-element_type=\"widget\" data-widget_type=\"wp-widget-adsanity-single.default\">\n\t\t\t\t<div class=\"elementor-widget-container\">\n\t\t\t\t\t\n<div id=\"ad-34451\" class=\"ad-300x250 adsanity-300x250  adsanity-\"\n><div class=\"adsanity-inner\">\n\n<div class=\"adsanity-gati\" data-title=\"MPU 4\"><a rel=\"nofollow\" href=\"https:\/\/www.advancedmanufacturingmadrid.com\/en\/ads\/mpu-4\/\"  target=\"_blank\"><img loading=\"lazy\" decoding=\"async\" width=\"300\" height=\"250\" src=\"https:\/\/easyfairsassets.com\/sites\/79\/2020\/12\/300-x-250_Edoc.jpg\" class=\"no-lazy-load wp-post-image\" alt=\"\" \/><\/a><\/div>\n<\/div><\/div>\n\n\t\t\t\t<\/div>\n\t\t\t\t<\/div>\n\t\t\t\t\t<\/div>\n\t\t<\/div>\n\t\t\t\t\t<\/div>\n\t\t<\/section>\n\t\t\t\t<section class=\"elementor-section elementor-top-section elementor-element elementor-element-538f6e00 elementor-section-full_width elementor-section-height-default elementor-section-height-default\" data-id=\"538f6e00\" data-element_type=\"section\">\n\t\t\t\t\t\t<div class=\"elementor-container elementor-column-gap-default\">\n\t\t\t\t\t<div class=\"elementor-column elementor-col-100 elementor-top-column elementor-element elementor-element-2e5a66e9\" data-id=\"2e5a66e9\" data-element_type=\"column\">\n\t\t\t<div class=\"elementor-widget-wrap elementor-element-populated\">\n\t\t\t\t\t\t<div class=\"elementor-element elementor-element-46a66c4d elementor-widget-divider--view-line elementor-widget elementor-widget-divider\" data-id=\"46a66c4d\" data-element_type=\"widget\" data-widget_type=\"divider.default\">\n\t\t\t\t<div class=\"elementor-widget-container\">\n\t\t\t\t\t\t\t<div class=\"elementor-divider\">\n\t\t\t<span class=\"elementor-divider-separator\">\n\t\t\t\t\t\t<\/span>\n\t\t<\/div>\n\t\t\t\t\t\t<\/div>\n\t\t\t\t<\/div>\n\t\t\t\t<div class=\"elementor-element elementor-element-42d0a3ec elementor-widget elementor-widget-text-editor\" data-id=\"42d0a3ec\" data-element_type=\"widget\" data-widget_type=\"text-editor.default\">\n\t\t\t\t<div class=\"elementor-widget-container\">\n\t\t\t\t\t\t\t\t\t<p><span style=\"vertical-align: inherit\"><span style=\"vertical-align: inherit\"><span style=\"vertical-align: inherit\"><span style=\"vertical-align: inherit\"><span style=\"vertical-align: inherit\"><span style=\"vertical-align: inherit\">Share this article<\/span><\/span><\/span><\/span><\/span><\/span><\/p>\n\t\t\t\t\t\t\t\t<\/div>\n\t\t\t\t<\/div>\n\t\t\t\t<div class=\"elementor-element elementor-element-78cc7a5 elementor-share-buttons--view-icon elementor-share-buttons--skin-flat elementor-share-buttons--shape-circle elementor-share-buttons--color-custom elementor-grid-0 elementor-widget elementor-widget-share-buttons\" data-id=\"78cc7a5\" data-element_type=\"widget\" data-widget_type=\"share-buttons.default\">\n\t\t\t\t<div class=\"elementor-widget-container\">\n\t\t\t\t\t\t\t<div class=\"elementor-grid\" role=\"list\">\n\t\t\t\t\t\t\t\t<div class=\"elementor-grid-item\" role=\"listitem\">\n\t\t\t\t\t\t<div class=\"elementor-share-btn elementor-share-btn_facebook\" role=\"button\" tabindex=\"0\" aria-label=\"Share on facebook\">\n\t\t\t\t\t\t\t\t\t\t\t\t\t\t\t<span class=\"elementor-share-btn__icon\">\n\t\t\t\t\t\t\t\t<i class=\"fab fa-facebook\" aria-hidden=\"true\"><\/i>\t\t\t\t\t\t\t<\/span>\n\t\t\t\t\t\t\t\t\t\t\t\t\t\t\t\t\t\t\t\t<\/div>\n\t\t\t\t\t<\/div>\n\t\t\t\t\t\t\t\t\t<div class=\"elementor-grid-item\" role=\"listitem\">\n\t\t\t\t\t\t<div class=\"elementor-share-btn elementor-share-btn_twitter\" role=\"button\" tabindex=\"0\" aria-label=\"Share on twitter\">\n\t\t\t\t\t\t\t\t\t\t\t\t\t\t\t<span class=\"elementor-share-btn__icon\">\n\t\t\t\t\t\t\t\t<i class=\"fab fa-twitter\" aria-hidden=\"true\"><\/i>\t\t\t\t\t\t\t<\/span>\n\t\t\t\t\t\t\t\t\t\t\t\t\t\t\t\t\t\t\t\t<\/div>\n\t\t\t\t\t<\/div>\n\t\t\t\t\t\t\t\t\t<div class=\"elementor-grid-item\" role=\"listitem\">\n\t\t\t\t\t\t<div class=\"elementor-share-btn elementor-share-btn_linkedin\" role=\"button\" tabindex=\"0\" aria-label=\"Share on linkedin\">\n\t\t\t\t\t\t\t\t\t\t\t\t\t\t\t<span class=\"elementor-share-btn__icon\">\n\t\t\t\t\t\t\t\t<i class=\"fab fa-linkedin\" aria-hidden=\"true\"><\/i>\t\t\t\t\t\t\t<\/span>\n\t\t\t\t\t\t\t\t\t\t\t\t\t\t\t\t\t\t\t\t<\/div>\n\t\t\t\t\t<\/div>\n\t\t\t\t\t\t<\/div>\n\t\t\t\t\t\t<\/div>\n\t\t\t\t<\/div>\n\t\t\t\t\t<\/div>\n\t\t<\/div>\n\t\t\t\t\t<\/div>\n\t\t<\/section>\n\t\t\t\t<\/div>\n\t\t","protected":false},"excerpt":{"rendered":"<p>Marc Vidal \u2013 Conferenciante y consultor en Transformaci\u00f3n Digital. Analista econ\u00f3mico y divulgador tecnol\u00f3gico MM \u2013 La pandemia nos ha obligado a acelerar los procesos digitales en las empresas \u00bfEn qu\u00e9 niveles de transformaci\u00f3n digital est\u00e1 el tejido empresarial en nuestro pa\u00eds? Marc Vidal &#8211;El siglo XXI empez\u00f3 con dos d\u00e9cadas de retraso. En concreto [&hellip;]<\/p>\n","protected":false},"author":1,"featured_media":73792,"comment_status":"closed","ping_status":"closed","sticky":false,"template":"","format":"standard","meta":{"_seopress_robots_primary_cat":"none","_seopress_titles_title":"","_seopress_titles_desc":"","_seopress_robots_index":"","footnotes":""},"categories":[343,1428],"tags":[1897,1503,1896],"edition":[],"class_list":["post-73789","post","type-post","status-publish","format-standard","has-post-thumbnail","hentry","category-advanced-manfuctaring-news-en","category-on-the-sofa-with-en","tag-enac-en","tag-entrevista-en","tag-ignacio-pina-en"],"_links":{"self":[{"href":"https:\/\/www.advancedmanufacturingmadrid.com\/en\/wp-json\/wp\/v2\/posts\/73789","targetHints":{"allow":["GET"]}}],"collection":[{"href":"https:\/\/www.advancedmanufacturingmadrid.com\/en\/wp-json\/wp\/v2\/posts"}],"about":[{"href":"https:\/\/www.advancedmanufacturingmadrid.com\/en\/wp-json\/wp\/v2\/types\/post"}],"author":[{"embeddable":true,"href":"https:\/\/www.advancedmanufacturingmadrid.com\/en\/wp-json\/wp\/v2\/users\/1"}],"replies":[{"embeddable":true,"href":"https:\/\/www.advancedmanufacturingmadrid.com\/en\/wp-json\/wp\/v2\/comments?post=73789"}],"version-history":[{"count":0,"href":"https:\/\/www.advancedmanufacturingmadrid.com\/en\/wp-json\/wp\/v2\/posts\/73789\/revisions"}],"wp:featuredmedia":[{"embeddable":true,"href":"https:\/\/www.advancedmanufacturingmadrid.com\/en\/wp-json\/wp\/v2\/media\/73792"}],"wp:attachment":[{"href":"https:\/\/www.advancedmanufacturingmadrid.com\/en\/wp-json\/wp\/v2\/media?parent=73789"}],"wp:term":[{"taxonomy":"category","embeddable":true,"href":"https:\/\/www.advancedmanufacturingmadrid.com\/en\/wp-json\/wp\/v2\/categories?post=73789"},{"taxonomy":"post_tag","embeddable":true,"href":"https:\/\/www.advancedmanufacturingmadrid.com\/en\/wp-json\/wp\/v2\/tags?post=73789"},{"taxonomy":"edition","embeddable":true,"href":"https:\/\/www.advancedmanufacturingmadrid.com\/en\/wp-json\/wp\/v2\/edition?post=73789"}],"curies":[{"name":"wp","href":"https:\/\/api.w.org\/{rel}","templated":true}]}}