{"id":85008,"date":"2022-02-01T10:45:54","date_gmt":"2022-02-01T09:45:54","guid":{"rendered":"https:\/\/www.advancedmanufacturingmadrid.com\/?p=85008"},"modified":"2022-02-01T10:46:18","modified_gmt":"2022-02-01T09:46:18","slug":"on-the-sofa-with-ramon-lopez-director-general-del-grupo-ase","status":"publish","type":"post","link":"https:\/\/www.advancedmanufacturingmadrid.com\/en\/2022\/02\/01\/on-the-sofa-with-ramon-lopez-director-general-del-grupo-ase\/","title":{"rendered":"On the sofa with&#8230; Ram\u00f3n L\u00f3pez, Director General del Grupo ASE"},"content":{"rendered":"\t\t<div data-elementor-type=\"wp-post\" data-elementor-id=\"85008\" class=\"elementor elementor-85008 elementor-85007\" data-elementor-post-type=\"post\">\n\t\t\t\t\t\t<section class=\"elementor-section elementor-top-section elementor-element elementor-element-4019e891 elementor-section-boxed elementor-section-height-default elementor-section-height-default\" data-id=\"4019e891\" data-element_type=\"section\">\n\t\t\t\t\t\t<div class=\"elementor-container elementor-column-gap-default\">\n\t\t\t\t\t<div class=\"elementor-column elementor-col-50 elementor-top-column elementor-element elementor-element-5c0a80cf\" data-id=\"5c0a80cf\" data-element_type=\"column\">\n\t\t\t<div class=\"elementor-widget-wrap elementor-element-populated\">\n\t\t\t\t\t\t<div class=\"elementor-element elementor-element-1152dc41 elementor-invisible elementor-widget elementor-widget-heading\" data-id=\"1152dc41\" data-element_type=\"widget\" data-settings=\"{&quot;_animation&quot;:&quot;fadeInUp&quot;}\" data-widget_type=\"heading.default\">\n\t\t\t\t<div class=\"elementor-widget-container\">\n\t\t\t\t\t<h1 class=\"elementor-heading-title elementor-size-default\">On the sofa with&#8230; Ram\u00f3n L\u00f3pez, Director General del Grupo ASE<\/h1>\t\t\t\t<\/div>\n\t\t\t\t<\/div>\n\t\t\t\t<section class=\"elementor-section elementor-inner-section elementor-element elementor-element-6809159 elementor-section-boxed elementor-section-height-default elementor-section-height-default\" data-id=\"6809159\" data-element_type=\"section\">\n\t\t\t\t\t\t<div class=\"elementor-container elementor-column-gap-default\">\n\t\t\t\t\t<div class=\"elementor-column elementor-col-100 elementor-inner-column elementor-element elementor-element-b461c00\" data-id=\"b461c00\" data-element_type=\"column\">\n\t\t\t<div class=\"elementor-widget-wrap elementor-element-populated\">\n\t\t\t\t\t\t<div class=\"elementor-element elementor-element-83f9588 elementor-widget elementor-widget-video\" data-id=\"83f9588\" data-element_type=\"widget\" data-settings=\"{&quot;youtube_url&quot;:&quot;https:\\\/\\\/youtu.be\\\/WOghhNQgx_c&quot;,&quot;video_type&quot;:&quot;youtube&quot;,&quot;controls&quot;:&quot;yes&quot;}\" data-widget_type=\"video.default\">\n\t\t\t\t<div class=\"elementor-widget-container\">\n\t\t\t\t\t\t\t<div class=\"elementor-wrapper elementor-open-inline\">\n\t\t\t<div class=\"elementor-video\"><\/div>\t\t<\/div>\n\t\t\t\t\t\t<\/div>\n\t\t\t\t<\/div>\n\t\t\t\t\t<\/div>\n\t\t<\/div>\n\t\t\t\t\t<\/div>\n\t\t<\/section>\n\t\t\t\t<section class=\"elementor-section elementor-inner-section elementor-element elementor-element-d7d1b99 elementor-section-boxed elementor-section-height-default elementor-section-height-default\" data-id=\"d7d1b99\" data-element_type=\"section\">\n\t\t\t\t\t\t<div class=\"elementor-container elementor-column-gap-default\">\n\t\t\t\t\t<div class=\"elementor-column elementor-col-100 elementor-inner-column elementor-element elementor-element-681c607\" data-id=\"681c607\" data-element_type=\"column\">\n\t\t\t<div class=\"elementor-widget-wrap elementor-element-populated\">\n\t\t\t\t\t\t<div class=\"elementor-element elementor-element-13249ff elementor-widget elementor-widget-text-editor\" data-id=\"13249ff\" data-element_type=\"widget\" data-widget_type=\"text-editor.default\">\n\t\t\t\t<div class=\"elementor-widget-container\">\n\t\t\t\t\t\t\t\t\t<p style=\"text-align: center\"><b>Ram\u00f3n L\u00f3pez <\/b>\u2013 Director General del Grupo ASE<\/p>\n\t\t\t\t\t\t\t\t<\/div>\n\t\t\t\t<\/div>\n\t\t\t\t\t<\/div>\n\t\t<\/div>\n\t\t\t\t\t<\/div>\n\t\t<\/section>\n\t\t\t\t<section class=\"elementor-section elementor-inner-section elementor-element elementor-element-a3949d2 elementor-section-boxed elementor-section-height-default elementor-section-height-default\" data-id=\"a3949d2\" data-element_type=\"section\">\n\t\t\t\t\t\t<div class=\"elementor-container elementor-column-gap-default\">\n\t\t\t\t\t<div class=\"elementor-column elementor-col-100 elementor-inner-column elementor-element elementor-element-c076b83\" data-id=\"c076b83\" data-element_type=\"column\">\n\t\t\t<div class=\"elementor-widget-wrap elementor-element-populated\">\n\t\t\t\t\t\t<div class=\"elementor-element elementor-element-c30401f elementor-widget elementor-widget-text-editor\" data-id=\"c30401f\" data-element_type=\"widget\" data-widget_type=\"text-editor.default\">\n\t\t\t\t<div class=\"elementor-widget-container\">\n\t\t\t\t\t\t\t\t\t<p><strong>MM &#8211; \u00bfC\u00f3mo est\u00e1is viviendo la situaci\u00f3n actual de crisis energ\u00e9tica?<\/strong><\/p>\n<p><strong>Ram\u00f3n L\u00f3pez &#8211;<\/strong> Terriblemente mal. Nuestra parte fuerte del negocio est\u00e1 concentrada en el sector industrial y los sobrecostes que tiene en energ\u00eda el\u00e9ctrica el sector industrial, en muchos casos, est\u00e1n obligando a parar las f\u00e1bricas.<\/p>\n<p><strong>MM &#8211; \u00bfCu\u00e1l es la recomendaci\u00f3n b\u00e1sica que hac\u00e9is a vuestros clientes?<\/strong><\/p>\n<p><strong>R. <\/strong><strong style=\"font-size: 16px\">L\u00f3pez &#8211;<\/strong><span style=\"font-size: 16px\"> Yo creo que en este momento lo \u00fanico que toca es paciencia. Tener un tipo de contrataci\u00f3n en el mercado spot, a corto plazo, y esperar a que pueda pasar la tensi\u00f3n de inflaci\u00f3n que hay, debido especialmente al precio del gas. Pero el problema de fondo no es encontrar un mecanismo que construya adecuadamente el precio de la electricidad. El problema es de competencia, ya que los mercados de futuro no tienen liquidez, precisamente porque hay tres compa\u00f1\u00edas dominantes que al cerrarse contratos entre sus propias generaciones y los comercializadores de su propia empresa no acuden a los mercados de futuro, de tal manera que estos no tienen liquidez y quien quiere protegerse en los contratos de compra-venta de los mercados de futuro no lo podr\u00eda hacer. As\u00ed que hasta que no baje el mercado spot estaremos en una situaci\u00f3n similar.<\/span><\/p>\n<p><strong>MM &#8211; Teniendo en cuenta que la demanda de los pa\u00edses asi\u00e1ticos es creciente, \u00bfcu\u00e1l puede ser la evoluci\u00f3n del sector?<\/strong><\/p>\n<p><strong>R. <\/strong><strong style=\"font-size: 16px\">L\u00f3pez &#8211;<\/strong><span style=\"font-size: 16px\"> Nuestra valoraci\u00f3n del asunto es que, en general, a los sectores de las materias primas, miner\u00eda, energ\u00eda y luego sobre todo de lo que ser\u00eda industria b\u00e1sica que se encarga de abastecer al resto de industria, les han pillado con stocks muy bajos. Y claro, activar la oferta de la noche a la ma\u00f1ana es sencillamente imposible. Tenemos la impresi\u00f3n de que la oferta se va a ir adecuando poco a poco a la demanda a lo largo del primer semestre del a\u00f1o que viene. Y no creo que las tensiones inflacionistas sean superiores a las que ha habido ahora, debido sobre todo a China, Corea del Sur y Jap\u00f3n. Creemos que va a ir al rev\u00e9s, que la oferta va a ir creciendo y los precios se van a ir rebajando a lo largo del primer semestre.<\/span><\/p>\n<p><strong>MM &#8211; Sin embargo, la energ\u00eda e\u00f3lica ha disminuido su producci\u00f3n estos \u00faltimos meses. \u00bfLas energ\u00edas renovables van a poder de alguna forma sustituir a las energ\u00edas tradicionales a medio plazo?<\/strong><\/p>\n<p><strong style=\"font-size: 16px\">R. L\u00f3pez &#8211;<\/strong><span style=\"font-size: 16px\"> Sin duda, claro que las van a sustituir lo que pasa, que el problema, tal y como est\u00e1 organizado el mercado, el precio est\u00e1 marcado por lo que se denomina los precios privote, que son las tecnolog\u00edas que cierran el precio en la parte de arriba. En la medida en que baje el gas a nivel internacional y en la medida en que a nivel europeo vayan bajando los precios en los mercados de emisiones de CO2, el gas se ir\u00e1 relajando y asistiremos a unos precios en el mercado espa\u00f1ol que creemos que en el medio largo plazo van a ser los m\u00e1s baratos de toda la Uni\u00f3n Europea. Alguna vez lo hemos dicho, Espa\u00f1a est\u00e1 en condiciones de ser la Arabia Saudita de la Uni\u00f3n Europea a nivel el\u00e9ctrico, sin ninguna duda.<\/span><\/p>\n<p><strong>MM &#8211; \u00bfEn qu\u00e9 per\u00edodo de tiempo podr\u00eda suceder esto?<\/strong><\/p>\n<p><strong>R. <\/strong><strong style=\"font-size: 16px\">L\u00f3pez &#8211;<\/strong><span style=\"font-size: 16px\"> El Plan Nacional Integrado de Energ\u00eda de Clima prev\u00e9 un incremento de la generaci\u00f3n renovable en el entorno de 3000 megavatios por a\u00f1o. Calculo que en tres a\u00f1os nuestras previsiones probablemente se puedan cumplir. Adem\u00e1s, nos respaldamos en la evoluci\u00f3n de los precios de los mercados de futuro. El a\u00f1o 22 es car\u00edsimo, pero solo el primer trimestre. El a\u00f1o 23 es bastante m\u00e1s caro, el 24 cae pr\u00e1cticamente en picado el 25, 26 27 los precios, caen dr\u00e1sticamente.<\/span><\/p>\n<p><strong>MM &#8211; Yendo a un plano m\u00e1s terrenal, \u00bfC\u00f3mo definir\u00eda el trabajo de un asesor energ\u00e9tico?<\/strong><\/p>\n<p><strong style=\"font-size: 16px\">R. L\u00f3pez &#8211;<\/strong><span style=\"font-size: 16px\"> Es una parte del trabajo que tiene que hacer un agregador. Entre las distintas actividades que tiene que hacer el agregador est\u00e1 la consultor\u00eda o asesor\u00eda energ\u00e9tica. Es acompa\u00f1ar a los a los consumidores o clientes de energ\u00eda a lo largo del tiempo para que la gestionen adecuadamente. La gesti\u00f3n de la energ\u00eda probablemente empieza desde los diferentes modelos de compra o contrataci\u00f3n para el sector p\u00fablico hasta toda la gesti\u00f3n que hay que hacer luego con esa energ\u00eda e incluso la integraci\u00f3n de energ\u00eda de car\u00e1cter distribuido que puede hacer el consumidor.<\/span><\/p>\n<p><strong>MM &#8211; En el d\u00eda a d\u00eda, \u00bfcu\u00e1l es el aspecto m\u00e1s complejo de tu trabajo?<\/strong><\/p>\n<p><strong style=\"font-size: 16px\">R. L\u00f3pez &#8211;<\/strong><span style=\"font-size: 16px\"> La regulaci\u00f3n el\u00e9ctrica espa\u00f1ola, el tr\u00e1nsito desde las normas que nos damos a nivel europeo, la transici\u00f3n que se tiene que hacer de esa norma a la legislaci\u00f3n espa\u00f1ola. Yo creo que es lo m\u00e1s, lo m\u00e1s complicado. Y ahora estamos en una encrucijada. Hay unas normas europeas, se denominan paquete de invierno. Son cuatro reglamentos y cuatro directivas y la transposici\u00f3n de las directivas a la legislaci\u00f3n espa\u00f1ola es complicada y que adem\u00e1s necesita de un gobierno valiente para trasponer la directiva con todas sus consecuencias y aceptar un cambio de modelo del sector el\u00e9ctrico del actual que tenemos ahora, donde uno produce y todos los dem\u00e1s consumimos a otro donde la generaci\u00f3n el\u00e9ctrica debe ser distribuida y las redes el\u00e9ctricas van a dejar de ser monopolios naturales como son ahora, para hacer redes el\u00e9ctricas compartidas entre consumidores que tienen generaci\u00f3n propia con autoconsumo de peque\u00f1os generadores. Eso se llama desde hace m\u00e1s de una d\u00e9cada micro redes. Eso est\u00e1 escrito por la Uni\u00f3n Europea y hay que trasladarlo a la legislaci\u00f3n espa\u00f1ola.<\/span><\/p>\n<p><strong>MM &#8211; \u00bfPodr\u00edas definir en pocas palabras qu\u00e9 es \u201cSirus\u201d?<\/strong><\/p>\n<p><strong>R. L\u00f3pez &#8211;<\/strong> &#8220;Sirus&#8221; es un espacio virtual donde nosotros a nuestros clientes les trasladamos todo tipo de informaci\u00f3n de tipo t\u00e9cnica y econ\u00f3mica, de forma horaria por el suministro completo de electricidad, de tal manera que cualquier industria, tanto en la cabecera de la instalaci\u00f3n donde est\u00e1 el contador de la luz, para decirlo as\u00ed, como dentro de la propia empresa, hora por hora es capaz de determinar con exactitud matem\u00e1tica con precisi\u00f3n la energ\u00eda consumida, el importe en euros de esa energ\u00eda, cu\u00e1les son las emisiones de CO2 que esa m\u00e1quina o esa l\u00ednea de fabricaci\u00f3n est\u00e1 emitiendo de forma real y la energ\u00eda en unidades de energ\u00eda primaria se a\u00f1adir\u00e1n o toneladas equivalentes de petr\u00f3leo mega julios a la entrada del Sistema El\u00e9ctrico Nacional. Es un modelo de estudio de la eficiencia energ\u00e9tica para la industria para que sean m\u00e1s eficientes, intenten hacer entre comillas lo mismo, reduciendo su consumo y como consecuencia, el impacto econ\u00f3mico del suministro de energ\u00eda.<\/p>\n\t\t\t\t\t\t\t\t<\/div>\n\t\t\t\t<\/div>\n\t\t\t\t\t<\/div>\n\t\t<\/div>\n\t\t\t\t\t<\/div>\n\t\t<\/section>\n\t\t\t\t<section class=\"elementor-section elementor-inner-section elementor-element elementor-element-91bf696 elementor-section-boxed elementor-section-height-default elementor-section-height-default\" data-id=\"91bf696\" data-element_type=\"section\">\n\t\t\t\t\t\t<div class=\"elementor-container elementor-column-gap-default\">\n\t\t\t\t\t<div class=\"elementor-column elementor-col-100 elementor-inner-column elementor-element elementor-element-7c8aec0\" data-id=\"7c8aec0\" data-element_type=\"column\">\n\t\t\t<div class=\"elementor-widget-wrap\">\n\t\t\t\t\t\t\t<\/div>\n\t\t<\/div>\n\t\t\t\t\t<\/div>\n\t\t<\/section>\n\t\t\t\t\t<\/div>\n\t\t<\/div>\n\t\t\t\t<div class=\"elementor-column elementor-col-50 elementor-top-column elementor-element elementor-element-188aad1e\" data-id=\"188aad1e\" data-element_type=\"column\">\n\t\t\t<div class=\"elementor-widget-wrap elementor-element-populated\">\n\t\t\t\t\t\t<div class=\"elementor-element elementor-element-2d42a228 elementor-hidden-desktop elementor-hidden-tablet elementor-hidden-phone elementor-widget elementor-widget-wp-widget-adsanity-single\" data-id=\"2d42a228\" data-element_type=\"widget\" data-widget_type=\"wp-widget-adsanity-single.default\">\n\t\t\t\t<div class=\"elementor-widget-container\">\n\t\t\t\t\t\n<div id=\"ad-34445\" class=\"ad-300x250 adsanity-300x250  adsanity-\"\n><div class=\"adsanity-inner\">\n\n<div class=\"adsanity-gati\" data-title=\"MPU 1\"><a rel=\"nofollow\" href=\"https:\/\/www.advancedmanufacturingmadrid.com\/en\/ads\/mpu-1\/\"  target=\"_blank\"><img fetchpriority=\"high\" decoding=\"async\" width=\"300\" height=\"250\" src=\"https:\/\/easyfairsassets.com\/sites\/79\/2020\/12\/300-x-250_Risk.jpg\" class=\"no-lazy-load wp-post-image\" alt=\"\" \/><\/a><\/div>\n<\/div><\/div>\n\n\t\t\t\t<\/div>\n\t\t\t\t<\/div>\n\t\t\t\t<div class=\"elementor-element elementor-element-12da316 elementor-grid-1 elementor-posts--thumbnail-none elementor-grid-tablet-1 elementor-grid-mobile-1 elementor-widget elementor-widget-posts\" data-id=\"12da316\" data-element_type=\"widget\" data-settings=\"{&quot;classic_columns&quot;:&quot;1&quot;,&quot;classic_row_gap&quot;:{&quot;unit&quot;:&quot;px&quot;,&quot;size&quot;:&quot;23&quot;,&quot;sizes&quot;:[]},&quot;classic_columns_tablet&quot;:&quot;1&quot;,&quot;_animation&quot;:&quot;none&quot;,&quot;classic_columns_mobile&quot;:&quot;1&quot;,&quot;classic_row_gap_tablet&quot;:{&quot;unit&quot;:&quot;px&quot;,&quot;size&quot;:&quot;&quot;,&quot;sizes&quot;:[]},&quot;classic_row_gap_mobile&quot;:{&quot;unit&quot;:&quot;px&quot;,&quot;size&quot;:&quot;&quot;,&quot;sizes&quot;:[]}}\" data-widget_type=\"posts.classic\">\n\t\t\t\t<div class=\"elementor-widget-container\">\n\t\t\t\t\t\t\t<div class=\"elementor-posts-container elementor-posts elementor-posts--skin-classic elementor-grid\" role=\"list\">\n\t\t\t\t<article class=\"elementor-post elementor-grid-item post-453712 post type-post status-publish format-standard has-post-thumbnail hentry category-advanced-manfuctaring-news-en category-the-great-innovators-en category-uncategorized tag-advancedmanufacturing-en tag-industria-en tag-industria-4-0 tag-industrial-digitisation tag-product-development tag-siemens-en\" role=\"listitem\">\n\t\t\t\t<div class=\"elementor-post__text\">\n\t\t\t\t<h3 class=\"elementor-post__title\">\n\t\t\t<a href=\"https:\/\/www.advancedmanufacturingmadrid.com\/en\/2025\/08\/27\/ec-international-group-excellence-in-prototyping-and-small-batch-production-from-metal-to-plastic\/\" >\n\t\t\t\tEC International Group: excellence in prototyping and small-batch production, from metal to plastic\t\t\t<\/a>\n\t\t<\/h3>\n\t\t\t\t<div class=\"elementor-post__excerpt\">\n\t\t\t<p>EC International Group: Excellence in Prototyping and Small-Series Production, from Metal to Plastic In an industrial environment that increasingly demands performance, agility, and quality, combining<\/p>\n\t\t<\/div>\n\t\t\n\t\t<a class=\"elementor-post__read-more\" href=\"https:\/\/www.advancedmanufacturingmadrid.com\/en\/2025\/08\/27\/ec-international-group-excellence-in-prototyping-and-small-batch-production-from-metal-to-plastic\/\" aria-label=\"Read more about EC International Group: excellence in prototyping and small-batch production, from metal to plastic\" tabindex=\"-1\" >\n\t\t\tRead More \u00bb\t\t<\/a>\n\n\t\t\t\t<\/div>\n\t\t\t\t<\/article>\n\t\t\t\t<article class=\"elementor-post elementor-grid-item post-453401 post type-post status-publish format-standard has-post-thumbnail hentry category-on-the-sofa-with-en category-uncategorized tag-advancedmanufacturing-en tag-entrevista-en tag-industria-en tag-innovacion-en tag-innovation-en-2 tag-seguridad-en tag-sostenibilidad-en tag-talgo-en\" role=\"listitem\">\n\t\t\t\t<div class=\"elementor-post__text\">\n\t\t\t\t<h3 class=\"elementor-post__title\">\n\t\t\t<a href=\"https:\/\/www.advancedmanufacturingmadrid.com\/en\/2025\/08\/22\/on-the-sofa-with-eduardo-de-la-guerra-project-manager-at-talgo-in-the-innovation-department-talgo\/\" >\n\t\t\t\tOn the sofa with&#8230; Eduardo de la Guerra &#8211; Project Manager at Talgo in the Innovation Department | Talgo\t\t\t<\/a>\n\t\t<\/h3>\n\t\t\t\t<div class=\"elementor-post__excerpt\">\n\t\t\t<p><span style=\"color: #1d2129; font-family: -apple-system, BlinkMacSystemFont, 'Segoe UI', Roboto, Oxygen-Sans, Ubuntu, Cantarell, 'Helvetica Neue', sans-serif; font-weight: bold; background-color: #f2f3f5;\">On the sofa with&#8230; Eduardo de la Guerra &#8211; jefe de proyectos en talgo en la direcci\u00f3n de innovacion | Talgo\u00a0<\/span><\/p>\n\t\t<\/div>\n\t\t\n\t\t<a class=\"elementor-post__read-more\" href=\"https:\/\/www.advancedmanufacturingmadrid.com\/en\/2025\/08\/22\/on-the-sofa-with-eduardo-de-la-guerra-project-manager-at-talgo-in-the-innovation-department-talgo\/\" aria-label=\"Read more about On the sofa with&#8230; Eduardo de la Guerra &#8211; Project Manager at Talgo in the Innovation Department | Talgo\" tabindex=\"-1\" >\n\t\t\tRead More \u00bb\t\t<\/a>\n\n\t\t\t\t<\/div>\n\t\t\t\t<\/article>\n\t\t\t\t<article class=\"elementor-post elementor-grid-item post-453264 post type-post status-publish format-standard has-post-thumbnail hentry category-advanced-manfuctaring-news-en category-interviews category-on-the-sofa-with-en tag-advancedmanufacturing-en tag-digitaltwins tag-entrevista-en tag-ia-en tag-industria-en tag-innovation-en-2 tag-silvialeal-en\" role=\"listitem\">\n\t\t\t\t<div class=\"elementor-post__text\">\n\t\t\t\t<h3 class=\"elementor-post__title\">\n\t\t\t<a href=\"https:\/\/www.advancedmanufacturingmadrid.com\/en\/2025\/08\/20\/on-the-sofa-with-silvia-leal\/\" >\n\t\t\t\tOn the sofa with&#8230; Silvia Leal\t\t\t<\/a>\n\t\t<\/h3>\n\t\t\t\t<div class=\"elementor-post__excerpt\">\n\t\t\t<p><span style=\"color: #1d2129; font-family: -apple-system, BlinkMacSystemFont, 'Segoe UI', Roboto, Oxygen-Sans, Ubuntu, Cantarell, 'Helvetica Neue', sans-serif; font-weight: bold; background-color: #f2f3f5;\">On the sofa with&#8230; Silvia Leal, Experta en Tendencias de Futuro &amp; Inteligencia Artificial, Asesora de OCDE &amp; UE, Keynote Speaker<\/span><\/p>\n\t\t<\/div>\n\t\t\n\t\t<a class=\"elementor-post__read-more\" href=\"https:\/\/www.advancedmanufacturingmadrid.com\/en\/2025\/08\/20\/on-the-sofa-with-silvia-leal\/\" aria-label=\"Read more about On the sofa with&#8230; Silvia Leal\" tabindex=\"-1\" >\n\t\t\tRead More \u00bb\t\t<\/a>\n\n\t\t\t\t<\/div>\n\t\t\t\t<\/article>\n\t\t\t\t<article class=\"elementor-post elementor-grid-item post-453262 post type-post status-publish format-standard has-post-thumbnail hentry category-advanced-manfuctaring-news-en category-the-great-innovators-en category-uncategorized tag-advancedmanufacturing-en tag-industria-en tag-industria-4-0 tag-industrial-digitisation tag-product-development tag-siemens-en\" role=\"listitem\">\n\t\t\t\t<div class=\"elementor-post__text\">\n\t\t\t\t<h3 class=\"elementor-post__title\">\n\t\t\t<a href=\"https:\/\/www.advancedmanufacturingmadrid.com\/en\/2025\/08\/20\/behind-the-innovations-jaime-ruesca-ceo-de-prismacim\/\" >\n\t\t\t\tBehind the innovations: Jaime Ruesca, CEO de PRISMACIM\t\t\t<\/a>\n\t\t<\/h3>\n\t\t\t\t<div class=\"elementor-post__excerpt\">\n\t\t\t<p>Jaime Ruesca &#8211; CEO Prismacim 1. What motivated you to start developing this product? At Prismacim, we contribute to the development of innovative products in<\/p>\n\t\t<\/div>\n\t\t\n\t\t<a class=\"elementor-post__read-more\" href=\"https:\/\/www.advancedmanufacturingmadrid.com\/en\/2025\/08\/20\/behind-the-innovations-jaime-ruesca-ceo-de-prismacim\/\" aria-label=\"Read more about Behind the innovations: Jaime Ruesca, CEO de PRISMACIM\" tabindex=\"-1\" >\n\t\t\tRead More \u00bb\t\t<\/a>\n\n\t\t\t\t<\/div>\n\t\t\t\t<\/article>\n\t\t\t\t<\/div>\n\t\t\n\t\t\t\t\t\t<\/div>\n\t\t\t\t<\/div>\n\t\t\t\t<div class=\"elementor-element elementor-element-1d1f32af elementor-hidden-desktop elementor-hidden-tablet elementor-hidden-phone elementor-widget elementor-widget-wp-widget-adsanity-single\" data-id=\"1d1f32af\" data-element_type=\"widget\" data-widget_type=\"wp-widget-adsanity-single.default\">\n\t\t\t\t<div class=\"elementor-widget-container\">\n\t\t\t\t\t\n<div id=\"ad-34447\" class=\"ad-300x250 adsanity-300x250  adsanity-\"\n><div class=\"adsanity-inner\">\n\n<div class=\"adsanity-gati\" data-title=\"MPU 2\"><a rel=\"nofollow\" href=\"https:\/\/www.advancedmanufacturingmadrid.com\/en\/ads\/mpu-2\/\"  target=\"_blank\"><img decoding=\"async\" width=\"300\" height=\"250\" src=\"https:\/\/easyfairsassets.com\/sites\/79\/2020\/12\/300-x-250_Interiors.jpg\" class=\"no-lazy-load wp-post-image\" alt=\"\" \/><\/a><\/div>\n<\/div><\/div>\n\n\t\t\t\t<\/div>\n\t\t\t\t<\/div>\n\t\t\t\t<div class=\"elementor-element elementor-element-1d7b1acf elementor-hidden-desktop elementor-hidden-tablet elementor-hidden-phone elementor-widget elementor-widget-wp-widget-adsanity-single\" data-id=\"1d7b1acf\" data-element_type=\"widget\" data-widget_type=\"wp-widget-adsanity-single.default\">\n\t\t\t\t<div class=\"elementor-widget-container\">\n\t\t\t\t\t\n<div id=\"ad-34449\" class=\"ad-300x250 adsanity-300x250  adsanity-\"\n><div class=\"adsanity-inner\">\n\n<div class=\"adsanity-gati\" data-title=\"MPU 3\"><a rel=\"nofollow\" href=\"https:\/\/www.advancedmanufacturingmadrid.com\/en\/ads\/mpu-3\/\"  target=\"_blank\"><img decoding=\"async\" width=\"300\" height=\"250\" src=\"https:\/\/easyfairsassets.com\/sites\/79\/2020\/12\/300-x-250_Honeywell.jpg\" class=\"no-lazy-load wp-post-image\" alt=\"\" \/><\/a><\/div>\n<\/div><\/div>\n\n\t\t\t\t<\/div>\n\t\t\t\t<\/div>\n\t\t\t\t<div class=\"elementor-element elementor-element-690d6e9 elementor-hidden-desktop elementor-hidden-tablet elementor-hidden-phone elementor-widget elementor-widget-wp-widget-adsanity-single\" data-id=\"690d6e9\" data-element_type=\"widget\" data-widget_type=\"wp-widget-adsanity-single.default\">\n\t\t\t\t<div class=\"elementor-widget-container\">\n\t\t\t\t\t\n<div id=\"ad-34451\" class=\"ad-300x250 adsanity-300x250  adsanity-\"\n><div class=\"adsanity-inner\">\n\n<div class=\"adsanity-gati\" data-title=\"MPU 4\"><a rel=\"nofollow\" href=\"https:\/\/www.advancedmanufacturingmadrid.com\/en\/ads\/mpu-4\/\"  target=\"_blank\"><img loading=\"lazy\" decoding=\"async\" width=\"300\" height=\"250\" src=\"https:\/\/easyfairsassets.com\/sites\/79\/2020\/12\/300-x-250_Edoc.jpg\" class=\"no-lazy-load wp-post-image\" alt=\"\" \/><\/a><\/div>\n<\/div><\/div>\n\n\t\t\t\t<\/div>\n\t\t\t\t<\/div>\n\t\t\t\t\t<\/div>\n\t\t<\/div>\n\t\t\t\t\t<\/div>\n\t\t<\/section>\n\t\t\t\t<section class=\"elementor-section elementor-top-section elementor-element elementor-element-538f6e00 elementor-section-full_width elementor-section-height-default elementor-section-height-default\" data-id=\"538f6e00\" data-element_type=\"section\">\n\t\t\t\t\t\t<div class=\"elementor-container elementor-column-gap-default\">\n\t\t\t\t\t<div class=\"elementor-column elementor-col-100 elementor-top-column elementor-element elementor-element-2e5a66e9\" data-id=\"2e5a66e9\" data-element_type=\"column\">\n\t\t\t<div class=\"elementor-widget-wrap elementor-element-populated\">\n\t\t\t\t\t\t<div class=\"elementor-element elementor-element-46a66c4d elementor-widget-divider--view-line elementor-widget elementor-widget-divider\" data-id=\"46a66c4d\" data-element_type=\"widget\" data-widget_type=\"divider.default\">\n\t\t\t\t<div class=\"elementor-widget-container\">\n\t\t\t\t\t\t\t<div class=\"elementor-divider\">\n\t\t\t<span class=\"elementor-divider-separator\">\n\t\t\t\t\t\t<\/span>\n\t\t<\/div>\n\t\t\t\t\t\t<\/div>\n\t\t\t\t<\/div>\n\t\t\t\t<div class=\"elementor-element elementor-element-42d0a3ec elementor-widget elementor-widget-text-editor\" data-id=\"42d0a3ec\" data-element_type=\"widget\" data-widget_type=\"text-editor.default\">\n\t\t\t\t<div class=\"elementor-widget-container\">\n\t\t\t\t\t\t\t\t\t<p><span style=\"vertical-align: inherit\"><span style=\"vertical-align: inherit\"><span style=\"vertical-align: inherit\"><span style=\"vertical-align: inherit\"><span style=\"vertical-align: inherit\"><span style=\"vertical-align: inherit\">Share this article<\/span><\/span><\/span><\/span><\/span><\/span><\/p>\n\t\t\t\t\t\t\t\t<\/div>\n\t\t\t\t<\/div>\n\t\t\t\t<div class=\"elementor-element elementor-element-78cc7a5 elementor-share-buttons--view-icon elementor-share-buttons--skin-flat elementor-share-buttons--shape-circle elementor-share-buttons--color-custom elementor-grid-0 elementor-widget elementor-widget-share-buttons\" data-id=\"78cc7a5\" data-element_type=\"widget\" data-widget_type=\"share-buttons.default\">\n\t\t\t\t<div class=\"elementor-widget-container\">\n\t\t\t\t\t\t\t<div class=\"elementor-grid\" role=\"list\">\n\t\t\t\t\t\t\t\t<div class=\"elementor-grid-item\" role=\"listitem\">\n\t\t\t\t\t\t<div class=\"elementor-share-btn elementor-share-btn_facebook\" role=\"button\" tabindex=\"0\" aria-label=\"Share on facebook\">\n\t\t\t\t\t\t\t\t\t\t\t\t\t\t\t<span class=\"elementor-share-btn__icon\">\n\t\t\t\t\t\t\t\t<i class=\"fab fa-facebook\" aria-hidden=\"true\"><\/i>\t\t\t\t\t\t\t<\/span>\n\t\t\t\t\t\t\t\t\t\t\t\t\t\t\t\t\t\t\t\t<\/div>\n\t\t\t\t\t<\/div>\n\t\t\t\t\t\t\t\t\t<div class=\"elementor-grid-item\" role=\"listitem\">\n\t\t\t\t\t\t<div class=\"elementor-share-btn elementor-share-btn_twitter\" role=\"button\" tabindex=\"0\" aria-label=\"Share on twitter\">\n\t\t\t\t\t\t\t\t\t\t\t\t\t\t\t<span class=\"elementor-share-btn__icon\">\n\t\t\t\t\t\t\t\t<i class=\"fab fa-twitter\" aria-hidden=\"true\"><\/i>\t\t\t\t\t\t\t<\/span>\n\t\t\t\t\t\t\t\t\t\t\t\t\t\t\t\t\t\t\t\t<\/div>\n\t\t\t\t\t<\/div>\n\t\t\t\t\t\t\t\t\t<div class=\"elementor-grid-item\" role=\"listitem\">\n\t\t\t\t\t\t<div class=\"elementor-share-btn elementor-share-btn_linkedin\" role=\"button\" tabindex=\"0\" aria-label=\"Share on linkedin\">\n\t\t\t\t\t\t\t\t\t\t\t\t\t\t\t<span class=\"elementor-share-btn__icon\">\n\t\t\t\t\t\t\t\t<i class=\"fab fa-linkedin\" aria-hidden=\"true\"><\/i>\t\t\t\t\t\t\t<\/span>\n\t\t\t\t\t\t\t\t\t\t\t\t\t\t\t\t\t\t\t\t<\/div>\n\t\t\t\t\t<\/div>\n\t\t\t\t\t\t<\/div>\n\t\t\t\t\t\t<\/div>\n\t\t\t\t<\/div>\n\t\t\t\t\t<\/div>\n\t\t<\/div>\n\t\t\t\t\t<\/div>\n\t\t<\/section>\n\t\t\t\t<\/div>\n\t\t","protected":false},"excerpt":{"rendered":"<p>Ram\u00f3n L\u00f3pez \u2013 Director General del Grupo ASE MM &#8211; \u00bfC\u00f3mo est\u00e1is viviendo la situaci\u00f3n actual de crisis energ\u00e9tica? Ram\u00f3n L\u00f3pez &#8211; Terriblemente mal. Nuestra parte fuerte del negocio est\u00e1 concentrada en el sector industrial y los sobrecostes que tiene en energ\u00eda el\u00e9ctrica el sector industrial, en muchos casos, est\u00e1n obligando a parar las f\u00e1bricas. [&hellip;]<\/p>\n","protected":false},"author":1,"featured_media":85011,"comment_status":"closed","ping_status":"closed","sticky":false,"template":"","format":"standard","meta":{"_seopress_robots_primary_cat":"none","_seopress_titles_title":"","_seopress_titles_desc":"","_seopress_robots_index":"","footnotes":""},"categories":[343,1428],"tags":[2014,2013,1331,2012,1503,2011,2010],"edition":[],"class_list":["post-85008","post","type-post","status-publish","format-standard","has-post-thumbnail","hentry","category-advanced-manfuctaring-news-en","category-on-the-sofa-with-en","tag-agregador-en","tag-asesor-energetico-en","tag-empresas-en","tag-energias-renovables-en","tag-entrevista-en","tag-grupo-ase-en","tag-ramon-lopez-en"],"_links":{"self":[{"href":"https:\/\/www.advancedmanufacturingmadrid.com\/en\/wp-json\/wp\/v2\/posts\/85008","targetHints":{"allow":["GET"]}}],"collection":[{"href":"https:\/\/www.advancedmanufacturingmadrid.com\/en\/wp-json\/wp\/v2\/posts"}],"about":[{"href":"https:\/\/www.advancedmanufacturingmadrid.com\/en\/wp-json\/wp\/v2\/types\/post"}],"author":[{"embeddable":true,"href":"https:\/\/www.advancedmanufacturingmadrid.com\/en\/wp-json\/wp\/v2\/users\/1"}],"replies":[{"embeddable":true,"href":"https:\/\/www.advancedmanufacturingmadrid.com\/en\/wp-json\/wp\/v2\/comments?post=85008"}],"version-history":[{"count":0,"href":"https:\/\/www.advancedmanufacturingmadrid.com\/en\/wp-json\/wp\/v2\/posts\/85008\/revisions"}],"wp:featuredmedia":[{"embeddable":true,"href":"https:\/\/www.advancedmanufacturingmadrid.com\/en\/wp-json\/wp\/v2\/media\/85011"}],"wp:attachment":[{"href":"https:\/\/www.advancedmanufacturingmadrid.com\/en\/wp-json\/wp\/v2\/media?parent=85008"}],"wp:term":[{"taxonomy":"category","embeddable":true,"href":"https:\/\/www.advancedmanufacturingmadrid.com\/en\/wp-json\/wp\/v2\/categories?post=85008"},{"taxonomy":"post_tag","embeddable":true,"href":"https:\/\/www.advancedmanufacturingmadrid.com\/en\/wp-json\/wp\/v2\/tags?post=85008"},{"taxonomy":"edition","embeddable":true,"href":"https:\/\/www.advancedmanufacturingmadrid.com\/en\/wp-json\/wp\/v2\/edition?post=85008"}],"curies":[{"name":"wp","href":"https:\/\/api.w.org\/{rel}","templated":true}]}}