{"id":85517,"date":"2022-03-01T15:40:31","date_gmt":"2022-03-01T14:40:31","guid":{"rendered":"https:\/\/www.advancedmanufacturingmadrid.com\/?p=85517"},"modified":"2022-05-24T13:17:03","modified_gmt":"2022-05-24T11:17:03","slug":"on-the-sofa-with-jose-luis-sancha-profesor-de-icai-comillas","status":"publish","type":"post","link":"https:\/\/www.advancedmanufacturingmadrid.com\/en\/2022\/03\/01\/on-the-sofa-with-jose-luis-sancha-profesor-de-icai-comillas\/","title":{"rendered":"On the sofa with&#8230; Jose Luis Sancha, Profesor de ICAI Comillas"},"content":{"rendered":"\t\t<div data-elementor-type=\"wp-post\" data-elementor-id=\"85517\" class=\"elementor elementor-85517 elementor-85516\" data-elementor-post-type=\"post\">\n\t\t\t\t\t\t<section class=\"elementor-section elementor-top-section elementor-element elementor-element-4019e891 elementor-section-boxed elementor-section-height-default elementor-section-height-default\" data-id=\"4019e891\" data-element_type=\"section\">\n\t\t\t\t\t\t<div class=\"elementor-container elementor-column-gap-default\">\n\t\t\t\t\t<div class=\"elementor-column elementor-col-50 elementor-top-column elementor-element elementor-element-5c0a80cf\" data-id=\"5c0a80cf\" data-element_type=\"column\">\n\t\t\t<div class=\"elementor-widget-wrap elementor-element-populated\">\n\t\t\t\t\t\t<div class=\"elementor-element elementor-element-1152dc41 elementor-invisible elementor-widget elementor-widget-heading\" data-id=\"1152dc41\" data-element_type=\"widget\" data-settings=\"{&quot;_animation&quot;:&quot;fadeInUp&quot;}\" data-widget_type=\"heading.default\">\n\t\t\t\t<div class=\"elementor-widget-container\">\n\t\t\t\t\t<h1 class=\"elementor-heading-title elementor-size-default\">On the sofa with&#8230; Jose Luis Sancha, Profesor de ICAI Comillas<\/h1>\t\t\t\t<\/div>\n\t\t\t\t<\/div>\n\t\t\t\t<section class=\"elementor-section elementor-inner-section elementor-element elementor-element-6809159 elementor-section-boxed elementor-section-height-default elementor-section-height-default\" data-id=\"6809159\" data-element_type=\"section\">\n\t\t\t\t\t\t<div class=\"elementor-container elementor-column-gap-default\">\n\t\t\t\t\t<div class=\"elementor-column elementor-col-100 elementor-inner-column elementor-element elementor-element-b461c00\" data-id=\"b461c00\" data-element_type=\"column\">\n\t\t\t<div class=\"elementor-widget-wrap elementor-element-populated\">\n\t\t\t\t\t\t<div class=\"elementor-element elementor-element-83f9588 elementor-widget elementor-widget-video\" data-id=\"83f9588\" data-element_type=\"widget\" data-settings=\"{&quot;youtube_url&quot;:&quot;https:\\\/\\\/youtu.be\\\/V4dPVLwG0lc&quot;,&quot;video_type&quot;:&quot;youtube&quot;,&quot;controls&quot;:&quot;yes&quot;}\" data-widget_type=\"video.default\">\n\t\t\t\t<div class=\"elementor-widget-container\">\n\t\t\t\t\t\t\t<div class=\"elementor-wrapper elementor-open-inline\">\n\t\t\t<div class=\"elementor-video\"><\/div>\t\t<\/div>\n\t\t\t\t\t\t<\/div>\n\t\t\t\t<\/div>\n\t\t\t\t\t<\/div>\n\t\t<\/div>\n\t\t\t\t\t<\/div>\n\t\t<\/section>\n\t\t\t\t<section class=\"elementor-section elementor-inner-section elementor-element elementor-element-d7d1b99 elementor-section-boxed elementor-section-height-default elementor-section-height-default\" data-id=\"d7d1b99\" data-element_type=\"section\">\n\t\t\t\t\t\t<div class=\"elementor-container elementor-column-gap-default\">\n\t\t\t\t\t<div class=\"elementor-column elementor-col-100 elementor-inner-column elementor-element elementor-element-681c607\" data-id=\"681c607\" data-element_type=\"column\">\n\t\t\t<div class=\"elementor-widget-wrap elementor-element-populated\">\n\t\t\t\t\t\t<div class=\"elementor-element elementor-element-13249ff elementor-widget elementor-widget-text-editor\" data-id=\"13249ff\" data-element_type=\"widget\" data-widget_type=\"text-editor.default\">\n\t\t\t\t<div class=\"elementor-widget-container\">\n\t\t\t\t\t\t\t\t\t<p style=\"text-align: center\"><b>Jos\u00e9 Luis Sancha <\/b>\u2013 Profesor ICAI Comillas<\/p>\n\t\t\t\t\t\t\t\t<\/div>\n\t\t\t\t<\/div>\n\t\t\t\t\t<\/div>\n\t\t<\/div>\n\t\t\t\t\t<\/div>\n\t\t<\/section>\n\t\t\t\t<div class=\"elementor-element elementor-element-090eae5 elementor-widget elementor-widget-text-editor\" data-id=\"090eae5\" data-element_type=\"widget\" data-widget_type=\"text-editor.default\">\n\t\t\t\t<div class=\"elementor-widget-container\">\n\t\t\t\t\t\t\t\t\t<div id=\"part3143367\" class=\"P13\">\n<p style=\"text-align: left\"><strong>Advanced Manufacturing Madrid &#8211; La factura de la luz est\u00e1 m\u00e1s de moda que nunca, \u00bfcu\u00e1l ser\u00eda la valoraci\u00f3n que hace de la actual situaci\u00f3n?<\/strong><\/p>\n<p style=\"text-align: left\"><strong>Jos\u00e9 Luis Sancha \u2013<\/strong> La actual situaci\u00f3n tiene una parte positiva, y es que la gente se preocupa de la factura de la luz y por lo tanto eso es bueno, porque entender la factura de la luz es el primer paso para hacer un consumo realmente eficiente y responsable de nuestra energ\u00eda.<\/p>\n<p style=\"text-align: left\">Lo negativo es que estamos sufriendo desde junio una escalada de precios, fundamentalmente del costo de la energ\u00eda, porque el resto de los t\u00e9rminos de la factura est\u00e1n disminuyendo por las medidas que toma el gobierno.<\/p>\n<p style=\"text-align: left\">Pero el gobierno no puede tomar ninguna medida sobre el costo de la energ\u00eda porque lo marca una estructura de mercado que es mundial y, sobre todo, es el de la Comunidad Europea y por lo tanto, debido al precio del gas, al precio de los derechos, est\u00e1 sufriendo una elevaci\u00f3n que en este a\u00f1o ya incluso a veces duplica y triplica el coste de primeros de a\u00f1o.<\/p>\n<p style=\"text-align: left\">Esa es la parte negativa.<\/p>\n<p style=\"text-align: left\"><strong>AMM &#8211; \u00bfC\u00f3mo cree que va a evolucionar la situaci\u00f3n a corto plazo?<\/strong><\/p>\n<p style=\"text-align: left\"><strong>J.L. Sancha &#8211;<\/strong> Tenemos una primera fecha, que es el 31 de diciembre. Vamos a ver si realmente el compromiso del Gobierno de que la factura de este a\u00f1o de cualquier consumidor no sea superior a la que tuvo el 2018, se cumple. Yo vaticino que, si no se toman ninguna medida adicional, esto es pr\u00e1cticamente imposible, porque a d\u00eda de hoy realmente casi nos hemos comido ya todo el 2018. Tendr\u00eda que ser unos d\u00edas de noviembre, porque no quedan muchos y luego un diciembre excepcionalmente barato para poder cumplir ese primer compromiso del gobierno.<\/p>\n<p style=\"text-align: left\"><strong>AMM &#8211; Si esto es un problema grave para el ciudadano de a pie, para las empresas del sector industrial obviamente es un problema mayor. Si tuviera que darles alg\u00fan consejo a las empresas del sector industrial, \u00bfqu\u00e9 se les podr\u00eda decir?<\/strong><\/p>\n<p style=\"text-align: left\"><strong>J.L. Sancha &#8211;<\/strong> Lo primero es conseguir entender la factura, ver donde, d\u00f3nde estamos pagando, por qu\u00e9 estamos pagando por dos conceptos. Uno, por la potencia contratada y naturalmente optimizar la potencia contratada, sea un consumo dom\u00e9stico o industrial, es el primer paso. Y lo segundo, estamos pagando por el consumo y el consumo ahora mismo est\u00e1 fuertemente discriminado por periodos horarios, de manera que si nuestro negocio nos permite volcar parte de nuestro consumo de horas punta y llano, a horas m\u00e1s valle, pues naturalmente vamos a tener una gran ventaja econ\u00f3mica, porque lo que se ha hecho el 1 de junio es introducir una fuerte discriminaci\u00f3n horaria. Hay una gran diferencia entre los precios tanto en potencia como en energ\u00eda de las puntas a las valle.<\/p>\n<p style=\"text-align: left\">La segunda cuesti\u00f3n es algo general. Si nosotros, a pesar de que tenemos unos mayores costes, somos capaces de trasladarlos a los clientes, pues realmente no notaremos. Claro, naturalmente eso depender\u00e1 que haga la competencia. Al final los mayores costes van a repercutir en mayores precios para el consumidor, porque todo al final repercutir\u00e1 en el \u00faltimo consumidor que tiene que pagar el producto que produce la industria.<\/p>\n<p style=\"text-align: left\">\u00a0<\/p>\n<p style=\"text-align: left\"><strong>AMM &#8211; A largo plazo, \u00bfde d\u00f3nde podr\u00eda venir la soluci\u00f3n, de las energ\u00edas renovables?<\/strong><\/p>\n<p style=\"text-align: left\"><strong>J.L. Sancha &#8211;<\/strong> Este mes de noviembre vamos a tener una factura un poco inferior, primera cosa. Es la primera vez en los \u00faltimos meses que decae la factura y se debe precisamente al efecto que usted menciona, que es la mayor producci\u00f3n e\u00f3lica que en noviembre ha sido bastante superior a octubre. En octubre, agosto, julio realmente hubo muy poca producci\u00f3n e\u00f3lica, pero al mismo tiempo noviembre y diciembre van a ser meses de menor producci\u00f3n fotovoltaica, con lo cual al final es lo comido por lo servido, a largo plazo.<\/p>\n<p style=\"text-align: left\">Es evidente que, si se mantiene esta estructura, digamos, de precios altos en el gasto y en los derechos, la \u00fanica soluci\u00f3n va a venir por una incorporaci\u00f3n que tendr\u00eda que ser masiva y muy r\u00e1pida de energ\u00edas renovables, cosa que no es f\u00e1cil en los planes de los gobiernos de Europa. LA UE prev\u00e9 una introducci\u00f3n progresiva de estas dos tecnolog\u00edas a lo largo de toda esta d\u00e9cada, con lo cual vamos a tener que depender del gas, probablemente, hasta finales de esta d\u00e9cada y por lo tanto ese efecto beneficioso de las energ\u00edas renovables se va a ir notando, pero no va a ser una revoluci\u00f3n de hoy para ma\u00f1ana<\/p>\n<p style=\"text-align: left\"><strong>AMM &#8211; Un truco para el consumidor de a pie, \u00bfcu\u00e1l es la clave para pagar menos o pagar mejor en la factura de la luz?<\/strong><\/p>\n<p style=\"text-align: left\"><strong>J.L. Sancha &#8211;<\/strong> Lo primero que tiene que hacer el consumidor normal es entender la factura. Es decir, saber qu\u00e9 es lo que est\u00e1 pagando. Hay muchos consumidores que no saben con qui\u00e9n tienen contratada la energ\u00eda, si la tienen contratada con un contrato libre o con un contrato regulado. Y las diferencias pueden ser abismales en un contrato regulador tiene la ventaja de que todos los t\u00e9rminos de la factura est\u00e1n regulados y est\u00e1n perfectamente claros, mientras que hay facturas que son del mercado libre, que pueden ser m\u00e1s baratas, pero hay otras que tienen bastante m\u00e1s t\u00e9rminos que ni siquiera el consumidor normal los entiende. Luego, primero saber qu\u00e9 tipo de factura tiene, si tiene un consumo contratado con un comercializador libre o regulado. Y luego las dos cosas que he mencionado antes que potencia contratada tiene, porque en general hay un exceso de potencia contratada. Y, por \u00faltimo, utilizar la discriminaci\u00f3n horaria que dec\u00eda antes. Hoy los precios de la punta pueden ser hasta un 30% superior al precio del valle. Esto no es f\u00e1cil, implica una cierta disciplina en cuanto al consumo. Pero bueno, por ah\u00ed tenemos que seguir circulando en los pr\u00f3ximos meses o a\u00f1os.<\/p>\n<\/div>\n\t\t\t\t\t\t\t\t<\/div>\n\t\t\t\t<\/div>\n\t\t\t\t\t<\/div>\n\t\t<\/div>\n\t\t\t\t<div class=\"elementor-column elementor-col-50 elementor-top-column elementor-element elementor-element-188aad1e\" data-id=\"188aad1e\" data-element_type=\"column\">\n\t\t\t<div class=\"elementor-widget-wrap elementor-element-populated\">\n\t\t\t\t\t\t<div class=\"elementor-element elementor-element-7d6706a elementor-invisible elementor-widget elementor-widget-heading\" data-id=\"7d6706a\" data-element_type=\"widget\" data-settings=\"{&quot;_animation&quot;:&quot;fadeInUp&quot;}\" data-widget_type=\"heading.default\">\n\t\t\t\t<div class=\"elementor-widget-container\">\n\t\t\t\t\t<h2 class=\"elementor-heading-title elementor-size-default\">Suscr\u00edbete a nuestra newsletter<\/h2>\t\t\t\t<\/div>\n\t\t\t\t<\/div>\n\t\t\t\t<div class=\"elementor-element elementor-element-8883451 elementor-tablet-button-align-stretch elementor-button-align-stretch elementor-widget elementor-widget-form\" data-id=\"8883451\" data-element_type=\"widget\" data-settings=\"{&quot;step_next_label&quot;:&quot;Next&quot;,&quot;step_previous_label&quot;:&quot;Previous&quot;,&quot;button_width&quot;:&quot;100&quot;,&quot;step_type&quot;:&quot;number_text&quot;,&quot;step_icon_shape&quot;:&quot;circle&quot;}\" data-widget_type=\"form.default\">\n\t\t\t\t<div class=\"elementor-widget-container\">\n\t\t\t\t\t\t\t<form class=\"elementor-form\" method=\"post\" name=\"Newslwtter\" aria-label=\"Newslwtter\">\n\t\t\t<input type=\"hidden\" name=\"post_id\" value=\"85517\"\/>\n\t\t\t<input type=\"hidden\" name=\"form_id\" value=\"8883451\"\/>\n\t\t\t<input type=\"hidden\" name=\"referer_title\" value=\"\" \/>\n\n\t\t\t\n\t\t\t<div class=\"elementor-form-fields-wrapper elementor-labels-\">\n\t\t\t\t\t\t\t\t<div class=\"elementor-field-type-text elementor-field-group elementor-column elementor-field-group-FirstName elementor-col-100\">\n\t\t\t\t\t\t\t\t\t\t\t\t<label for=\"form-field-FirstName\" class=\"elementor-field-label elementor-screen-only\">\n\t\t\t\t\t\t\t\tNombre\t\t\t\t\t\t\t<\/label>\n\t\t\t\t\t\t\t\t\t\t\t\t\t\t<input size=\"1\" type=\"text\" name=\"form_fields[FirstName]\" id=\"form-field-FirstName\" class=\"elementor-field elementor-size-sm  elementor-field-textual\" placeholder=\"Nombre\">\n\t\t\t\t\t\t\t\t\t\t\t<\/div>\n\t\t\t\t\t\t\t\t<div class=\"elementor-field-type-text elementor-field-group elementor-column elementor-field-group-LastName elementor-col-100\">\n\t\t\t\t\t\t\t\t\t\t\t\t<label for=\"form-field-LastName\" class=\"elementor-field-label elementor-screen-only\">\n\t\t\t\t\t\t\t\tApellido\t\t\t\t\t\t\t<\/label>\n\t\t\t\t\t\t\t\t\t\t\t\t\t\t<input size=\"1\" type=\"text\" name=\"form_fields[LastName]\" id=\"form-field-LastName\" class=\"elementor-field elementor-size-sm  elementor-field-textual\" placeholder=\"Apellido\">\n\t\t\t\t\t\t\t\t\t\t\t<\/div>\n\t\t\t\t\t\t\t\t<div class=\"elementor-field-type-email elementor-field-group elementor-column elementor-field-group-Email elementor-col-100 elementor-field-required\">\n\t\t\t\t\t\t\t\t\t\t\t\t<label for=\"form-field-Email\" class=\"elementor-field-label elementor-screen-only\">\n\t\t\t\t\t\t\t\tEmail\t\t\t\t\t\t\t<\/label>\n\t\t\t\t\t\t\t\t\t\t\t\t\t\t<input size=\"1\" type=\"email\" name=\"form_fields[Email]\" id=\"form-field-Email\" class=\"elementor-field elementor-size-sm  elementor-field-textual\" placeholder=\"Email\" required=\"required\">\n\t\t\t\t\t\t\t\t\t\t\t<\/div>\n\t\t\t\t\t\t\t\t<div class=\"elementor-field-group elementor-column elementor-field-type-submit elementor-col-100 e-form__buttons\">\n\t\t\t\t\t<button class=\"elementor-button elementor-size-sm\" type=\"submit\">\n\t\t\t\t\t\t<span class=\"elementor-button-content-wrapper\">\n\t\t\t\t\t\t\t\t\t\t\t\t\t\t\t\t\t\t\t\t\t\t<span class=\"elementor-button-text\">Send<\/span>\n\t\t\t\t\t\t\t\t\t\t\t\t\t<\/span>\n\t\t\t\t\t<\/button>\n\t\t\t\t<\/div>\n\t\t\t<\/div>\n\t\t<\/form>\n\t\t\t\t\t\t<\/div>\n\t\t\t\t<\/div>\n\t\t\t\t<div class=\"elementor-element elementor-element-2d42a228 elementor-hidden-desktop elementor-hidden-tablet elementor-hidden-phone elementor-widget elementor-widget-wp-widget-adsanity-single\" data-id=\"2d42a228\" data-element_type=\"widget\" data-widget_type=\"wp-widget-adsanity-single.default\">\n\t\t\t\t<div class=\"elementor-widget-container\">\n\t\t\t\t\t\n<div id=\"ad-34445\" class=\"ad-300x250 adsanity-300x250  adsanity-\"\n><div class=\"adsanity-inner\">\n\n<div class=\"adsanity-gati\" data-title=\"MPU 1\"><a rel=\"nofollow\" href=\"https:\/\/www.advancedmanufacturingmadrid.com\/en\/ads\/mpu-1\/\"  target=\"_blank\"><img fetchpriority=\"high\" decoding=\"async\" width=\"300\" height=\"250\" src=\"https:\/\/easyfairsassets.com\/sites\/79\/2020\/12\/300-x-250_Risk.jpg\" class=\"no-lazy-load wp-post-image\" alt=\"\" \/><\/a><\/div>\n<\/div><\/div>\n\n\t\t\t\t<\/div>\n\t\t\t\t<\/div>\n\t\t\t\t<div class=\"elementor-element elementor-element-12da316 elementor-grid-1 elementor-posts--thumbnail-none elementor-grid-tablet-1 elementor-grid-mobile-1 elementor-widget elementor-widget-posts\" data-id=\"12da316\" data-element_type=\"widget\" data-settings=\"{&quot;classic_columns&quot;:&quot;1&quot;,&quot;classic_row_gap&quot;:{&quot;unit&quot;:&quot;px&quot;,&quot;size&quot;:&quot;23&quot;,&quot;sizes&quot;:[]},&quot;classic_columns_tablet&quot;:&quot;1&quot;,&quot;_animation&quot;:&quot;none&quot;,&quot;classic_columns_mobile&quot;:&quot;1&quot;,&quot;classic_row_gap_tablet&quot;:{&quot;unit&quot;:&quot;px&quot;,&quot;size&quot;:&quot;&quot;,&quot;sizes&quot;:[]},&quot;classic_row_gap_mobile&quot;:{&quot;unit&quot;:&quot;px&quot;,&quot;size&quot;:&quot;&quot;,&quot;sizes&quot;:[]}}\" data-widget_type=\"posts.classic\">\n\t\t\t\t<div class=\"elementor-widget-container\">\n\t\t\t\t\t\t\t<div class=\"elementor-posts-container elementor-posts elementor-posts--skin-classic elementor-grid\" role=\"list\">\n\t\t\t\t<article class=\"elementor-post elementor-grid-item post-453712 post type-post status-publish format-standard has-post-thumbnail hentry category-advanced-manfuctaring-news-en category-the-great-innovators-en category-uncategorized tag-advancedmanufacturing-en tag-industria-en tag-industria-4-0 tag-industrial-digitisation tag-product-development tag-siemens-en\" role=\"listitem\">\n\t\t\t\t<div class=\"elementor-post__text\">\n\t\t\t\t<h3 class=\"elementor-post__title\">\n\t\t\t<a href=\"https:\/\/www.advancedmanufacturingmadrid.com\/en\/2025\/08\/27\/ec-international-group-excellence-in-prototyping-and-small-batch-production-from-metal-to-plastic\/\" >\n\t\t\t\tEC International Group: excellence in prototyping and small-batch production, from metal to plastic\t\t\t<\/a>\n\t\t<\/h3>\n\t\t\t\t<div class=\"elementor-post__excerpt\">\n\t\t\t<p>EC International Group: Excellence in Prototyping and Small-Series Production, from Metal to Plastic In an industrial environment that increasingly demands performance, agility, and quality, combining<\/p>\n\t\t<\/div>\n\t\t\n\t\t<a class=\"elementor-post__read-more\" href=\"https:\/\/www.advancedmanufacturingmadrid.com\/en\/2025\/08\/27\/ec-international-group-excellence-in-prototyping-and-small-batch-production-from-metal-to-plastic\/\" aria-label=\"Read more about EC International Group: excellence in prototyping and small-batch production, from metal to plastic\" tabindex=\"-1\" >\n\t\t\tRead More \u00bb\t\t<\/a>\n\n\t\t\t\t<\/div>\n\t\t\t\t<\/article>\n\t\t\t\t<article class=\"elementor-post elementor-grid-item post-453401 post type-post status-publish format-standard has-post-thumbnail hentry category-on-the-sofa-with-en category-uncategorized tag-advancedmanufacturing-en tag-entrevista-en tag-industria-en tag-innovacion-en tag-innovation-en-2 tag-seguridad-en tag-sostenibilidad-en tag-talgo-en\" role=\"listitem\">\n\t\t\t\t<div class=\"elementor-post__text\">\n\t\t\t\t<h3 class=\"elementor-post__title\">\n\t\t\t<a href=\"https:\/\/www.advancedmanufacturingmadrid.com\/en\/2025\/08\/22\/on-the-sofa-with-eduardo-de-la-guerra-project-manager-at-talgo-in-the-innovation-department-talgo\/\" >\n\t\t\t\tOn the sofa with&#8230; Eduardo de la Guerra &#8211; Project Manager at Talgo in the Innovation Department | Talgo\t\t\t<\/a>\n\t\t<\/h3>\n\t\t\t\t<div class=\"elementor-post__excerpt\">\n\t\t\t<p><span style=\"color: #1d2129; font-family: -apple-system, BlinkMacSystemFont, 'Segoe UI', Roboto, Oxygen-Sans, Ubuntu, Cantarell, 'Helvetica Neue', sans-serif; font-weight: bold; background-color: #f2f3f5;\">On the sofa with&#8230; Eduardo de la Guerra &#8211; jefe de proyectos en talgo en la direcci\u00f3n de innovacion | Talgo\u00a0<\/span><\/p>\n\t\t<\/div>\n\t\t\n\t\t<a class=\"elementor-post__read-more\" href=\"https:\/\/www.advancedmanufacturingmadrid.com\/en\/2025\/08\/22\/on-the-sofa-with-eduardo-de-la-guerra-project-manager-at-talgo-in-the-innovation-department-talgo\/\" aria-label=\"Read more about On the sofa with&#8230; Eduardo de la Guerra &#8211; Project Manager at Talgo in the Innovation Department | Talgo\" tabindex=\"-1\" >\n\t\t\tRead More \u00bb\t\t<\/a>\n\n\t\t\t\t<\/div>\n\t\t\t\t<\/article>\n\t\t\t\t<article class=\"elementor-post elementor-grid-item post-453264 post type-post status-publish format-standard has-post-thumbnail hentry category-advanced-manfuctaring-news-en category-interviews category-on-the-sofa-with-en tag-advancedmanufacturing-en tag-digitaltwins tag-entrevista-en tag-ia-en tag-industria-en tag-innovation-en-2 tag-silvialeal-en\" role=\"listitem\">\n\t\t\t\t<div class=\"elementor-post__text\">\n\t\t\t\t<h3 class=\"elementor-post__title\">\n\t\t\t<a href=\"https:\/\/www.advancedmanufacturingmadrid.com\/en\/2025\/08\/20\/on-the-sofa-with-silvia-leal\/\" >\n\t\t\t\tOn the sofa with&#8230; Silvia Leal\t\t\t<\/a>\n\t\t<\/h3>\n\t\t\t\t<div class=\"elementor-post__excerpt\">\n\t\t\t<p><span style=\"color: #1d2129; font-family: -apple-system, BlinkMacSystemFont, 'Segoe UI', Roboto, Oxygen-Sans, Ubuntu, Cantarell, 'Helvetica Neue', sans-serif; font-weight: bold; background-color: #f2f3f5;\">On the sofa with&#8230; Silvia Leal, Experta en Tendencias de Futuro &amp; Inteligencia Artificial, Asesora de OCDE &amp; UE, Keynote Speaker<\/span><\/p>\n\t\t<\/div>\n\t\t\n\t\t<a class=\"elementor-post__read-more\" href=\"https:\/\/www.advancedmanufacturingmadrid.com\/en\/2025\/08\/20\/on-the-sofa-with-silvia-leal\/\" aria-label=\"Read more about On the sofa with&#8230; Silvia Leal\" tabindex=\"-1\" >\n\t\t\tRead More \u00bb\t\t<\/a>\n\n\t\t\t\t<\/div>\n\t\t\t\t<\/article>\n\t\t\t\t<article class=\"elementor-post elementor-grid-item post-453262 post type-post status-publish format-standard has-post-thumbnail hentry category-advanced-manfuctaring-news-en category-the-great-innovators-en category-uncategorized tag-advancedmanufacturing-en tag-industria-en tag-industria-4-0 tag-industrial-digitisation tag-product-development tag-siemens-en\" role=\"listitem\">\n\t\t\t\t<div class=\"elementor-post__text\">\n\t\t\t\t<h3 class=\"elementor-post__title\">\n\t\t\t<a href=\"https:\/\/www.advancedmanufacturingmadrid.com\/en\/2025\/08\/20\/behind-the-innovations-jaime-ruesca-ceo-de-prismacim\/\" >\n\t\t\t\tBehind the innovations: Jaime Ruesca, CEO de PRISMACIM\t\t\t<\/a>\n\t\t<\/h3>\n\t\t\t\t<div class=\"elementor-post__excerpt\">\n\t\t\t<p>Jaime Ruesca &#8211; CEO Prismacim 1. What motivated you to start developing this product? At Prismacim, we contribute to the development of innovative products in<\/p>\n\t\t<\/div>\n\t\t\n\t\t<a class=\"elementor-post__read-more\" href=\"https:\/\/www.advancedmanufacturingmadrid.com\/en\/2025\/08\/20\/behind-the-innovations-jaime-ruesca-ceo-de-prismacim\/\" aria-label=\"Read more about Behind the innovations: Jaime Ruesca, CEO de PRISMACIM\" tabindex=\"-1\" >\n\t\t\tRead More \u00bb\t\t<\/a>\n\n\t\t\t\t<\/div>\n\t\t\t\t<\/article>\n\t\t\t\t<\/div>\n\t\t\n\t\t\t\t\t\t<\/div>\n\t\t\t\t<\/div>\n\t\t\t\t<div class=\"elementor-element elementor-element-1d1f32af elementor-hidden-desktop elementor-hidden-tablet elementor-hidden-phone elementor-widget elementor-widget-wp-widget-adsanity-single\" data-id=\"1d1f32af\" data-element_type=\"widget\" data-widget_type=\"wp-widget-adsanity-single.default\">\n\t\t\t\t<div class=\"elementor-widget-container\">\n\t\t\t\t\t\n<div id=\"ad-34447\" class=\"ad-300x250 adsanity-300x250  adsanity-\"\n><div class=\"adsanity-inner\">\n\n<div class=\"adsanity-gati\" data-title=\"MPU 2\"><a rel=\"nofollow\" href=\"https:\/\/www.advancedmanufacturingmadrid.com\/en\/ads\/mpu-2\/\"  target=\"_blank\"><img decoding=\"async\" width=\"300\" height=\"250\" src=\"https:\/\/easyfairsassets.com\/sites\/79\/2020\/12\/300-x-250_Interiors.jpg\" class=\"no-lazy-load wp-post-image\" alt=\"\" \/><\/a><\/div>\n<\/div><\/div>\n\n\t\t\t\t<\/div>\n\t\t\t\t<\/div>\n\t\t\t\t<div class=\"elementor-element elementor-element-1d7b1acf elementor-hidden-desktop elementor-hidden-tablet elementor-hidden-phone elementor-widget elementor-widget-wp-widget-adsanity-single\" data-id=\"1d7b1acf\" data-element_type=\"widget\" data-widget_type=\"wp-widget-adsanity-single.default\">\n\t\t\t\t<div class=\"elementor-widget-container\">\n\t\t\t\t\t\n<div id=\"ad-34449\" class=\"ad-300x250 adsanity-300x250  adsanity-\"\n><div class=\"adsanity-inner\">\n\n<div class=\"adsanity-gati\" data-title=\"MPU 3\"><a rel=\"nofollow\" href=\"https:\/\/www.advancedmanufacturingmadrid.com\/en\/ads\/mpu-3\/\"  target=\"_blank\"><img decoding=\"async\" width=\"300\" height=\"250\" src=\"https:\/\/easyfairsassets.com\/sites\/79\/2020\/12\/300-x-250_Honeywell.jpg\" class=\"no-lazy-load wp-post-image\" alt=\"\" \/><\/a><\/div>\n<\/div><\/div>\n\n\t\t\t\t<\/div>\n\t\t\t\t<\/div>\n\t\t\t\t<div class=\"elementor-element elementor-element-690d6e9 elementor-hidden-desktop elementor-hidden-tablet elementor-hidden-phone elementor-widget elementor-widget-wp-widget-adsanity-single\" data-id=\"690d6e9\" data-element_type=\"widget\" data-widget_type=\"wp-widget-adsanity-single.default\">\n\t\t\t\t<div class=\"elementor-widget-container\">\n\t\t\t\t\t\n<div id=\"ad-34451\" class=\"ad-300x250 adsanity-300x250  adsanity-\"\n><div class=\"adsanity-inner\">\n\n<div class=\"adsanity-gati\" data-title=\"MPU 4\"><a rel=\"nofollow\" href=\"https:\/\/www.advancedmanufacturingmadrid.com\/en\/ads\/mpu-4\/\"  target=\"_blank\"><img loading=\"lazy\" decoding=\"async\" width=\"300\" height=\"250\" src=\"https:\/\/easyfairsassets.com\/sites\/79\/2020\/12\/300-x-250_Edoc.jpg\" class=\"no-lazy-load wp-post-image\" alt=\"\" \/><\/a><\/div>\n<\/div><\/div>\n\n\t\t\t\t<\/div>\n\t\t\t\t<\/div>\n\t\t\t\t\t<\/div>\n\t\t<\/div>\n\t\t\t\t\t<\/div>\n\t\t<\/section>\n\t\t\t\t<section class=\"elementor-section elementor-top-section elementor-element elementor-element-538f6e00 elementor-section-full_width elementor-section-height-default elementor-section-height-default\" data-id=\"538f6e00\" data-element_type=\"section\">\n\t\t\t\t\t\t<div class=\"elementor-container elementor-column-gap-default\">\n\t\t\t\t\t<div class=\"elementor-column elementor-col-100 elementor-top-column elementor-element elementor-element-2e5a66e9\" data-id=\"2e5a66e9\" data-element_type=\"column\">\n\t\t\t<div class=\"elementor-widget-wrap elementor-element-populated\">\n\t\t\t\t\t\t<div class=\"elementor-element elementor-element-46a66c4d elementor-widget-divider--view-line elementor-widget elementor-widget-divider\" data-id=\"46a66c4d\" data-element_type=\"widget\" data-widget_type=\"divider.default\">\n\t\t\t\t<div class=\"elementor-widget-container\">\n\t\t\t\t\t\t\t<div class=\"elementor-divider\">\n\t\t\t<span class=\"elementor-divider-separator\">\n\t\t\t\t\t\t<\/span>\n\t\t<\/div>\n\t\t\t\t\t\t<\/div>\n\t\t\t\t<\/div>\n\t\t\t\t<div class=\"elementor-element elementor-element-42d0a3ec elementor-widget elementor-widget-text-editor\" data-id=\"42d0a3ec\" data-element_type=\"widget\" data-widget_type=\"text-editor.default\">\n\t\t\t\t<div class=\"elementor-widget-container\">\n\t\t\t\t\t\t\t\t\t<p><span style=\"vertical-align: inherit\"><span style=\"vertical-align: inherit\"><span style=\"vertical-align: inherit\"><span style=\"vertical-align: inherit\"><span style=\"vertical-align: inherit\"><span style=\"vertical-align: inherit\">Share this article<\/span><\/span><\/span><\/span><\/span><\/span><\/p>\n\t\t\t\t\t\t\t\t<\/div>\n\t\t\t\t<\/div>\n\t\t\t\t<div class=\"elementor-element elementor-element-78cc7a5 elementor-share-buttons--view-icon elementor-share-buttons--skin-flat elementor-share-buttons--shape-circle elementor-share-buttons--color-custom elementor-grid-0 elementor-widget elementor-widget-share-buttons\" data-id=\"78cc7a5\" data-element_type=\"widget\" data-widget_type=\"share-buttons.default\">\n\t\t\t\t<div class=\"elementor-widget-container\">\n\t\t\t\t\t\t\t<div class=\"elementor-grid\" role=\"list\">\n\t\t\t\t\t\t\t\t<div class=\"elementor-grid-item\" role=\"listitem\">\n\t\t\t\t\t\t<div class=\"elementor-share-btn elementor-share-btn_facebook\" role=\"button\" tabindex=\"0\" aria-label=\"Share on facebook\">\n\t\t\t\t\t\t\t\t\t\t\t\t\t\t\t<span class=\"elementor-share-btn__icon\">\n\t\t\t\t\t\t\t\t<i class=\"fab fa-facebook\" aria-hidden=\"true\"><\/i>\t\t\t\t\t\t\t<\/span>\n\t\t\t\t\t\t\t\t\t\t\t\t\t\t\t\t\t\t\t\t<\/div>\n\t\t\t\t\t<\/div>\n\t\t\t\t\t\t\t\t\t<div class=\"elementor-grid-item\" role=\"listitem\">\n\t\t\t\t\t\t<div class=\"elementor-share-btn elementor-share-btn_twitter\" role=\"button\" tabindex=\"0\" aria-label=\"Share on twitter\">\n\t\t\t\t\t\t\t\t\t\t\t\t\t\t\t<span class=\"elementor-share-btn__icon\">\n\t\t\t\t\t\t\t\t<i class=\"fab fa-twitter\" aria-hidden=\"true\"><\/i>\t\t\t\t\t\t\t<\/span>\n\t\t\t\t\t\t\t\t\t\t\t\t\t\t\t\t\t\t\t\t<\/div>\n\t\t\t\t\t<\/div>\n\t\t\t\t\t\t\t\t\t<div class=\"elementor-grid-item\" role=\"listitem\">\n\t\t\t\t\t\t<div class=\"elementor-share-btn elementor-share-btn_linkedin\" role=\"button\" tabindex=\"0\" aria-label=\"Share on linkedin\">\n\t\t\t\t\t\t\t\t\t\t\t\t\t\t\t<span class=\"elementor-share-btn__icon\">\n\t\t\t\t\t\t\t\t<i class=\"fab fa-linkedin\" aria-hidden=\"true\"><\/i>\t\t\t\t\t\t\t<\/span>\n\t\t\t\t\t\t\t\t\t\t\t\t\t\t\t\t\t\t\t\t<\/div>\n\t\t\t\t\t<\/div>\n\t\t\t\t\t\t<\/div>\n\t\t\t\t\t\t<\/div>\n\t\t\t\t<\/div>\n\t\t\t\t\t<\/div>\n\t\t<\/div>\n\t\t\t\t\t<\/div>\n\t\t<\/section>\n\t\t\t\t<\/div>\n\t\t","protected":false},"excerpt":{"rendered":"<p>https:\/\/youtu.be\/V4dPVLwG0lc Jos\u00e9 Luis Sancha \u2013 Profesor ICAI Comillas Advanced Manufacturing Madrid &#8211; La factura de la luz est\u00e1 m\u00e1s de moda que nunca, \u00bfcu\u00e1l ser\u00eda la valoraci\u00f3n que hace de la actual situaci\u00f3n? Jos\u00e9 Luis Sancha \u2013 La actual situaci\u00f3n tiene una parte positiva, y es que la gente se preocupa de la factura de [&hellip;]<\/p>\n","protected":false},"author":1,"featured_media":86420,"comment_status":"closed","ping_status":"closed","sticky":false,"template":"","format":"standard","meta":{"_seopress_robots_primary_cat":"none","_seopress_titles_title":"","_seopress_titles_desc":"","_seopress_robots_index":"","footnotes":""},"categories":[343,1428],"tags":[2368,2370,2054,2365,2364,2367,2366,2369],"edition":[],"class_list":["post-85517","post","type-post","status-publish","format-standard","has-post-thumbnail","hentry","category-advanced-manfuctaring-news-en","category-on-the-sofa-with-en","tag-comillas-en","tag-electricas-en","tag-energia-en-2","tag-energia-renovable-en","tag-factura-luz-en","tag-icai-en","tag-jose-luis-sancha-en","tag-potencia-en"],"_links":{"self":[{"href":"https:\/\/www.advancedmanufacturingmadrid.com\/en\/wp-json\/wp\/v2\/posts\/85517","targetHints":{"allow":["GET"]}}],"collection":[{"href":"https:\/\/www.advancedmanufacturingmadrid.com\/en\/wp-json\/wp\/v2\/posts"}],"about":[{"href":"https:\/\/www.advancedmanufacturingmadrid.com\/en\/wp-json\/wp\/v2\/types\/post"}],"author":[{"embeddable":true,"href":"https:\/\/www.advancedmanufacturingmadrid.com\/en\/wp-json\/wp\/v2\/users\/1"}],"replies":[{"embeddable":true,"href":"https:\/\/www.advancedmanufacturingmadrid.com\/en\/wp-json\/wp\/v2\/comments?post=85517"}],"version-history":[{"count":4,"href":"https:\/\/www.advancedmanufacturingmadrid.com\/en\/wp-json\/wp\/v2\/posts\/85517\/revisions"}],"predecessor-version":[{"id":115972,"href":"https:\/\/www.advancedmanufacturingmadrid.com\/en\/wp-json\/wp\/v2\/posts\/85517\/revisions\/115972"}],"wp:featuredmedia":[{"embeddable":true,"href":"https:\/\/www.advancedmanufacturingmadrid.com\/en\/wp-json\/wp\/v2\/media\/86420"}],"wp:attachment":[{"href":"https:\/\/www.advancedmanufacturingmadrid.com\/en\/wp-json\/wp\/v2\/media?parent=85517"}],"wp:term":[{"taxonomy":"category","embeddable":true,"href":"https:\/\/www.advancedmanufacturingmadrid.com\/en\/wp-json\/wp\/v2\/categories?post=85517"},{"taxonomy":"post_tag","embeddable":true,"href":"https:\/\/www.advancedmanufacturingmadrid.com\/en\/wp-json\/wp\/v2\/tags?post=85517"},{"taxonomy":"edition","embeddable":true,"href":"https:\/\/www.advancedmanufacturingmadrid.com\/en\/wp-json\/wp\/v2\/edition?post=85517"}],"curies":[{"name":"wp","href":"https:\/\/api.w.org\/{rel}","templated":true}]}}