{"id":96324,"date":"2022-03-01T15:41:31","date_gmt":"2022-03-01T14:41:31","guid":{"rendered":"https:\/\/www.advancedmanufacturingmadrid.com\/?p=96324"},"modified":"2022-05-24T13:16:15","modified_gmt":"2022-05-24T11:16:15","slug":"on-the-sofa-with-ignacio-jimenez-coordinador-unidad-de-conocimiento-e-inteligencia-de-mercados-internacionales-gestor-de-programas-y-coordinador-subcontex-espana","status":"publish","type":"post","link":"https:\/\/www.advancedmanufacturingmadrid.com\/en\/2022\/03\/01\/on-the-sofa-with-ignacio-jimenez-coordinador-unidad-de-conocimiento-e-inteligencia-de-mercados-internacionales-gestor-de-programas-y-coordinador-subcontex-espana\/","title":{"rendered":"On the sofa with&#8230; Ignacio Jim\u00e9nez, Coordinador Unidad de Conocimiento e Inteligencia de Mercados Internacionales,  Gestor de Programas y Coordinador SUBCONTEX Espa\u00f1a."},"content":{"rendered":"\t\t<div data-elementor-type=\"wp-post\" data-elementor-id=\"96324\" class=\"elementor elementor-96324 elementor-96323\" data-elementor-post-type=\"post\">\n\t\t\t\t\t\t<section class=\"elementor-section elementor-top-section elementor-element elementor-element-4019e891 elementor-section-full_width elementor-section-height-default elementor-section-height-default\" data-id=\"4019e891\" data-element_type=\"section\">\n\t\t\t\t\t\t<div class=\"elementor-container elementor-column-gap-default\">\n\t\t\t\t\t<div class=\"elementor-column elementor-col-50 elementor-top-column elementor-element elementor-element-5c0a80cf\" data-id=\"5c0a80cf\" data-element_type=\"column\">\n\t\t\t<div class=\"elementor-widget-wrap elementor-element-populated\">\n\t\t\t\t\t\t<div class=\"elementor-element elementor-element-1152dc41 elementor-invisible elementor-widget elementor-widget-heading\" data-id=\"1152dc41\" data-element_type=\"widget\" data-settings=\"{&quot;_animation&quot;:&quot;fadeInUp&quot;}\" data-widget_type=\"heading.default\">\n\t\t\t\t<div class=\"elementor-widget-container\">\n\t\t\t\t\t<h1 class=\"elementor-heading-title elementor-size-default\">On the sofa with&#8230; Ignacio Jim\u00e9nez, Coordinador Unidad de Conocimiento e Inteligencia de Mercados Internacionales,  Gestor de Programas y Coordinador SUBCONTEX Espa\u00f1a.<\/h1>\t\t\t\t<\/div>\n\t\t\t\t<\/div>\n\t\t\t\t<section class=\"elementor-section elementor-inner-section elementor-element elementor-element-c54aa59 elementor-section-boxed elementor-section-height-default elementor-section-height-default\" data-id=\"c54aa59\" data-element_type=\"section\">\n\t\t\t\t\t\t<div class=\"elementor-container elementor-column-gap-default\">\n\t\t\t\t\t<div class=\"elementor-column elementor-col-50 elementor-inner-column elementor-element elementor-element-3d3ea2d\" data-id=\"3d3ea2d\" data-element_type=\"column\">\n\t\t\t<div class=\"elementor-widget-wrap elementor-element-populated\">\n\t\t\t\t\t\t<div class=\"elementor-element elementor-element-717f5a9 elementor-widget elementor-widget-image\" data-id=\"717f5a9\" data-element_type=\"widget\" data-widget_type=\"image.default\">\n\t\t\t\t<div class=\"elementor-widget-container\">\n\t\t\t\t\t\t\t\t\t\t\t\t\t\t\t<img fetchpriority=\"high\" decoding=\"async\" width=\"400\" height=\"400\" src=\"https:\/\/easyfairsassets.com\/sites\/79\/2022\/02\/On-the-sofa-with-Ignacio-Jimenez.png\" class=\"attachment-large size-large wp-image-96327\" alt=\"\" srcset=\"https:\/\/easyfairsassets.com\/sites\/79\/2022\/02\/On-the-sofa-with-Ignacio-Jimenez.png 400w, https:\/\/easyfairsassets.com\/sites\/79\/2022\/02\/On-the-sofa-with-Ignacio-Jimenez-300x300.png 300w, https:\/\/easyfairsassets.com\/sites\/79\/2022\/02\/On-the-sofa-with-Ignacio-Jimenez-150x150.png 150w\" sizes=\"(max-width: 400px) 100vw, 400px\" \/>\t\t\t\t\t\t\t\t\t\t\t\t\t\t\t<\/div>\n\t\t\t\t<\/div>\n\t\t\t\t\t<\/div>\n\t\t<\/div>\n\t\t\t\t<div class=\"elementor-column elementor-col-50 elementor-inner-column elementor-element elementor-element-000331f\" data-id=\"000331f\" data-element_type=\"column\">\n\t\t\t<div class=\"elementor-widget-wrap elementor-element-populated\">\n\t\t\t\t\t\t<div class=\"elementor-element elementor-element-4c728b9 elementor-widget elementor-widget-text-editor\" data-id=\"4c728b9\" data-element_type=\"widget\" data-widget_type=\"text-editor.default\">\n\t\t\t\t<div class=\"elementor-widget-container\">\n\t\t\t\t\t\t\t\t\t<div id=\"part3143367\" class=\"P13\">\n<p style=\"text-align: left\"><strong>Advanced Manufacturing Madrid &#8211; Ignacio, cu\u00e9ntanos c\u00f3mo se enmarca la actividad de Subcontex dentro de la C\u00e1mara de Comercio de Espa\u00f1a y c\u00f3mo es tu d\u00eda a d\u00eda en tu cargo.<\/strong><\/p>\n<p style=\"text-align: left\"><strong>Ignacio Jim\u00e9nez &#8211;<\/strong> SUBCONTEX es el servicio especializado de las C\u00e1maras de Comercio en apoyo de las empresas del sector de la Subcontrataci\u00f3n Industrial, empresas cuya caracter\u00edstica principal es la capacidad de fabricar el producto o soluci\u00f3n industrial intermedia que la empresa industrial necesita en su proceso de fabricaci\u00f3n.\u00a0 Su valor diferencial es la capacidad de ofrecer su tecnolog\u00eda, know how y experiencia para fabricar a medida aquel producto intermedio que la empresa industrial necesita para su proyecto de fabricaci\u00f3n.<\/p>\n<p style=\"text-align: left\">Somos la organizaci\u00f3n que representa al sector en Espa\u00f1a y Organismo Colaborador de ICEX Espa\u00f1a Exportaci\u00f3n e Inversiones para la internacionalizaci\u00f3n de las empresas del sector. Trabajamos conjuntamente ambas organizaciones para promover su consolidaci\u00f3n en los mercados internacionales.<\/p>\n<\/div>\n\t\t\t\t\t\t\t\t<\/div>\n\t\t\t\t<\/div>\n\t\t\t\t\t<\/div>\n\t\t<\/div>\n\t\t\t\t\t<\/div>\n\t\t<\/section>\n\t\t\t\t<section class=\"elementor-section elementor-inner-section elementor-element elementor-element-bebfd39 elementor-section-boxed elementor-section-height-default elementor-section-height-default\" data-id=\"bebfd39\" data-element_type=\"section\">\n\t\t\t\t\t\t<div class=\"elementor-container elementor-column-gap-default\">\n\t\t\t\t\t<div class=\"elementor-column elementor-col-100 elementor-inner-column elementor-element elementor-element-6ff610f\" data-id=\"6ff610f\" data-element_type=\"column\">\n\t\t\t<div class=\"elementor-widget-wrap elementor-element-populated\">\n\t\t\t\t\t\t<div class=\"elementor-element elementor-element-488ff8d elementor-widget elementor-widget-text-editor\" data-id=\"488ff8d\" data-element_type=\"widget\" data-widget_type=\"text-editor.default\">\n\t\t\t\t<div class=\"elementor-widget-container\">\n\t\t\t\t\t\t\t\t\t<div id=\"part3143367\" class=\"P13\">\n<p style=\"text-align: left\">Mi trabajo diario se centra en trabajar conjuntamente con las C\u00e1maras de Comercio que forman parte de <a href=\"https:\/\/subcontex.camara.es\/\" target=\"_blank\" rel=\"noopener\">SUBCONTEX<\/a> en el desarrollo de las actuaciones que ofrecemos a las empresas de subcontrataci\u00f3n industrial para apoyar su presencia en los mercados internacionales (captaci\u00f3n de oportunidades de fabricaci\u00f3n internacionales, organizaci\u00f3n de encuentros con compradores, participaci\u00f3n en ferias internacionales y gesti\u00f3n del directorio de empresas espa\u00f1olas de subcontrataci\u00f3n industrial).<\/p>\n<p style=\"text-align: left\">Asimismo, trabajo en el desarrollo de los Programas de asesoramiento individualizado a empresas que en C\u00e1mara de Comercio de Espa\u00f1a hemos dise\u00f1ado con apoyo de FEDER (Xpande, Xpande Digital e Int-eComm), a trav\u00e9s de los cuales los t\u00e9cnicos de las C\u00e1maras de Comercio, con el apoyo de nuestra unidad de Conocimiento, asesoran a las empresas para el dise\u00f1o de planes de internacionalizaci\u00f3n, planes de marketing digital internacional y planes de e-Commerce internacional.<\/p>\n<p style=\"text-align: left\"><strong>AMM &#8211; \u00bfEn qu\u00e9 favorece a una empresa del sector ser parte de una Bolsa de Subcontrataci\u00f3n Industrial como es Subcontex?<\/strong><\/p>\n<p style=\"text-align: left\"><strong>I. Jim\u00e9nez &#8211;<\/strong> Para las empresas de subcontrataci\u00f3n industrial es m\u00e1s complicado acceder a nuevos clientes y participar en nuevos proyectos de fabricaci\u00f3n. Se trata de empresas que no tienen producto propio, sino la capacidad de fabricar aquel producto industrial intermedio que la empresa cliente necesita. Por ello su promoci\u00f3n internacional difiere de los canales que siguen habitualmente las empresas con producto propio (importador, distribuidor \u2026). En el caso del sector en el que trabajamos el canal es directo. Por ello, SUBCONTEX tiene como objetivo ayudar a las empresas a que consigan contactos con compradores industriales que est\u00e9n buscando proveedores y a promocionarse internacionalmente. Nuestro valor diferencial respecto a otras asociaciones es que tenemos mucha experiencia en los mercados internacionales, tenemos contactos con compradores industriales internacionales y nos involucramos en la capaci\u00f3n de oportunidades de fabricaci\u00f3n para las empresas que se asocian al servicio.<\/p>\n<p style=\"text-align: left\">Organizamos anualmente tres encuentros con compradores industriales, con metodolog\u00eda propia, que se han convertido en citas imprescindibles para las empresas de subcontrataci\u00f3n industrial, ya que a partir de ellos algunas empresas entran a formar parte como proveedores en proyectos de fabricaci\u00f3n. Y cada a\u00f1o participamos en cerca de 20 ferias industriales internacionales, promocionando las empresas del sector y generando contactos con compradores.<\/p>\n<p style=\"text-align: left\">Finalmente, les ayudamos a promocionarse de forma online a trav\u00e9s del directorio de empresas espa\u00f1olas de subcontrataci\u00f3n industrial con capacidad de ofrecer sus servicios en los mercados internacionales que ofrece informaci\u00f3n de las empresas y sus capacidades en castellano, ingl\u00e9s y franc\u00e9s.<\/p>\n<p style=\"text-align: left\"><strong>AMM &#8211; Si hablamos de competitividad internacional, \u00bfcu\u00e1les son las fortalezas y debilidades de la industria del metal nacional?<\/strong><\/p>\n<p style=\"text-align: left\"><strong>I. Jim\u00e9nez &#8211;<\/strong> Las empresas m\u00e1s competitivas son aquellas con presencia internacional. Nosotros decimos siempre que la competitividad favorece la internacionalizaci\u00f3n, pero, a su vez, la internacionalizaci\u00f3n favorece la competitividad. Operar en mercados internacionales favorece que la empresa mejore, ya que compite en un entorno internacional con m\u00e1s y mejores empresas.<\/p>\n<p style=\"text-align: left\">Centr\u00e1ndome en las empresas de subcontrataci\u00f3n industrial, como fortalezas destacar\u00eda las siguientes:<\/p>\n<ul style=\"text-align: left\">\n<li>Ser empresas claves en la cadena de fabricaci\u00f3n industrial y en la mejora de la competitividad del producto industrial.<\/li>\n<li>Sector tecnol\u00f3gicamente avanzado. Elevado nivel de inversi\u00f3n en tecnolog\u00eda, que les permiten ser capaces de desarrollar la soluci\u00f3n que la empresa industrial necesita.<\/li>\n<li>Experiencia de trabajo en entornos internacionales (con empresas multinacionales, con otras empresas que participan en proyectos internacionales \u2026).<\/li>\n<li>Altos niveles de certificaciones y homologaciones.<\/li>\n<li>Aportaci\u00f3n de mejoras en los proyectos de fabricaci\u00f3n de las empresas clientes.<\/li>\n<li>Gesti\u00f3n integral del proceso de sus soluciones de fabricaci\u00f3n.<\/li>\n<li>Alta especializaci\u00f3n en las tecnolog\u00edas sobre las que se basan sus soluciones de fabricaci\u00f3n a medida.<\/li>\n<li>Alto \u00edndice de I+D+i para ofrecer a sus clientes la soluci\u00f3n tecnol\u00f3gica m\u00e1s competitiva.<\/li>\n<li>Alto nivel de flexibilidad y adaptaci\u00f3n a las necesidades de los clientes.<\/li>\n<li>Elevado grado de especializaci\u00f3n y conocimiento en soluciones tecnol\u00f3gicas de fabricaci\u00f3n a medida.<\/li>\n<li>Experiencia y especializaci\u00f3n en sectores industriales altamente tecnol\u00f3gicos y competitivos (automoci\u00f3n, aeroespacial, aeron\u00e1utico, defensa, ferrocarril, telecomunicaciones, tecnolog\u00edas m\u00e9dicas, maquinaria &#8230;).<\/li>\n<\/ul>\n<p>\u00a0<\/p>\n<p style=\"text-align: left\">Como puntos d\u00e9biles de esta industria destacar\u00eda los siguientes:<\/p>\n<ul style=\"text-align: left\">\n<li>Menor tama\u00f1o de las empresas respecto a otros pa\u00edses de nuestro entorno.<\/li>\n<li>Dificultad de entrar como proveedor ante nuevos clientes.<\/li>\n<li>Dificultad de encontrar nuevos proyectos de fabricaci\u00f3n en los que participar.<\/li>\n<li>Mercados internacionales limitados geogr\u00e1ficamente por la necesidad de la proximidad. Para mercados lejanos es necesario la implantaci\u00f3n productiva.<\/li>\n<li>Posici\u00f3n en la cadena de valor de la producci\u00f3n: imprescindibles pero d\u00e9biles frente a empresas m\u00e1s grandes y con mayor poder negociador.<\/li>\n<\/ul>\n<p style=\"text-align: left\">\u00a0<\/p>\n<p style=\"text-align: left\"><strong>AMM &#8211; \u00bfC\u00f3mo ha afectado la pandemia a la internacionalizaci\u00f3n de las empresas espa\u00f1olas del sector industrial?<\/strong><\/p>\n<p style=\"text-align: left\"><strong>I. Jim\u00e9nez &#8211;<\/strong> La pandemia provoc\u00f3 una ca\u00edda de las econom\u00edas y del comercio internacional. En 2020 el comercio internacional se par\u00f3. Los pedidos empezaron a caer en enero de 2020, tal como se refleja en el siguiente gr\u00e1fico en el que se ve la evoluci\u00f3n del \u00edndice mundial de gestores de compra (naranja) e \u00edndice de nuevos pedidos de exportaci\u00f3n (azul) elaborados por la empresa IHS-Markit. Estos \u00edndices anticipan la evoluci\u00f3n del comercio internacional. En el \u00faltimo trimestre de 2020 empezaron a aumentar los pedidos lo que pronosticaba un crecimiento del comercio internacional en 2021.<\/p>\n<\/div>\n\t\t\t\t\t\t\t\t<\/div>\n\t\t\t\t<\/div>\n\t\t\t\t<div class=\"elementor-element elementor-element-e257e42 elementor-widget elementor-widget-image\" data-id=\"e257e42\" data-element_type=\"widget\" data-widget_type=\"image.default\">\n\t\t\t\t<div class=\"elementor-widget-container\">\n\t\t\t\t\t\t\t\t\t\t\t\t\t\t\t<img decoding=\"async\" width=\"499\" height=\"285\" src=\"https:\/\/easyfairsassets.com\/sites\/79\/2022\/02\/Imagen3.jpg\" class=\"attachment-large size-large wp-image-96335\" alt=\"\" srcset=\"https:\/\/easyfairsassets.com\/sites\/79\/2022\/02\/Imagen3.jpg 499w, https:\/\/easyfairsassets.com\/sites\/79\/2022\/02\/Imagen3-300x171.jpg 300w\" sizes=\"(max-width: 499px) 100vw, 499px\" \/>\t\t\t\t\t\t\t\t\t\t\t\t\t\t\t<\/div>\n\t\t\t\t<\/div>\n\t\t\t\t\t<\/div>\n\t\t<\/div>\n\t\t\t\t\t<\/div>\n\t\t<\/section>\n\t\t\t\t<section class=\"elementor-section elementor-inner-section elementor-element elementor-element-67074be elementor-section-boxed elementor-section-height-default elementor-section-height-default\" data-id=\"67074be\" data-element_type=\"section\">\n\t\t\t\t\t\t<div class=\"elementor-container elementor-column-gap-default\">\n\t\t\t\t\t<div class=\"elementor-column elementor-col-100 elementor-inner-column elementor-element elementor-element-936dc8b\" data-id=\"936dc8b\" data-element_type=\"column\">\n\t\t\t<div class=\"elementor-widget-wrap elementor-element-populated\">\n\t\t\t\t\t\t<div class=\"elementor-element elementor-element-aedfd83 elementor-widget elementor-widget-text-editor\" data-id=\"aedfd83\" data-element_type=\"widget\" data-widget_type=\"text-editor.default\">\n\t\t\t\t<div class=\"elementor-widget-container\">\n\t\t\t\t\t\t\t\t\t<div id=\"part3143367\" class=\"P13\">\n<p style=\"text-align: left\">En este sentido, las empresas industriales han tenido que aguantar durante el tiempo que ha durado esta situaci\u00f3n, con la incertidumbre de no saber cu\u00e1nto iba a durar. Ha ayudado mucho la pol\u00edtica de ERTES impulsada por el Gobierno de Espa\u00f1a, que ha permitido que la empresa afrontara esta situaci\u00f3n de una manera menos traum\u00e1tica.<\/p>\n<p style=\"text-align: left\">Otro hecho que se ha constatado con la situaci\u00f3n vivida por la pandemia es la excesiva dependencia que todos los pa\u00edses han tenido de la producci\u00f3n industrial asi\u00e1tica. Esto ha llevado a que se hayan replanteado pol\u00edticas de apoyo a la industria europea, para fabricar en los pa\u00edses europeos productos considerados claves y estrat\u00e9gicos.<\/p>\n<p style=\"text-align: left\">Incluso algunas empresas se han planteado estrategias de \u201creshoring\u201d para algunas de sus actividades, es decir, volver a traer aqu\u00ed la producci\u00f3n de productos que ten\u00edan externalizados en otros pa\u00edses.<\/p>\n<p style=\"text-align: left\">Por \u00faltimo, comentar que algunos sectores industriales no se han visto tan perjudicados por la pandemia. Son aquellos vinculados a los sectores considerados prioritarios, como fueron el m\u00e9dico, agroalimentario, agr\u00edcola o telecomunicaciones.<\/p>\n<p style=\"text-align: left\"><strong>AMM &#8211; La sostenibilidad cada vez cobra m\u00e1s relevancia en todos los \u00e1mbitos, \u00bfqu\u00e9 soluciones se est\u00e1n implementando para hacer m\u00e1s verde el sector industrial?<\/strong><\/p>\n<p style=\"text-align: left\"><strong>I. Jim\u00e9nez &#8211;<\/strong> La mejora de la sostenibilidad del planeta se viene persiguiendo a nivel internacional desde hace muchos a\u00f1os. Primero con los Objetivos de Desarrollo del Milenio y posteriormente con los Objetivos de Desarrollo Sostenible, impulsados por Naciones Unidas en 2015.<\/p>\n<p style=\"text-align: left\">El Ministerio de Industria del Gobierno de Espa\u00f1a present\u00f3 en 2019 las &#8220;Directrices Generales de la Nueva Pol\u00edtica Industrial Espa\u00f1ola 2030&#8221;, se\u00f1alando que la pol\u00edtica industrial del futuro deb\u00eda regirse por una mejora de la productividad y la competitividad, el incremento del peso de la industria en el PIB nacional, la sostenibilidad y descarbonizaci\u00f3n de la econom\u00eda, la digitalizaci\u00f3n y la internacionalizaci\u00f3n.<\/p>\n<p style=\"text-align: left\">Vino la pandemia y, tras ella, la Uni\u00f3n Europea lanz\u00f3 el Plan de Recuperaci\u00f3n para Europa con los Fondos Next Generation, que tiene como objetivo liderar el camino hacia la salida de la crisis y sentar las bases para una Europa moderna y m\u00e1s sostenible.<\/p>\n<p style=\"text-align: left\">A mediados de 2021 se aprob\u00f3 el Plan de Recuperaci\u00f3n, Transformaci\u00f3n y Resiliencia impulsado por el Gobierno de Espa\u00f1a. Su objetivo es acelerar la recuperaci\u00f3n econ\u00f3mica y social tras la crisis del COVID-19 y lograr incrementar la capacidad de crecimiento a medio y largo plazo. En \u00e9l se recoge el Componente 12: Pol\u00edtica Industrial Espa\u00f1a 2030, con diferentes objetivos, entre los que destaca la sostenibilidad.<\/p>\n<p style=\"text-align: left\">En este sentido, la sostenibilidad es un concepto indiscutible en la Uni\u00f3n Europea y el Gobierno espa\u00f1ol est\u00e1 impulsando pol\u00edticas de apoyo y las empresas espa\u00f1olas, por su parte, vienen tomando medidas tendentes a mejorar la sostenibilidad en sus actuaciones. Est\u00e1n llevando a cabo, cada una a su nivel, una transformaci\u00f3n bajo los est\u00e1ndares de la industria 4.0: procesos de gesti\u00f3n sostenibles bajo est\u00e1ndares de calidad como la ISO 14.001 u otras normas, digitalizaci\u00f3n, monitorizaci\u00f3n y control uso energ\u00e9tico, incorporaci\u00f3n de tecnolog\u00edas m\u00e1s eficientes, impulso a la ecoeficiencia, minimizaci\u00f3n de vertidos y emisiones, mejora de la huella de carbono, mejora de la gesti\u00f3n de residuos, movilidad sostenible, automatizaci\u00f3n y gesti\u00f3n sostenible de la cadena de suministros, entre otras.<\/p>\n<p style=\"text-align: left\">La pena es que la implicaci\u00f3n de los Gobiernos sobre la sostenibilidad no sea igual en todos los pa\u00edses industrializados del mundo.<\/p>\n<p style=\"text-align: left\"><strong>AMM &#8211; Para terminar, seg\u00fan tu amplia experiencia en el sector, \u00bfcu\u00e1les son los principales retos para el sector en los pr\u00f3ximos a\u00f1os y previsiones de mercado en 2022?<\/strong><\/p>\n<p style=\"text-align: left\"><strong>I. Jim\u00e9nez &#8211;<\/strong> Para mi, el principal reto es volver a alcanzar los niveles de actividad previos a la pandemia. Los indicadores nos est\u00e1n mostrando que vamos por el buen camino. La actividad econ\u00f3mica se est\u00e1 relanzado y el comercio internacional est\u00e1 alcanzando niveles altos. Sin embargo, actuamos en un entorno global y lo que ocurre en las distintas Regiones del mundo tienen unas implicaciones muy directas con la actividad empresarial. La invasi\u00f3n de Rusia a Ucrania que estamos viviendo en estos momentos va a tener consecuencias a\u00fan imprevisibles, que afectar\u00e1n a la actividad de las empresas.<\/p>\n<p style=\"text-align: left\">Otros retos van a ser la mejora tecnol\u00f3gica de las empresas y sus productos, as\u00ed como la gesti\u00f3n de los aprovisionamientos, el precio de las materias primas y los costes log\u00edsticos, todo ellos aspectos claves de la competitividad de las empresas. Todo con el objetivo de ser lo m\u00e1s competitivo posible en un entorno totalmente globalizado.<\/p>\n<\/div>\n\t\t\t\t\t\t\t\t<\/div>\n\t\t\t\t<\/div>\n\t\t\t\t\t<\/div>\n\t\t<\/div>\n\t\t\t\t\t<\/div>\n\t\t<\/section>\n\t\t\t\t\t<\/div>\n\t\t<\/div>\n\t\t\t\t<div class=\"elementor-column elementor-col-50 elementor-top-column elementor-element elementor-element-188aad1e\" data-id=\"188aad1e\" data-element_type=\"column\">\n\t\t\t<div class=\"elementor-widget-wrap elementor-element-populated\">\n\t\t\t\t\t\t<div class=\"elementor-element elementor-element-53623e7 elementor-invisible elementor-widget elementor-widget-heading\" data-id=\"53623e7\" data-element_type=\"widget\" data-settings=\"{&quot;_animation&quot;:&quot;fadeInUp&quot;}\" data-widget_type=\"heading.default\">\n\t\t\t\t<div class=\"elementor-widget-container\">\n\t\t\t\t\t<h2 class=\"elementor-heading-title elementor-size-default\">Suscr\u00edbete a nuestra newsletter<\/h2>\t\t\t\t<\/div>\n\t\t\t\t<\/div>\n\t\t\t\t<div class=\"elementor-element elementor-element-9f8d3e3 elementor-tablet-button-align-stretch elementor-button-align-stretch elementor-widget elementor-widget-form\" data-id=\"9f8d3e3\" data-element_type=\"widget\" data-settings=\"{&quot;step_next_label&quot;:&quot;Next&quot;,&quot;step_previous_label&quot;:&quot;Previous&quot;,&quot;button_width&quot;:&quot;100&quot;,&quot;step_type&quot;:&quot;number_text&quot;,&quot;step_icon_shape&quot;:&quot;circle&quot;}\" data-widget_type=\"form.default\">\n\t\t\t\t<div class=\"elementor-widget-container\">\n\t\t\t\t\t\t\t<form class=\"elementor-form\" method=\"post\" name=\"Newslwtter\" aria-label=\"Newslwtter\">\n\t\t\t<input type=\"hidden\" name=\"post_id\" value=\"96324\"\/>\n\t\t\t<input type=\"hidden\" name=\"form_id\" value=\"9f8d3e3\"\/>\n\t\t\t<input type=\"hidden\" name=\"referer_title\" value=\"\" \/>\n\n\t\t\t\n\t\t\t<div class=\"elementor-form-fields-wrapper elementor-labels-\">\n\t\t\t\t\t\t\t\t<div class=\"elementor-field-type-text elementor-field-group elementor-column elementor-field-group-FirstName elementor-col-100\">\n\t\t\t\t\t\t\t\t\t\t\t\t<label for=\"form-field-FirstName\" class=\"elementor-field-label elementor-screen-only\">\n\t\t\t\t\t\t\t\tNombre\t\t\t\t\t\t\t<\/label>\n\t\t\t\t\t\t\t\t\t\t\t\t\t\t<input size=\"1\" type=\"text\" name=\"form_fields[FirstName]\" id=\"form-field-FirstName\" class=\"elementor-field elementor-size-sm  elementor-field-textual\" placeholder=\"Nombre\">\n\t\t\t\t\t\t\t\t\t\t\t<\/div>\n\t\t\t\t\t\t\t\t<div class=\"elementor-field-type-text elementor-field-group elementor-column elementor-field-group-LastName elementor-col-100\">\n\t\t\t\t\t\t\t\t\t\t\t\t<label for=\"form-field-LastName\" class=\"elementor-field-label elementor-screen-only\">\n\t\t\t\t\t\t\t\tApellido\t\t\t\t\t\t\t<\/label>\n\t\t\t\t\t\t\t\t\t\t\t\t\t\t<input size=\"1\" type=\"text\" name=\"form_fields[LastName]\" id=\"form-field-LastName\" class=\"elementor-field elementor-size-sm  elementor-field-textual\" placeholder=\"Apellido\">\n\t\t\t\t\t\t\t\t\t\t\t<\/div>\n\t\t\t\t\t\t\t\t<div class=\"elementor-field-type-email elementor-field-group elementor-column elementor-field-group-Email elementor-col-100 elementor-field-required\">\n\t\t\t\t\t\t\t\t\t\t\t\t<label for=\"form-field-Email\" class=\"elementor-field-label elementor-screen-only\">\n\t\t\t\t\t\t\t\tEmail\t\t\t\t\t\t\t<\/label>\n\t\t\t\t\t\t\t\t\t\t\t\t\t\t<input size=\"1\" type=\"email\" name=\"form_fields[Email]\" id=\"form-field-Email\" class=\"elementor-field elementor-size-sm  elementor-field-textual\" placeholder=\"Email\" required=\"required\">\n\t\t\t\t\t\t\t\t\t\t\t<\/div>\n\t\t\t\t\t\t\t\t<div class=\"elementor-field-group elementor-column elementor-field-type-submit elementor-col-100 e-form__buttons\">\n\t\t\t\t\t<button class=\"elementor-button elementor-size-sm\" type=\"submit\">\n\t\t\t\t\t\t<span class=\"elementor-button-content-wrapper\">\n\t\t\t\t\t\t\t\t\t\t\t\t\t\t\t\t\t\t\t\t\t\t<span class=\"elementor-button-text\">Send<\/span>\n\t\t\t\t\t\t\t\t\t\t\t\t\t<\/span>\n\t\t\t\t\t<\/button>\n\t\t\t\t<\/div>\n\t\t\t<\/div>\n\t\t<\/form>\n\t\t\t\t\t\t<\/div>\n\t\t\t\t<\/div>\n\t\t\t\t<div class=\"elementor-element elementor-element-2d42a228 elementor-hidden-desktop elementor-hidden-tablet elementor-hidden-phone elementor-widget elementor-widget-wp-widget-adsanity-single\" data-id=\"2d42a228\" data-element_type=\"widget\" data-widget_type=\"wp-widget-adsanity-single.default\">\n\t\t\t\t<div class=\"elementor-widget-container\">\n\t\t\t\t\t\n<div id=\"ad-34445\" class=\"ad-300x250 adsanity-300x250  adsanity-\"\n><div class=\"adsanity-inner\">\n\n<div class=\"adsanity-gati\" data-title=\"MPU 1\"><a rel=\"nofollow\" href=\"https:\/\/www.advancedmanufacturingmadrid.com\/en\/ads\/mpu-1\/\"  target=\"_blank\"><img decoding=\"async\" width=\"300\" height=\"250\" src=\"https:\/\/easyfairsassets.com\/sites\/79\/2020\/12\/300-x-250_Risk.jpg\" class=\"no-lazy-load wp-post-image\" alt=\"\" \/><\/a><\/div>\n<\/div><\/div>\n\n\t\t\t\t<\/div>\n\t\t\t\t<\/div>\n\t\t\t\t<div class=\"elementor-element elementor-element-12da316 elementor-grid-1 elementor-posts--thumbnail-none elementor-grid-tablet-1 elementor-grid-mobile-1 elementor-widget elementor-widget-posts\" data-id=\"12da316\" data-element_type=\"widget\" data-settings=\"{&quot;classic_columns&quot;:&quot;1&quot;,&quot;classic_row_gap&quot;:{&quot;unit&quot;:&quot;px&quot;,&quot;size&quot;:&quot;23&quot;,&quot;sizes&quot;:[]},&quot;classic_columns_tablet&quot;:&quot;1&quot;,&quot;_animation&quot;:&quot;none&quot;,&quot;classic_columns_mobile&quot;:&quot;1&quot;,&quot;classic_row_gap_tablet&quot;:{&quot;unit&quot;:&quot;px&quot;,&quot;size&quot;:&quot;&quot;,&quot;sizes&quot;:[]},&quot;classic_row_gap_mobile&quot;:{&quot;unit&quot;:&quot;px&quot;,&quot;size&quot;:&quot;&quot;,&quot;sizes&quot;:[]}}\" data-widget_type=\"posts.classic\">\n\t\t\t\t<div class=\"elementor-widget-container\">\n\t\t\t\t\t\t\t<div class=\"elementor-posts-container elementor-posts elementor-posts--skin-classic elementor-grid\" role=\"list\">\n\t\t\t\t<article class=\"elementor-post elementor-grid-item post-453712 post type-post status-publish format-standard has-post-thumbnail hentry category-advanced-manfuctaring-news-en category-the-great-innovators-en category-uncategorized tag-advancedmanufacturing-en tag-industria-en tag-industria-4-0 tag-industrial-digitisation tag-product-development tag-siemens-en\" role=\"listitem\">\n\t\t\t\t<div class=\"elementor-post__text\">\n\t\t\t\t<h3 class=\"elementor-post__title\">\n\t\t\t<a href=\"https:\/\/www.advancedmanufacturingmadrid.com\/en\/2025\/08\/27\/ec-international-group-excellence-in-prototyping-and-small-batch-production-from-metal-to-plastic\/\" >\n\t\t\t\tEC International Group: excellence in prototyping and small-batch production, from metal to plastic\t\t\t<\/a>\n\t\t<\/h3>\n\t\t\t\t<div class=\"elementor-post__excerpt\">\n\t\t\t<p>EC International Group: Excellence in Prototyping and Small-Series Production, from Metal to Plastic In an industrial environment that increasingly demands performance, agility, and quality, combining<\/p>\n\t\t<\/div>\n\t\t\n\t\t<a class=\"elementor-post__read-more\" href=\"https:\/\/www.advancedmanufacturingmadrid.com\/en\/2025\/08\/27\/ec-international-group-excellence-in-prototyping-and-small-batch-production-from-metal-to-plastic\/\" aria-label=\"Read more about EC International Group: excellence in prototyping and small-batch production, from metal to plastic\" tabindex=\"-1\" >\n\t\t\tRead More \u00bb\t\t<\/a>\n\n\t\t\t\t<\/div>\n\t\t\t\t<\/article>\n\t\t\t\t<article class=\"elementor-post elementor-grid-item post-453401 post type-post status-publish format-standard has-post-thumbnail hentry category-on-the-sofa-with-en category-uncategorized tag-advancedmanufacturing-en tag-entrevista-en tag-industria-en tag-innovacion-en tag-innovation-en-2 tag-seguridad-en tag-sostenibilidad-en tag-talgo-en\" role=\"listitem\">\n\t\t\t\t<div class=\"elementor-post__text\">\n\t\t\t\t<h3 class=\"elementor-post__title\">\n\t\t\t<a href=\"https:\/\/www.advancedmanufacturingmadrid.com\/en\/2025\/08\/22\/on-the-sofa-with-eduardo-de-la-guerra-project-manager-at-talgo-in-the-innovation-department-talgo\/\" >\n\t\t\t\tOn the sofa with&#8230; Eduardo de la Guerra &#8211; Project Manager at Talgo in the Innovation Department | Talgo\t\t\t<\/a>\n\t\t<\/h3>\n\t\t\t\t<div class=\"elementor-post__excerpt\">\n\t\t\t<p><span style=\"color: #1d2129; font-family: -apple-system, BlinkMacSystemFont, 'Segoe UI', Roboto, Oxygen-Sans, Ubuntu, Cantarell, 'Helvetica Neue', sans-serif; font-weight: bold; background-color: #f2f3f5;\">On the sofa with&#8230; Eduardo de la Guerra &#8211; jefe de proyectos en talgo en la direcci\u00f3n de innovacion | Talgo\u00a0<\/span><\/p>\n\t\t<\/div>\n\t\t\n\t\t<a class=\"elementor-post__read-more\" href=\"https:\/\/www.advancedmanufacturingmadrid.com\/en\/2025\/08\/22\/on-the-sofa-with-eduardo-de-la-guerra-project-manager-at-talgo-in-the-innovation-department-talgo\/\" aria-label=\"Read more about On the sofa with&#8230; Eduardo de la Guerra &#8211; Project Manager at Talgo in the Innovation Department | Talgo\" tabindex=\"-1\" >\n\t\t\tRead More \u00bb\t\t<\/a>\n\n\t\t\t\t<\/div>\n\t\t\t\t<\/article>\n\t\t\t\t<article class=\"elementor-post elementor-grid-item post-453264 post type-post status-publish format-standard has-post-thumbnail hentry category-advanced-manfuctaring-news-en category-interviews category-on-the-sofa-with-en tag-advancedmanufacturing-en tag-digitaltwins tag-entrevista-en tag-ia-en tag-industria-en tag-innovation-en-2 tag-silvialeal-en\" role=\"listitem\">\n\t\t\t\t<div class=\"elementor-post__text\">\n\t\t\t\t<h3 class=\"elementor-post__title\">\n\t\t\t<a href=\"https:\/\/www.advancedmanufacturingmadrid.com\/en\/2025\/08\/20\/on-the-sofa-with-silvia-leal\/\" >\n\t\t\t\tOn the sofa with&#8230; Silvia Leal\t\t\t<\/a>\n\t\t<\/h3>\n\t\t\t\t<div class=\"elementor-post__excerpt\">\n\t\t\t<p><span style=\"color: #1d2129; font-family: -apple-system, BlinkMacSystemFont, 'Segoe UI', Roboto, Oxygen-Sans, Ubuntu, Cantarell, 'Helvetica Neue', sans-serif; font-weight: bold; background-color: #f2f3f5;\">On the sofa with&#8230; Silvia Leal, Experta en Tendencias de Futuro &amp; Inteligencia Artificial, Asesora de OCDE &amp; UE, Keynote Speaker<\/span><\/p>\n\t\t<\/div>\n\t\t\n\t\t<a class=\"elementor-post__read-more\" href=\"https:\/\/www.advancedmanufacturingmadrid.com\/en\/2025\/08\/20\/on-the-sofa-with-silvia-leal\/\" aria-label=\"Read more about On the sofa with&#8230; Silvia Leal\" tabindex=\"-1\" >\n\t\t\tRead More \u00bb\t\t<\/a>\n\n\t\t\t\t<\/div>\n\t\t\t\t<\/article>\n\t\t\t\t<article class=\"elementor-post elementor-grid-item post-453262 post type-post status-publish format-standard has-post-thumbnail hentry category-advanced-manfuctaring-news-en category-the-great-innovators-en category-uncategorized tag-advancedmanufacturing-en tag-industria-en tag-industria-4-0 tag-industrial-digitisation tag-product-development tag-siemens-en\" role=\"listitem\">\n\t\t\t\t<div class=\"elementor-post__text\">\n\t\t\t\t<h3 class=\"elementor-post__title\">\n\t\t\t<a href=\"https:\/\/www.advancedmanufacturingmadrid.com\/en\/2025\/08\/20\/behind-the-innovations-jaime-ruesca-ceo-de-prismacim\/\" >\n\t\t\t\tBehind the innovations: Jaime Ruesca, CEO de PRISMACIM\t\t\t<\/a>\n\t\t<\/h3>\n\t\t\t\t<div class=\"elementor-post__excerpt\">\n\t\t\t<p>Jaime Ruesca &#8211; CEO Prismacim 1. What motivated you to start developing this product? At Prismacim, we contribute to the development of innovative products in<\/p>\n\t\t<\/div>\n\t\t\n\t\t<a class=\"elementor-post__read-more\" href=\"https:\/\/www.advancedmanufacturingmadrid.com\/en\/2025\/08\/20\/behind-the-innovations-jaime-ruesca-ceo-de-prismacim\/\" aria-label=\"Read more about Behind the innovations: Jaime Ruesca, CEO de PRISMACIM\" tabindex=\"-1\" >\n\t\t\tRead More \u00bb\t\t<\/a>\n\n\t\t\t\t<\/div>\n\t\t\t\t<\/article>\n\t\t\t\t<\/div>\n\t\t\n\t\t\t\t\t\t<\/div>\n\t\t\t\t<\/div>\n\t\t\t\t<div class=\"elementor-element elementor-element-1d1f32af elementor-hidden-desktop elementor-hidden-tablet elementor-hidden-phone elementor-widget elementor-widget-wp-widget-adsanity-single\" data-id=\"1d1f32af\" data-element_type=\"widget\" data-widget_type=\"wp-widget-adsanity-single.default\">\n\t\t\t\t<div class=\"elementor-widget-container\">\n\t\t\t\t\t\n<div id=\"ad-34447\" class=\"ad-300x250 adsanity-300x250  adsanity-\"\n><div class=\"adsanity-inner\">\n\n<div class=\"adsanity-gati\" data-title=\"MPU 2\"><a rel=\"nofollow\" href=\"https:\/\/www.advancedmanufacturingmadrid.com\/en\/ads\/mpu-2\/\"  target=\"_blank\"><img loading=\"lazy\" decoding=\"async\" width=\"300\" height=\"250\" src=\"https:\/\/easyfairsassets.com\/sites\/79\/2020\/12\/300-x-250_Interiors.jpg\" class=\"no-lazy-load wp-post-image\" alt=\"\" \/><\/a><\/div>\n<\/div><\/div>\n\n\t\t\t\t<\/div>\n\t\t\t\t<\/div>\n\t\t\t\t<div class=\"elementor-element elementor-element-1d7b1acf elementor-hidden-desktop elementor-hidden-tablet elementor-hidden-phone elementor-widget elementor-widget-wp-widget-adsanity-single\" data-id=\"1d7b1acf\" data-element_type=\"widget\" data-widget_type=\"wp-widget-adsanity-single.default\">\n\t\t\t\t<div class=\"elementor-widget-container\">\n\t\t\t\t\t\n<div id=\"ad-34449\" class=\"ad-300x250 adsanity-300x250  adsanity-\"\n><div class=\"adsanity-inner\">\n\n<div class=\"adsanity-gati\" data-title=\"MPU 3\"><a rel=\"nofollow\" href=\"https:\/\/www.advancedmanufacturingmadrid.com\/en\/ads\/mpu-3\/\"  target=\"_blank\"><img loading=\"lazy\" decoding=\"async\" width=\"300\" height=\"250\" src=\"https:\/\/easyfairsassets.com\/sites\/79\/2020\/12\/300-x-250_Honeywell.jpg\" class=\"no-lazy-load wp-post-image\" alt=\"\" \/><\/a><\/div>\n<\/div><\/div>\n\n\t\t\t\t<\/div>\n\t\t\t\t<\/div>\n\t\t\t\t<div class=\"elementor-element elementor-element-690d6e9 elementor-hidden-desktop elementor-hidden-tablet elementor-hidden-phone elementor-widget elementor-widget-wp-widget-adsanity-single\" data-id=\"690d6e9\" data-element_type=\"widget\" data-widget_type=\"wp-widget-adsanity-single.default\">\n\t\t\t\t<div class=\"elementor-widget-container\">\n\t\t\t\t\t\n<div id=\"ad-34451\" class=\"ad-300x250 adsanity-300x250  adsanity-\"\n><div class=\"adsanity-inner\">\n\n<div class=\"adsanity-gati\" data-title=\"MPU 4\"><a rel=\"nofollow\" href=\"https:\/\/www.advancedmanufacturingmadrid.com\/en\/ads\/mpu-4\/\"  target=\"_blank\"><img loading=\"lazy\" decoding=\"async\" width=\"300\" height=\"250\" src=\"https:\/\/easyfairsassets.com\/sites\/79\/2020\/12\/300-x-250_Edoc.jpg\" class=\"no-lazy-load wp-post-image\" alt=\"\" \/><\/a><\/div>\n<\/div><\/div>\n\n\t\t\t\t<\/div>\n\t\t\t\t<\/div>\n\t\t\t\t\t<\/div>\n\t\t<\/div>\n\t\t\t\t\t<\/div>\n\t\t<\/section>\n\t\t\t\t<section class=\"elementor-section elementor-top-section elementor-element elementor-element-538f6e00 elementor-section-full_width elementor-section-height-default elementor-section-height-default\" data-id=\"538f6e00\" data-element_type=\"section\">\n\t\t\t\t\t\t<div class=\"elementor-container elementor-column-gap-default\">\n\t\t\t\t\t<div class=\"elementor-column elementor-col-100 elementor-top-column elementor-element elementor-element-2e5a66e9\" data-id=\"2e5a66e9\" data-element_type=\"column\">\n\t\t\t<div class=\"elementor-widget-wrap elementor-element-populated\">\n\t\t\t\t\t\t<div class=\"elementor-element elementor-element-46a66c4d elementor-widget-divider--view-line elementor-widget elementor-widget-divider\" data-id=\"46a66c4d\" data-element_type=\"widget\" data-widget_type=\"divider.default\">\n\t\t\t\t<div class=\"elementor-widget-container\">\n\t\t\t\t\t\t\t<div class=\"elementor-divider\">\n\t\t\t<span class=\"elementor-divider-separator\">\n\t\t\t\t\t\t<\/span>\n\t\t<\/div>\n\t\t\t\t\t\t<\/div>\n\t\t\t\t<\/div>\n\t\t\t\t<div class=\"elementor-element elementor-element-42d0a3ec elementor-invisible elementor-widget elementor-widget-text-editor\" data-id=\"42d0a3ec\" data-element_type=\"widget\" data-settings=\"{&quot;_animation&quot;:&quot;fadeInUp&quot;}\" data-widget_type=\"text-editor.default\">\n\t\t\t\t<div class=\"elementor-widget-container\">\n\t\t\t\t\t\t\t\t\t<p><span style=\"vertical-align: inherit\"><span style=\"vertical-align: inherit\"><span style=\"vertical-align: inherit\"><span style=\"vertical-align: inherit\"><span style=\"vertical-align: inherit\"><span style=\"vertical-align: inherit\">S\u00edguenos en nuestras redes sociales<\/span><\/span><\/span><\/span><\/span><\/span><\/p>\n\t\t\t\t\t\t\t\t<\/div>\n\t\t\t\t<\/div>\n\t\t\t\t<div class=\"elementor-element elementor-element-41328be7 elementor-shape-circle e-grid-align-left e-grid-align-mobile-left elementor-grid-0 elementor-invisible elementor-widget elementor-widget-social-icons\" data-id=\"41328be7\" data-element_type=\"widget\" data-settings=\"{&quot;_animation&quot;:&quot;bounceIn&quot;}\" data-widget_type=\"social-icons.default\">\n\t\t\t\t<div class=\"elementor-widget-container\">\n\t\t\t\t\t\t\t<div class=\"elementor-social-icons-wrapper elementor-grid\" role=\"list\">\n\t\t\t\t\t\t\t<span class=\"elementor-grid-item\" role=\"listitem\">\n\t\t\t\t\t<a class=\"elementor-icon elementor-social-icon elementor-social-icon-facebook-f elementor-repeater-item-7821199\" href=\"https:\/\/www.facebook.com\/advancedmanufacturingES\" target=\"_blank\" rel=\"nofollow\">\n\t\t\t\t\t\t<span class=\"elementor-screen-only\">Facebook-f<\/span>\n\t\t\t\t\t\t<i aria-hidden=\"true\" class=\"fab fa-facebook-f\"><\/i>\t\t\t\t\t<\/a>\n\t\t\t\t<\/span>\n\t\t\t\t\t\t\t<span class=\"elementor-grid-item\" role=\"listitem\">\n\t\t\t\t\t<a class=\"elementor-icon elementor-social-icon elementor-social-icon-twitter elementor-repeater-item-pc69ffs\" href=\"https:\/\/twitter.com\/AdvManufactES\" target=\"_blank\" rel=\"nofollow\">\n\t\t\t\t\t\t<span class=\"elementor-screen-only\">Twitter<\/span>\n\t\t\t\t\t\t<i aria-hidden=\"true\" class=\"fab fa-twitter\"><\/i>\t\t\t\t\t<\/a>\n\t\t\t\t<\/span>\n\t\t\t\t\t\t\t<span class=\"elementor-grid-item\" role=\"listitem\">\n\t\t\t\t\t<a class=\"elementor-icon elementor-social-icon elementor-social-icon-instagram elementor-repeater-item-ac1eea0\" href=\"https:\/\/www.instagram.com\/advancedmanufacturinges\/\" target=\"_blank\" rel=\"nofollow\">\n\t\t\t\t\t\t<span class=\"elementor-screen-only\">Instagram<\/span>\n\t\t\t\t\t\t<i aria-hidden=\"true\" class=\"fab fa-instagram\"><\/i>\t\t\t\t\t<\/a>\n\t\t\t\t<\/span>\n\t\t\t\t\t\t\t<span class=\"elementor-grid-item\" role=\"listitem\">\n\t\t\t\t\t<a class=\"elementor-icon elementor-social-icon elementor-social-icon-linkedin elementor-repeater-item-0e2f1b2\" href=\"https:\/\/www.linkedin.com\/company\/advancedmanufacturinges\" target=\"_blank\" rel=\"nofollow\">\n\t\t\t\t\t\t<span class=\"elementor-screen-only\">Linkedin<\/span>\n\t\t\t\t\t\t<i aria-hidden=\"true\" class=\"fab fa-linkedin\"><\/i>\t\t\t\t\t<\/a>\n\t\t\t\t<\/span>\n\t\t\t\t\t<\/div>\n\t\t\t\t\t\t<\/div>\n\t\t\t\t<\/div>\n\t\t\t\t\t<\/div>\n\t\t<\/div>\n\t\t\t\t\t<\/div>\n\t\t<\/section>\n\t\t\t\t<\/div>\n\t\t","protected":false},"excerpt":{"rendered":"<p>Advanced Manufacturing Madrid &#8211; Ignacio, cu\u00e9ntanos c\u00f3mo se enmarca la actividad de Subcontex dentro de la C\u00e1mara de Comercio de Espa\u00f1a y c\u00f3mo es tu d\u00eda a d\u00eda en tu cargo. Ignacio Jim\u00e9nez &#8211; SUBCONTEX es el servicio especializado de las C\u00e1maras de Comercio en apoyo de las empresas del sector de la Subcontrataci\u00f3n Industrial, [&hellip;]<\/p>\n","protected":false},"author":1,"featured_media":96327,"comment_status":"closed","ping_status":"closed","sticky":false,"template":"","format":"standard","meta":{"_seopress_robots_primary_cat":"none","_seopress_titles_title":"","_seopress_titles_desc":"","_seopress_robots_index":"","footnotes":""},"categories":[343,1475,1428],"tags":[2379,2377,2375,2376,2378],"edition":[],"class_list":["post-96324","post","type-post","status-publish","format-standard","has-post-thumbnail","hentry","category-advanced-manfuctaring-news-en","category-interviews","category-on-the-sofa-with-en","tag-camara-de-comercio-en","tag-gestor-de-programas-en","tag-ignacio-jimenez-en","tag-mercados-internacionales-en","tag-subcontex-espana-en"],"_links":{"self":[{"href":"https:\/\/www.advancedmanufacturingmadrid.com\/en\/wp-json\/wp\/v2\/posts\/96324","targetHints":{"allow":["GET"]}}],"collection":[{"href":"https:\/\/www.advancedmanufacturingmadrid.com\/en\/wp-json\/wp\/v2\/posts"}],"about":[{"href":"https:\/\/www.advancedmanufacturingmadrid.com\/en\/wp-json\/wp\/v2\/types\/post"}],"author":[{"embeddable":true,"href":"https:\/\/www.advancedmanufacturingmadrid.com\/en\/wp-json\/wp\/v2\/users\/1"}],"replies":[{"embeddable":true,"href":"https:\/\/www.advancedmanufacturingmadrid.com\/en\/wp-json\/wp\/v2\/comments?post=96324"}],"version-history":[{"count":5,"href":"https:\/\/www.advancedmanufacturingmadrid.com\/en\/wp-json\/wp\/v2\/posts\/96324\/revisions"}],"predecessor-version":[{"id":115970,"href":"https:\/\/www.advancedmanufacturingmadrid.com\/en\/wp-json\/wp\/v2\/posts\/96324\/revisions\/115970"}],"wp:featuredmedia":[{"embeddable":true,"href":"https:\/\/www.advancedmanufacturingmadrid.com\/en\/wp-json\/wp\/v2\/media\/96327"}],"wp:attachment":[{"href":"https:\/\/www.advancedmanufacturingmadrid.com\/en\/wp-json\/wp\/v2\/media?parent=96324"}],"wp:term":[{"taxonomy":"category","embeddable":true,"href":"https:\/\/www.advancedmanufacturingmadrid.com\/en\/wp-json\/wp\/v2\/categories?post=96324"},{"taxonomy":"post_tag","embeddable":true,"href":"https:\/\/www.advancedmanufacturingmadrid.com\/en\/wp-json\/wp\/v2\/tags?post=96324"},{"taxonomy":"edition","embeddable":true,"href":"https:\/\/www.advancedmanufacturingmadrid.com\/en\/wp-json\/wp\/v2\/edition?post=96324"}],"curies":[{"name":"wp","href":"https:\/\/api.w.org\/{rel}","templated":true}]}}