{"id":127812,"date":"2022-07-04T13:31:43","date_gmt":"2022-07-04T11:31:43","guid":{"rendered":"https:\/\/www.advancedmanufacturingmadrid.com\/?p=127812"},"modified":"2022-11-08T12:33:03","modified_gmt":"2022-11-08T11:33:03","slug":"on-the-sofa-with-jose-antonio-diez-nuevo-presidente-de-aias","status":"publish","type":"post","link":"https:\/\/www.advancedmanufacturingmadrid.com\/es\/2022\/07\/04\/on-the-sofa-with-jose-antonio-diez-nuevo-presidente-de-aias\/","title":{"rendered":"On the sofa with&#8230; Jos\u00e9 Antonio D\u00edez Silanes \u2013 nuevo Presidente de AIAS"},"content":{"rendered":"\t\t<div data-elementor-type=\"wp-post\" data-elementor-id=\"127812\" class=\"elementor elementor-127812\" data-elementor-post-type=\"post\">\n\t\t\t\t\t\t<section class=\"elementor-section elementor-top-section elementor-element elementor-element-4019e891 elementor-section-full_width elementor-section-height-default elementor-section-height-default\" data-id=\"4019e891\" data-element_type=\"section\">\n\t\t\t\t\t\t<div class=\"elementor-container elementor-column-gap-default\">\n\t\t\t\t\t<div class=\"elementor-column elementor-col-50 elementor-top-column elementor-element elementor-element-5c0a80cf\" data-id=\"5c0a80cf\" data-element_type=\"column\">\n\t\t\t<div class=\"elementor-widget-wrap elementor-element-populated\">\n\t\t\t\t\t\t<div class=\"elementor-element elementor-element-1152dc41 elementor-invisible elementor-widget elementor-widget-heading\" data-id=\"1152dc41\" data-element_type=\"widget\" data-settings=\"{&quot;_animation&quot;:&quot;fadeInUp&quot;}\" data-widget_type=\"heading.default\">\n\t\t\t\t<div class=\"elementor-widget-container\">\n\t\t\t\t\t<h1 class=\"elementor-heading-title elementor-size-default\">On the sofa with&#8230; Jos\u00e9 Antonio D\u00edez Silanes \u2013 nuevo Presidente de AIAS<\/h1>\t\t\t\t<\/div>\n\t\t\t\t<\/div>\n\t\t\t\t<div class=\"elementor-element elementor-element-548fbb8 elementor-widget elementor-widget-image\" data-id=\"548fbb8\" data-element_type=\"widget\" data-widget_type=\"image.default\">\n\t\t\t\t<div class=\"elementor-widget-container\">\n\t\t\t\t\t\t\t\t\t\t\t\t<figure class=\"wp-caption\">\n\t\t\t\t\t\t\t\t\t\t<img fetchpriority=\"high\" decoding=\"async\" width=\"800\" height=\"450\" src=\"https:\/\/easyfairsassets.com\/sites\/79\/2022\/07\/Jose-antonio-diez-on-the-sofa-1024x576.jpg\" class=\"attachment-large size-large wp-image-127829\" alt=\"\" srcset=\"https:\/\/easyfairsassets.com\/sites\/79\/2022\/07\/Jose-antonio-diez-on-the-sofa-1024x576.jpg 1024w, https:\/\/easyfairsassets.com\/sites\/79\/2022\/07\/Jose-antonio-diez-on-the-sofa-300x169.jpg 300w, https:\/\/easyfairsassets.com\/sites\/79\/2022\/07\/Jose-antonio-diez-on-the-sofa-768x432.jpg 768w, https:\/\/easyfairsassets.com\/sites\/79\/2022\/07\/Jose-antonio-diez-on-the-sofa-1536x864.jpg 1536w, https:\/\/easyfairsassets.com\/sites\/79\/2022\/07\/Jose-antonio-diez-on-the-sofa.jpg 1920w\" sizes=\"(max-width: 800px) 100vw, 800px\" \/>\t\t\t\t\t\t\t\t\t\t\t<figcaption class=\"widget-image-caption wp-caption-text\">Doctor en Qu\u00edmica por la Universidad del Pa\u00eds Vasco. Lleva en CIDETEC desde 1997, siendo director de la Divisi\u00f3n de Superficies hasta 2016. En la actualidad es Business Development Manager en CIDETEC Surface Engineering. <br><br>ES PRECISO APOSTAR POR LA CULTURA DE LA INNOVACI\u00d3N<br><br><\/figcaption>\n\t\t\t\t\t\t\t\t\t\t<\/figure>\n\t\t\t\t\t\t\t\t\t<\/div>\n\t\t\t\t<\/div>\n\t\t\t\t<section class=\"elementor-section elementor-inner-section elementor-element elementor-element-bebfd39 elementor-section-boxed elementor-section-height-default elementor-section-height-default\" data-id=\"bebfd39\" data-element_type=\"section\">\n\t\t\t\t\t\t<div class=\"elementor-container elementor-column-gap-default\">\n\t\t\t\t\t<div class=\"elementor-column elementor-col-100 elementor-inner-column elementor-element elementor-element-6ff610f\" data-id=\"6ff610f\" data-element_type=\"column\">\n\t\t\t<div class=\"elementor-widget-wrap elementor-element-populated\">\n\t\t\t\t\t\t<div class=\"elementor-element elementor-element-488ff8d elementor-widget elementor-widget-text-editor\" data-id=\"488ff8d\" data-element_type=\"widget\" data-widget_type=\"text-editor.default\">\n\t\t\t\t<div class=\"elementor-widget-container\">\n\t\t\t\t\t\t\t\t\t<div id=\"part3143367\" class=\"P13\"><p style=\"text-align: left;\">Advanced<strong> Manufacturing Madrid &#8211; \u00bfQu\u00e9 significa para usted ocupar el cargo de presidente de AIAS?<\/strong><\/p><p style=\"text-align: left;\"><strong>Jos\u00e9 Antonio D\u00edez Silanes &#8211;<\/strong> Asumo con much\u00edsima ilusi\u00f3n y respeto a la asociaci\u00f3n y hacia todos mis predecesores. En este punto, me gustar\u00eda destacar la labor de Josep Maria Sim\u00f3 Consola cuya presidencia, durante los \u00faltimos 8 a\u00f1os, ha sido impecable y ha permitido una estabilidad para poder crecer en la direcci\u00f3n adecuada. Personalmente, el hecho de tener la oportunidad de tomar la presidencia de una asociaci\u00f3n de un sector industrial que conozco perfectamente, tanto en lo que ata\u00f1e al tipo de empresas que la forman, como a sus necesidades, es un nuevo reto a nivel personal y profesional. Durante toda mi carrera he trabajado y he asesorado a muchas empresas especializadas en los tratamientos de superficies. Conozco muy bien sus problemas y necesidades, as\u00ed como las distintas realidades a las que se enfrenta.<\/p><p style=\"text-align: left;\"><strong>AMM &#8211; \u00bfQu\u00e9 cree que puede aportar a AIAS?<\/strong><\/p><p style=\"text-align: left;\"><strong>JA. D\u00edez<\/strong> &#8211; Entre otras cosas, mi vinculaci\u00f3n con CIDETEC, un centro pionero en la investigaci\u00f3n en el campo de los tratamientos superficiales y muy bien posicionado en Europa. En CIDETEC, adem\u00e1s de formar investigadores, siempre hemos trabajado para generar una base s\u00f3lida de conocimiento que nos permite conocer los materiales y aportarles, a trav\u00e9s de la superficie, las propiedades extra que no poseen. El material acaba donde empieza la superficie. Los tratamientos de superficie transforman, en gran medida, los materiales de partida pese a operar \u00fanicamente sobre su piel. De ah\u00ed, que este sector sea de vital importancia. Este es un aspecto que queremos potenciar desde AIAS y uno de los objetivos que me he propuesto para esta candidatura; <strong>dar mayor visibilidad y posicionamiento al sector de los tratamientos de superficies ante la industria.<\/strong><\/p><p style=\"text-align: left;\">Hay una frase que me gusta mucho: \u201cDios cre\u00f3 los s\u00f3lidos, pero las superficies las invent\u00f3 el diablo\u201d (Wolfgang Pauli &#8211; Premio N\u00f3bel F\u00edsica 1945). Deber\u00edamos tener muy presente que aplicar correctamente un recubrimiento superficial es imprescindible, porque es lo que convierte a las piezas y a los componentes en \u201cescudos\u201d. Las piezas y componentes que se instalan en los autom\u00f3viles, aviones, m\u00e1quinas, herramientas, aerogeneradores situados en alta mar o en tuber\u00edas y v\u00e1lvulas que soportan altas presiones, deben ser resistentes a la corrosi\u00f3n, a la temperatura y al desgaste. Sin embargo, el sector de los tratamientos de superficie no est\u00e1 lo suficientemente reconocido y, evidentemente, es necesario que sea m\u00e1s visible como sector.<\/p><p style=\"text-align: left;\"><strong>AMM &#8211; \u00bfA qu\u00e9 se debe la poca visibilidad del sector especializado en recubrimientos?\u00bfNo hay suficiente formaci\u00f3n especializada en nuestro pa\u00eds?<\/strong><\/p><p style=\"text-align: left;\"><strong>JA. D\u00edez &#8211;<\/strong> El sector de los tratamientos de superficie ha ido avanzando muy lentamente. Por un lado, ha sido muy dependiente de casas comerciales a la hora de implementar los procesos, las mejoras, la tecnolog\u00eda\u2026por otro lado, se ha basado en conocimientos y en la experiencia que han ido adquiriendo las personas sobre la marcha. En Espa\u00f1a, no hay estudios especializados orientados al sector galv\u00e1nico, a los recubrimientos, a los tratamientos, a diferencia de otros pa\u00edses de Europa. Esto hace que el conocimiento de la qu\u00edmica, de los procesos, la electroqu\u00edmica aplicada, etc., se aprende, pr\u00e1cticamente, sobre la marcha en el d\u00eda a d\u00eda; \u201ces muy dif\u00edcil encontrar gente joven formada que se incorpore al sector y que permita incrementar el grado de tecnificaci\u00f3n de las empresas\u201d. Se trata de crecer a trav\u00e9s de la especializaci\u00f3n; es muy importante incrementar el nivel tecnol\u00f3gico en las empresas del sector, para poder ir a la par, o lo m\u00e1s cercano posible, al resto de los sectores industriales. El desarrollo de sectores como el de automoci\u00f3n, aeron\u00e1utico, electr\u00f3nico, etc., demanda constantemente soluciones innovadoras en el campo de los recubrimientos y los tratamientos de superficie, de ah\u00ed que este sector tenga un car\u00e1cter transversal y se caracterice por una gran capilaridad en el conjunto de las actividades industriales, lo que le otorga una gran importancia estrat\u00e9gica.<\/p><p style=\"text-align: left;\"><strong>AMM &#8211; El control de procesos y la innovaci\u00f3n es muy importante para usted<\/strong><\/p><p style=\"text-align: left;\"><strong>JA. D\u00edez &#8211;<\/strong> La irrupci\u00f3n durante los \u00faltimos a\u00f1os de nuevos paradigmas de fabricaci\u00f3n, englobados gen\u00e9ricamente dentro del concepto de <strong>Industry 4.0<\/strong> est\u00e1 transformando los procesos productivos, y ampliando la brecha que nos separa de otros pa\u00edses. Los desaf\u00edos a los que se enfrentan las empresas del sector de tratamiento de superficies en Espa\u00f1a son muy grandes y su situaci\u00f3n actual delicada. Esto es debido a que el nivel tecnol\u00f3gico de este sector est\u00e1 muy por detr\u00e1s de otros sectores y tambi\u00e9n muy por detr\u00e1s del nivel tecnol\u00f3gico del sector en otros pa\u00edses de nuestro entorno. Algunas empresas tratamentistas ya han iniciado el camino de la transformaci\u00f3n digital. Ahora bien, en este contexto de transici\u00f3n tecnol\u00f3gico-digital, es absolutamente cr\u00edtico que las empresas superen sus debilidades y rompan sus barreras, implementando soluciones tecnol\u00f3gicas en los \u00e1mbitos de los procesos de superficie avanzados, en su control y digitalizaci\u00f3n que les permitan mantener en el futuro su posici\u00f3n competitiva en el mercado.<\/p><p style=\"text-align: left;\"><strong>Hay que invertir en I+D y en tecnolog\u00eda,<\/strong> cada uno a su nivel, por supuesto. AIAS se presenta como un aliado donde nuestros asociados pueden encontrar la ayuda que necesitan. Si no se innova se corre el riesgo de quedarse obsoleto r\u00e1pidamente, de desaparecer. Es cierto que de un d\u00eda para otro no se pueden invertir millones y menos en un sector como el nuestro, donde la mayor\u00eda de las empresas son peque\u00f1as, familiares, pero s\u00ed hay que ir creciendo cada uno a su ritmo para poder adaptarse a un mundo cada vez m\u00e1s competitivo que evoluciona a un ritmo de v\u00e9rtigo.<\/p><p style=\"text-align: left;\">\u00a0<\/p><p style=\"text-align: left;\"><strong>AMM &#8211; H\u00e1blenos de los principales objetivos que quisiera conseguir a lo largo de su presidencia<\/strong><\/p><p style=\"text-align: left;\"><strong>JA. Diez &#8211;<\/strong> Adem\u00e1s de <strong>dar m\u00e1s visibilidad al sector<\/strong>, uno de mis principales objetivos <strong>es potenciar el sentido de pertenencia de los socios.<\/strong> Quisiera que, de alguna manera, las empresas asociadas a AIAS sepan que desde la asociaci\u00f3n podemos aportar valor a\u00f1adido para su desarrollo y que sientan que forman parte de una gran asociaci\u00f3n. Por otra parte, otro de mis objetivos es <strong>incrementar el nivel t\u00e9cnico y tecnol\u00f3gico de las empresas<\/strong> para poder equiparar el sector del tratamiento superficial al resto de los sectores industriales. Desde AIAS queremos ampliar la participaci\u00f3n de nuestras empresas, de nuestros especialistas en foros industriales, ferias, conferencias, proyectos etc. Se trata de poner en valor nuestra labor. Como \u00faltimo objetivo, <strong>AIAS debe caracterizarse por la capacidad de dar un acompa\u00f1amiento global a sus asociados<\/strong>, mientras proporciona las herramientas necesarias para seguir hacia adelante. Ahora mismo nos enfrentamos a nuevos retos (alternativas al Cr(VI), nuevas legislaciones medioambientales y otros problemas de \u00edndole mundial como el coste de la energ\u00eda o la falta de materias primas. Actualmente existe una amenaza enorme. El futuro y la evoluci\u00f3n del sector es cada vez m\u00e1s incierta. El sector necesita respuestas y nosotros como asociaci\u00f3n, hemos agarrado con firmeza el tim\u00f3n para poder responder a esas demandas. Trabajamos para que este acompa\u00f1amiento sea como un traje a medida para cada empresa, porque ninguna de ellas es igual.<\/p><p style=\"text-align: left;\"><strong>AMM &#8211; \u00bfQu\u00e9 le gustar\u00eda conseguir cuando acaben los cuatro a\u00f1os en la presidencia?<\/strong><br \/><strong>JA. D\u00edez &#8211;<\/strong> Poner en valor el sector del tratamiento de superficies. Para empezar, hay que creer en nosotros mismos como sector industrial. Es preciso apostar por la cultura de la innovaci\u00f3n, de la aportaci\u00f3n de conocimiento y valor a\u00f1adido.<\/p><\/div>\t\t\t\t\t\t\t\t<\/div>\n\t\t\t\t<\/div>\n\t\t\t\t\t<\/div>\n\t\t<\/div>\n\t\t\t\t\t<\/div>\n\t\t<\/section>\n\t\t\t\t\t<\/div>\n\t\t<\/div>\n\t\t\t\t<div class=\"elementor-column elementor-col-50 elementor-top-column elementor-element elementor-element-188aad1e\" data-id=\"188aad1e\" data-element_type=\"column\">\n\t\t\t<div class=\"elementor-widget-wrap elementor-element-populated\">\n\t\t\t\t\t\t<div class=\"elementor-element elementor-element-53623e7 elementor-invisible elementor-widget elementor-widget-heading\" data-id=\"53623e7\" data-element_type=\"widget\" data-settings=\"{&quot;_animation&quot;:&quot;fadeInUp&quot;}\" data-widget_type=\"heading.default\">\n\t\t\t\t<div class=\"elementor-widget-container\">\n\t\t\t\t\t<h2 class=\"elementor-heading-title elementor-size-default\">Suscr\u00edbete a nuestra newsletter<\/h2>\t\t\t\t<\/div>\n\t\t\t\t<\/div>\n\t\t\t\t<div class=\"elementor-element elementor-element-9f8d3e3 elementor-tablet-button-align-stretch elementor-button-align-stretch elementor-widget elementor-widget-form\" data-id=\"9f8d3e3\" data-element_type=\"widget\" data-settings=\"{&quot;step_next_label&quot;:&quot;Next&quot;,&quot;step_previous_label&quot;:&quot;Previous&quot;,&quot;button_width&quot;:&quot;100&quot;,&quot;step_type&quot;:&quot;number_text&quot;,&quot;step_icon_shape&quot;:&quot;circle&quot;}\" data-widget_type=\"form.default\">\n\t\t\t\t<div class=\"elementor-widget-container\">\n\t\t\t\t\t\t\t<form class=\"elementor-form\" method=\"post\" name=\"Newslwtter\" aria-label=\"Newslwtter\">\n\t\t\t<input type=\"hidden\" name=\"post_id\" value=\"127812\"\/>\n\t\t\t<input type=\"hidden\" name=\"form_id\" value=\"9f8d3e3\"\/>\n\t\t\t<input type=\"hidden\" name=\"referer_title\" value=\"\" \/>\n\n\t\t\t\n\t\t\t<div class=\"elementor-form-fields-wrapper elementor-labels-\">\n\t\t\t\t\t\t\t\t<div class=\"elementor-field-type-text elementor-field-group elementor-column elementor-field-group-FirstName elementor-col-100\">\n\t\t\t\t\t\t\t\t\t\t\t\t<label for=\"form-field-FirstName\" class=\"elementor-field-label elementor-screen-only\">\n\t\t\t\t\t\t\t\tNombre\t\t\t\t\t\t\t<\/label>\n\t\t\t\t\t\t\t\t\t\t\t\t\t\t<input size=\"1\" type=\"text\" name=\"form_fields[FirstName]\" id=\"form-field-FirstName\" class=\"elementor-field elementor-size-sm  elementor-field-textual\" placeholder=\"Nombre\">\n\t\t\t\t\t\t\t\t\t\t\t<\/div>\n\t\t\t\t\t\t\t\t<div class=\"elementor-field-type-text elementor-field-group elementor-column elementor-field-group-LastName elementor-col-100\">\n\t\t\t\t\t\t\t\t\t\t\t\t<label for=\"form-field-LastName\" class=\"elementor-field-label elementor-screen-only\">\n\t\t\t\t\t\t\t\tApellido\t\t\t\t\t\t\t<\/label>\n\t\t\t\t\t\t\t\t\t\t\t\t\t\t<input size=\"1\" type=\"text\" name=\"form_fields[LastName]\" id=\"form-field-LastName\" class=\"elementor-field elementor-size-sm  elementor-field-textual\" placeholder=\"Apellido\">\n\t\t\t\t\t\t\t\t\t\t\t<\/div>\n\t\t\t\t\t\t\t\t<div class=\"elementor-field-type-email elementor-field-group elementor-column elementor-field-group-Email elementor-col-100 elementor-field-required\">\n\t\t\t\t\t\t\t\t\t\t\t\t<label for=\"form-field-Email\" class=\"elementor-field-label elementor-screen-only\">\n\t\t\t\t\t\t\t\tEmail\t\t\t\t\t\t\t<\/label>\n\t\t\t\t\t\t\t\t\t\t\t\t\t\t<input size=\"1\" type=\"email\" name=\"form_fields[Email]\" id=\"form-field-Email\" class=\"elementor-field elementor-size-sm  elementor-field-textual\" placeholder=\"Email\" required=\"required\">\n\t\t\t\t\t\t\t\t\t\t\t<\/div>\n\t\t\t\t\t\t\t\t<div class=\"elementor-field-group elementor-column elementor-field-type-submit elementor-col-100 e-form__buttons\">\n\t\t\t\t\t<button class=\"elementor-button elementor-size-sm\" type=\"submit\">\n\t\t\t\t\t\t<span class=\"elementor-button-content-wrapper\">\n\t\t\t\t\t\t\t\t\t\t\t\t\t\t\t\t\t\t\t\t\t\t<span class=\"elementor-button-text\">Send<\/span>\n\t\t\t\t\t\t\t\t\t\t\t\t\t<\/span>\n\t\t\t\t\t<\/button>\n\t\t\t\t<\/div>\n\t\t\t<\/div>\n\t\t<\/form>\n\t\t\t\t\t\t<\/div>\n\t\t\t\t<\/div>\n\t\t\t\t<div class=\"elementor-element elementor-element-2d42a228 elementor-hidden-desktop elementor-hidden-tablet elementor-hidden-phone elementor-widget elementor-widget-wp-widget-adsanity-single\" data-id=\"2d42a228\" data-element_type=\"widget\" data-widget_type=\"wp-widget-adsanity-single.default\">\n\t\t\t\t<div class=\"elementor-widget-container\">\n\t\t\t\t\t\n<div id=\"ad-34445\" class=\"ad-300x250 adsanity-300x250  adsanity-\"\n><div class=\"adsanity-inner\">\n\n<div class=\"adsanity-gati\" data-title=\"MPU 1\"><a rel=\"nofollow\" href=\"https:\/\/www.advancedmanufacturingmadrid.com\/es\/ads\/mpu-1\/\"  target=\"_blank\"><img decoding=\"async\" width=\"300\" height=\"250\" src=\"https:\/\/easyfairsassets.com\/sites\/79\/2020\/12\/300-x-250_Risk.jpg\" class=\"no-lazy-load wp-post-image\" alt=\"\" \/><\/a><\/div>\n<\/div><\/div>\n\n\t\t\t\t<\/div>\n\t\t\t\t<\/div>\n\t\t\t\t<div class=\"elementor-element elementor-element-12da316 elementor-grid-1 elementor-posts--thumbnail-none elementor-grid-tablet-1 elementor-grid-mobile-1 elementor-widget elementor-widget-posts\" data-id=\"12da316\" data-element_type=\"widget\" data-settings=\"{&quot;classic_columns&quot;:&quot;1&quot;,&quot;classic_row_gap&quot;:{&quot;unit&quot;:&quot;px&quot;,&quot;size&quot;:&quot;23&quot;,&quot;sizes&quot;:[]},&quot;classic_columns_tablet&quot;:&quot;1&quot;,&quot;_animation&quot;:&quot;none&quot;,&quot;classic_columns_mobile&quot;:&quot;1&quot;,&quot;classic_row_gap_tablet&quot;:{&quot;unit&quot;:&quot;px&quot;,&quot;size&quot;:&quot;&quot;,&quot;sizes&quot;:[]},&quot;classic_row_gap_mobile&quot;:{&quot;unit&quot;:&quot;px&quot;,&quot;size&quot;:&quot;&quot;,&quot;sizes&quot;:[]}}\" data-widget_type=\"posts.classic\">\n\t\t\t\t<div class=\"elementor-widget-container\">\n\t\t\t\t\t\t\t<div class=\"elementor-posts-container elementor-posts elementor-posts--skin-classic elementor-grid\" role=\"list\">\n\t\t\t\t<article class=\"elementor-post elementor-grid-item post-470450 post type-post status-publish format-standard has-post-thumbnail hentry category-notas-de-prensa tag-espana tag-estadisticas tag-estudio tag-europa tag-eventos tag-ferias tag-liderazgo tag-sectorindustrial tag-ventajacompetitiva\" role=\"listitem\">\n\t\t\t\t<div class=\"elementor-post__text\">\n\t\t\t\t<h3 class=\"elementor-post__title\">\n\t\t\t<a href=\"https:\/\/www.advancedmanufacturingmadrid.com\/es\/2026\/04\/09\/los-advanced-manufacturing-awards-abren-candidaturas-para-su-5a-edicion\/\" >\n\t\t\t\tLos\u00a0Advanced\u00a0Manufacturing\u00a0Awards\u00a0abren candidaturas para su 5\u00aa edici\u00f3n\u00a0\t\t\t<\/a>\n\t\t<\/h3>\n\t\t\t\t<div class=\"elementor-post__excerpt\">\n\t\t\t<p>Los\u00a0Advanced\u00a0Manufacturing\u00a0Awards\u00a0abren candidaturas para su 5\u00aa edici\u00f3n\u00a0 CINCO A\u00d1OS RECONOCIENDO LA INNOVACI\u00d3N INDUSTRIAL EN ESPA\u00d1A\u00a0 Los\u00a0Advanced\u00a0Manufacturing\u00a0Awards\u00a0abren candidaturas para su 5\u00aa edici\u00f3n\u00a0 Los galardones, organizados\u00a0por\u00a0Advanced\u00a0Manufacturing\u00a0Madrid, celebran este<\/p>\n\t\t<\/div>\n\t\t\n\t\t<a class=\"elementor-post__read-more\" href=\"https:\/\/www.advancedmanufacturingmadrid.com\/es\/2026\/04\/09\/los-advanced-manufacturing-awards-abren-candidaturas-para-su-5a-edicion\/\" aria-label=\"Read more about Los\u00a0Advanced\u00a0Manufacturing\u00a0Awards\u00a0abren candidaturas para su 5\u00aa edici\u00f3n\u00a0\" tabindex=\"-1\" >\n\t\t\tRead More \u00bb\t\t<\/a>\n\n\t\t\t\t<\/div>\n\t\t\t\t<\/article>\n\t\t\t\t<article class=\"elementor-post elementor-grid-item post-470157 post type-post status-publish format-standard has-post-thumbnail hentry category-advanced-manfuctaring-news category-behind-the-innovations category-sin-categorizar tag-advancedmanufacturing tag-airbus tag-composites tag-engineering tag-reciclaje tag-sostenible-2\" role=\"listitem\">\n\t\t\t\t<div class=\"elementor-post__text\">\n\t\t\t\t<h3 class=\"elementor-post__title\">\n\t\t\t<a href=\"https:\/\/www.advancedmanufacturingmadrid.com\/es\/2026\/04\/06\/informe-de-sostenibilidad-2025-de-easyfairs\/\" >\n\t\t\t\tInforme de Sostenibilidad 2025 de Easyfairs: -34% en emisiones y 71% de eventos sostenibles\t\t\t<\/a>\n\t\t<\/h3>\n\t\t\t\t<div class=\"elementor-post__excerpt\">\n\t\t\t<p>Informe de Sostenibilidad 2025 de Easyfairs: -34% en emisiones y 71% de eventos sostenibles El Informe de Sostenibilidad 2025 de Easyfairs\u00a0recoge los principales avances del<\/p>\n\t\t<\/div>\n\t\t\n\t\t<a class=\"elementor-post__read-more\" href=\"https:\/\/www.advancedmanufacturingmadrid.com\/es\/2026\/04\/06\/informe-de-sostenibilidad-2025-de-easyfairs\/\" aria-label=\"Read more about Informe de Sostenibilidad 2025 de Easyfairs: -34% en emisiones y 71% de eventos sostenibles\" tabindex=\"-1\" >\n\t\t\tRead More \u00bb\t\t<\/a>\n\n\t\t\t\t<\/div>\n\t\t\t\t<\/article>\n\t\t\t\t<article class=\"elementor-post elementor-grid-item post-469670 post type-post status-publish format-standard has-post-thumbnail hentry category-advanced-manfuctaring-news category-behind-the-innovations category-sin-categorizar tag-advancedmanufacturing tag-airbus tag-composites tag-engineering tag-reciclaje tag-sostenible-2\" role=\"listitem\">\n\t\t\t\t<div class=\"elementor-post__text\">\n\t\t\t\t<h3 class=\"elementor-post__title\">\n\t\t\t<a href=\"https:\/\/www.advancedmanufacturingmadrid.com\/es\/2026\/03\/30\/la-electrificacion-impulsa-la-transformacion-industrial-y-el-crecimiento-del-sector\/\" >\n\t\t\t\tLa electrificaci\u00f3n impulsa la transformaci\u00f3n industrial y el crecimiento del sector\t\t\t<\/a>\n\t\t<\/h3>\n\t\t\t\t<div class=\"elementor-post__excerpt\">\n\t\t\t<p>La electrificaci\u00f3n impulsa una nueva ola de transformaci\u00f3n industrial La electrificaci\u00f3n se ha convertido en uno de los principales motores de transformaci\u00f3n de la industria<\/p>\n\t\t<\/div>\n\t\t\n\t\t<a class=\"elementor-post__read-more\" href=\"https:\/\/www.advancedmanufacturingmadrid.com\/es\/2026\/03\/30\/la-electrificacion-impulsa-la-transformacion-industrial-y-el-crecimiento-del-sector\/\" aria-label=\"Read more about La electrificaci\u00f3n impulsa la transformaci\u00f3n industrial y el crecimiento del sector\" tabindex=\"-1\" >\n\t\t\tRead More \u00bb\t\t<\/a>\n\n\t\t\t\t<\/div>\n\t\t\t\t<\/article>\n\t\t\t\t<article class=\"elementor-post elementor-grid-item post-469662 post type-post status-publish format-standard has-post-thumbnail hentry category-advanced-manfuctaring-news category-behind-the-innovations category-sin-categorizar tag-advancedmanufacturing tag-airbus tag-composites tag-engineering tag-reciclaje tag-sostenible-2\" role=\"listitem\">\n\t\t\t\t<div class=\"elementor-post__text\">\n\t\t\t\t<h3 class=\"elementor-post__title\">\n\t\t\t<a href=\"https:\/\/www.advancedmanufacturingmadrid.com\/es\/2026\/03\/30\/la-falta-de-talento-tecnico-en-la-industria-retos-y-soluciones-para-el-futuro\/\" >\n\t\t\t\tLa falta de talento t\u00e9cnico en la industria: retos y soluciones para el futuro\t\t\t<\/a>\n\t\t<\/h3>\n\t\t\t\t<div class=\"elementor-post__excerpt\">\n\t\t\t<p>La falta de talento t\u00e9cnico sigue siendo uno de los grandes retos de la industria La escasez de talento t\u00e9cnico cualificado se ha consolidado como<\/p>\n\t\t<\/div>\n\t\t\n\t\t<a class=\"elementor-post__read-more\" href=\"https:\/\/www.advancedmanufacturingmadrid.com\/es\/2026\/03\/30\/la-falta-de-talento-tecnico-en-la-industria-retos-y-soluciones-para-el-futuro\/\" aria-label=\"Read more about La falta de talento t\u00e9cnico en la industria: retos y soluciones para el futuro\" tabindex=\"-1\" >\n\t\t\tRead More \u00bb\t\t<\/a>\n\n\t\t\t\t<\/div>\n\t\t\t\t<\/article>\n\t\t\t\t<\/div>\n\t\t\n\t\t\t\t\t\t<\/div>\n\t\t\t\t<\/div>\n\t\t\t\t<div class=\"elementor-element elementor-element-1d1f32af elementor-hidden-desktop elementor-hidden-tablet elementor-hidden-phone elementor-widget elementor-widget-wp-widget-adsanity-single\" data-id=\"1d1f32af\" data-element_type=\"widget\" data-widget_type=\"wp-widget-adsanity-single.default\">\n\t\t\t\t<div class=\"elementor-widget-container\">\n\t\t\t\t\t\n<div id=\"ad-34447\" class=\"ad-300x250 adsanity-300x250  adsanity-\"\n><div class=\"adsanity-inner\">\n\n<div class=\"adsanity-gati\" data-title=\"MPU 2\"><a rel=\"nofollow\" href=\"https:\/\/www.advancedmanufacturingmadrid.com\/es\/ads\/mpu-2\/\"  target=\"_blank\"><img decoding=\"async\" width=\"300\" height=\"250\" src=\"https:\/\/easyfairsassets.com\/sites\/79\/2020\/12\/300-x-250_Interiors.jpg\" class=\"no-lazy-load wp-post-image\" alt=\"\" \/><\/a><\/div>\n<\/div><\/div>\n\n\t\t\t\t<\/div>\n\t\t\t\t<\/div>\n\t\t\t\t<div class=\"elementor-element elementor-element-1d7b1acf elementor-hidden-desktop elementor-hidden-tablet elementor-hidden-phone elementor-widget elementor-widget-wp-widget-adsanity-single\" data-id=\"1d7b1acf\" data-element_type=\"widget\" data-widget_type=\"wp-widget-adsanity-single.default\">\n\t\t\t\t<div class=\"elementor-widget-container\">\n\t\t\t\t\t\n<div id=\"ad-34449\" class=\"ad-300x250 adsanity-300x250  adsanity-\"\n><div class=\"adsanity-inner\">\n\n<div class=\"adsanity-gati\" data-title=\"MPU 3\"><a rel=\"nofollow\" href=\"https:\/\/www.advancedmanufacturingmadrid.com\/es\/ads\/mpu-3\/\"  target=\"_blank\"><img loading=\"lazy\" decoding=\"async\" width=\"300\" height=\"250\" src=\"https:\/\/easyfairsassets.com\/sites\/79\/2020\/12\/300-x-250_Honeywell.jpg\" class=\"no-lazy-load wp-post-image\" alt=\"\" \/><\/a><\/div>\n<\/div><\/div>\n\n\t\t\t\t<\/div>\n\t\t\t\t<\/div>\n\t\t\t\t<div class=\"elementor-element elementor-element-690d6e9 elementor-hidden-desktop elementor-hidden-tablet elementor-hidden-phone elementor-widget elementor-widget-wp-widget-adsanity-single\" data-id=\"690d6e9\" data-element_type=\"widget\" data-widget_type=\"wp-widget-adsanity-single.default\">\n\t\t\t\t<div class=\"elementor-widget-container\">\n\t\t\t\t\t\n<div id=\"ad-34451\" class=\"ad-300x250 adsanity-300x250  adsanity-\"\n><div class=\"adsanity-inner\">\n\n<div class=\"adsanity-gati\" data-title=\"MPU 4\"><a rel=\"nofollow\" href=\"https:\/\/www.advancedmanufacturingmadrid.com\/es\/ads\/mpu-4\/\"  target=\"_blank\"><img loading=\"lazy\" decoding=\"async\" width=\"300\" height=\"250\" src=\"https:\/\/easyfairsassets.com\/sites\/79\/2020\/12\/300-x-250_Edoc.jpg\" class=\"no-lazy-load wp-post-image\" alt=\"\" \/><\/a><\/div>\n<\/div><\/div>\n\n\t\t\t\t<\/div>\n\t\t\t\t<\/div>\n\t\t\t\t\t<\/div>\n\t\t<\/div>\n\t\t\t\t\t<\/div>\n\t\t<\/section>\n\t\t\t\t<section class=\"elementor-section elementor-top-section elementor-element elementor-element-538f6e00 elementor-section-full_width elementor-section-height-default elementor-section-height-default\" data-id=\"538f6e00\" data-element_type=\"section\">\n\t\t\t\t\t\t<div class=\"elementor-container elementor-column-gap-default\">\n\t\t\t\t\t<div class=\"elementor-column elementor-col-100 elementor-top-column elementor-element elementor-element-2e5a66e9\" data-id=\"2e5a66e9\" data-element_type=\"column\">\n\t\t\t<div class=\"elementor-widget-wrap elementor-element-populated\">\n\t\t\t\t\t\t<div class=\"elementor-element elementor-element-46a66c4d elementor-widget-divider--view-line elementor-widget elementor-widget-divider\" data-id=\"46a66c4d\" data-element_type=\"widget\" data-widget_type=\"divider.default\">\n\t\t\t\t<div class=\"elementor-widget-container\">\n\t\t\t\t\t\t\t<div class=\"elementor-divider\">\n\t\t\t<span class=\"elementor-divider-separator\">\n\t\t\t\t\t\t<\/span>\n\t\t<\/div>\n\t\t\t\t\t\t<\/div>\n\t\t\t\t<\/div>\n\t\t\t\t<div class=\"elementor-element elementor-element-42d0a3ec elementor-invisible elementor-widget elementor-widget-text-editor\" data-id=\"42d0a3ec\" data-element_type=\"widget\" data-settings=\"{&quot;_animation&quot;:&quot;fadeInUp&quot;}\" data-widget_type=\"text-editor.default\">\n\t\t\t\t<div class=\"elementor-widget-container\">\n\t\t\t\t\t\t\t\t\t<p><span style=\"vertical-align: inherit\"><span style=\"vertical-align: inherit\"><span style=\"vertical-align: inherit\"><span style=\"vertical-align: inherit\"><span style=\"vertical-align: inherit\"><span style=\"vertical-align: inherit\">S\u00edguenos en nuestras redes sociales<\/span><\/span><\/span><\/span><\/span><\/span><\/p>\t\t\t\t\t\t\t\t<\/div>\n\t\t\t\t<\/div>\n\t\t\t\t<div class=\"elementor-element elementor-element-41328be7 elementor-shape-circle e-grid-align-left e-grid-align-mobile-left elementor-grid-0 elementor-invisible elementor-widget elementor-widget-social-icons\" data-id=\"41328be7\" data-element_type=\"widget\" data-settings=\"{&quot;_animation&quot;:&quot;bounceIn&quot;}\" data-widget_type=\"social-icons.default\">\n\t\t\t\t<div class=\"elementor-widget-container\">\n\t\t\t\t\t\t\t<div class=\"elementor-social-icons-wrapper elementor-grid\" role=\"list\">\n\t\t\t\t\t\t\t<span class=\"elementor-grid-item\" role=\"listitem\">\n\t\t\t\t\t<a class=\"elementor-icon elementor-social-icon elementor-social-icon-facebook-f elementor-repeater-item-7821199\" href=\"https:\/\/www.facebook.com\/advancedmanufacturingES\" target=\"_blank\" rel=\"nofollow\">\n\t\t\t\t\t\t<span class=\"elementor-screen-only\">Facebook-f<\/span>\n\t\t\t\t\t\t<i aria-hidden=\"true\" class=\"fab fa-facebook-f\"><\/i>\t\t\t\t\t<\/a>\n\t\t\t\t<\/span>\n\t\t\t\t\t\t\t<span class=\"elementor-grid-item\" role=\"listitem\">\n\t\t\t\t\t<a class=\"elementor-icon elementor-social-icon elementor-social-icon-twitter elementor-repeater-item-pc69ffs\" href=\"https:\/\/twitter.com\/AdvManufactES\" target=\"_blank\" rel=\"nofollow\">\n\t\t\t\t\t\t<span class=\"elementor-screen-only\">Twitter<\/span>\n\t\t\t\t\t\t<i aria-hidden=\"true\" class=\"fab fa-twitter\"><\/i>\t\t\t\t\t<\/a>\n\t\t\t\t<\/span>\n\t\t\t\t\t\t\t<span class=\"elementor-grid-item\" role=\"listitem\">\n\t\t\t\t\t<a class=\"elementor-icon elementor-social-icon elementor-social-icon-instagram elementor-repeater-item-ac1eea0\" href=\"https:\/\/www.instagram.com\/advancedmanufacturinges\/\" target=\"_blank\" rel=\"nofollow\">\n\t\t\t\t\t\t<span class=\"elementor-screen-only\">Instagram<\/span>\n\t\t\t\t\t\t<i aria-hidden=\"true\" class=\"fab fa-instagram\"><\/i>\t\t\t\t\t<\/a>\n\t\t\t\t<\/span>\n\t\t\t\t\t\t\t<span class=\"elementor-grid-item\" role=\"listitem\">\n\t\t\t\t\t<a class=\"elementor-icon elementor-social-icon elementor-social-icon-linkedin elementor-repeater-item-0e2f1b2\" href=\"https:\/\/www.linkedin.com\/company\/advancedmanufacturinges\" target=\"_blank\" rel=\"nofollow\">\n\t\t\t\t\t\t<span class=\"elementor-screen-only\">Linkedin<\/span>\n\t\t\t\t\t\t<i aria-hidden=\"true\" class=\"fab fa-linkedin\"><\/i>\t\t\t\t\t<\/a>\n\t\t\t\t<\/span>\n\t\t\t\t\t<\/div>\n\t\t\t\t\t\t<\/div>\n\t\t\t\t<\/div>\n\t\t\t\t\t<\/div>\n\t\t<\/div>\n\t\t\t\t\t<\/div>\n\t\t<\/section>\n\t\t\t\t<\/div>\n\t\t","protected":false},"excerpt":{"rendered":"<p>Doctor en Qu\u00edmica por la Universidad del Pa\u00eds Vasco. Lleva en CIDETEC desde 1997, siendo director de la Divisi\u00f3n de Superficies hasta 2016. En la actualidad es Business Development Manager en CIDETEC Surface Engineering. ES PRECISO APOSTAR POR LA CULTURA DE LA INNOVACI\u00d3N Advanced Manufacturing Madrid &#8211; \u00bfQu\u00e9 significa para usted ocupar el cargo de [&hellip;]<\/p>\n","protected":false},"author":118,"featured_media":223760,"comment_status":"closed","ping_status":"closed","sticky":false,"template":"","format":"standard","meta":{"_seopress_robots_primary_cat":"none","_seopress_titles_title":"On the sofa with... Jos\u00e9 Antonio D\u00edez Silanes \u2013 nuevo Presidente de AIAS","_seopress_titles_desc":"Como experto en la materia, \u00bfc\u00f3mo ha evolucionado el sector sider\u00fargico en nuestro pa\u00eds en las \u00faltimas d\u00e9cadas? A. Mel\u00e9ndez - Pues en realidad como en el resto del mundo puntero en la tecnolog\u00eda. Somos un pa\u00eds con un sector sider\u00fargico que se puede considerar comparable con el resto del mundo con la ventaja de que en el c\u00f3mputo general de costos somos relativamente competitivos. Aun con las plantas que en esos a\u00f1os se han cerrado (obsoletas y\/o de productos de muy bajo valor a\u00f1adido), en conjunto se produce m\u00e1s y mejor que hace esas d\u00e9cadas.","_seopress_robots_index":"","footnotes":""},"categories":[342,1474,1427],"tags":[1727,2610,1499,2334,2335,703],"edition":[],"class_list":["post-127812","post","type-post","status-publish","format-standard","has-post-thumbnail","hentry","category-advanced-manfuctaring-news","category-entrevistas","category-on-the-sofa-with","tag-aias","tag-asociacion","tag-entrevista","tag-jose-antonio-diez-silanes","tag-presidente","tag-tratamiento-de-superficies"],"_links":{"self":[{"href":"https:\/\/www.advancedmanufacturingmadrid.com\/es\/wp-json\/wp\/v2\/posts\/127812","targetHints":{"allow":["GET"]}}],"collection":[{"href":"https:\/\/www.advancedmanufacturingmadrid.com\/es\/wp-json\/wp\/v2\/posts"}],"about":[{"href":"https:\/\/www.advancedmanufacturingmadrid.com\/es\/wp-json\/wp\/v2\/types\/post"}],"author":[{"embeddable":true,"href":"https:\/\/www.advancedmanufacturingmadrid.com\/es\/wp-json\/wp\/v2\/users\/118"}],"replies":[{"embeddable":true,"href":"https:\/\/www.advancedmanufacturingmadrid.com\/es\/wp-json\/wp\/v2\/comments?post=127812"}],"version-history":[{"count":5,"href":"https:\/\/www.advancedmanufacturingmadrid.com\/es\/wp-json\/wp\/v2\/posts\/127812\/revisions"}],"predecessor-version":[{"id":223762,"href":"https:\/\/www.advancedmanufacturingmadrid.com\/es\/wp-json\/wp\/v2\/posts\/127812\/revisions\/223762"}],"wp:featuredmedia":[{"embeddable":true,"href":"https:\/\/www.advancedmanufacturingmadrid.com\/es\/wp-json\/wp\/v2\/media\/223760"}],"wp:attachment":[{"href":"https:\/\/www.advancedmanufacturingmadrid.com\/es\/wp-json\/wp\/v2\/media?parent=127812"}],"wp:term":[{"taxonomy":"category","embeddable":true,"href":"https:\/\/www.advancedmanufacturingmadrid.com\/es\/wp-json\/wp\/v2\/categories?post=127812"},{"taxonomy":"post_tag","embeddable":true,"href":"https:\/\/www.advancedmanufacturingmadrid.com\/es\/wp-json\/wp\/v2\/tags?post=127812"},{"taxonomy":"edition","embeddable":true,"href":"https:\/\/www.advancedmanufacturingmadrid.com\/es\/wp-json\/wp\/v2\/edition?post=127812"}],"curies":[{"name":"wp","href":"https:\/\/api.w.org\/{rel}","templated":true}]}}