{"id":16539,"date":"2020-05-18T15:54:59","date_gmt":"2020-05-18T13:54:59","guid":{"rendered":"https:\/\/www.advancedmanufacturingmadrid.com\/?p=16539"},"modified":"2021-03-26T11:13:34","modified_gmt":"2021-03-26T10:13:34","slug":"david-valle-entrevista-sobre-industria-y-sobre-metalmadrid","status":"publish","type":"post","link":"https:\/\/www.advancedmanufacturingmadrid.com\/es\/2020\/05\/18\/david-valle-entrevista-sobre-industria-y-sobre-metalmadrid\/","title":{"rendered":"Entrevista a David Valle, Director General de Industria de la Comunidad de Madrid"},"content":{"rendered":"\t\t<div data-elementor-type=\"wp-post\" data-elementor-id=\"16539\" class=\"elementor elementor-16539\" data-elementor-post-type=\"post\">\n\t\t\t\t\t\t<section class=\"elementor-section elementor-top-section elementor-element elementor-element-32b84cc7 elementor-section-boxed elementor-section-height-default elementor-section-height-default\" data-id=\"32b84cc7\" data-element_type=\"section\">\n\t\t\t\t\t\t<div class=\"elementor-container elementor-column-gap-default\">\n\t\t\t\t\t<div class=\"elementor-column elementor-col-100 elementor-top-column elementor-element elementor-element-337d01cf\" data-id=\"337d01cf\" data-element_type=\"column\">\n\t\t\t<div class=\"elementor-widget-wrap elementor-element-populated\">\n\t\t\t\t\t\t<div class=\"elementor-element elementor-element-60a2ecb1 elementor-widget elementor-widget-theme-post-title elementor-page-title elementor-widget-heading\" data-id=\"60a2ecb1\" data-element_type=\"widget\" data-widget_type=\"theme-post-title.default\">\n\t\t\t\t<div class=\"elementor-widget-container\">\n\t\t\t\t\t<h1 class=\"elementor-heading-title elementor-size-default\">Entrevista a David Valle, Director General de Industria de la Comunidad de Madrid<\/h1>\t\t\t\t<\/div>\n\t\t\t\t<\/div>\n\t\t\t\t<div class=\"elementor-element elementor-element-56c3b09 elementor-widget elementor-widget-post-info\" data-id=\"56c3b09\" data-element_type=\"widget\" data-widget_type=\"post-info.default\">\n\t\t\t\t<div class=\"elementor-widget-container\">\n\t\t\t\t\t\t\t<ul class=\"elementor-inline-items elementor-icon-list-items elementor-post-info\">\n\t\t\t\t\t\t\t\t<li class=\"elementor-icon-list-item elementor-repeater-item-e15fce7 elementor-inline-item\" itemprop=\"datePublished\">\n\t\t\t\t\t\t<a href=\"https:\/\/www.advancedmanufacturingmadrid.com\/es\/2020\/05\/18\/\">\n\t\t\t\t\t\t\t\t\t\t\t<span class=\"elementor-icon-list-icon\">\n\t\t\t\t\t\t\t\t<i aria-hidden=\"true\" class=\"fas fa-calendar\"><\/i>\t\t\t\t\t\t\t<\/span>\n\t\t\t\t\t\t\t\t\t<span class=\"elementor-icon-list-text elementor-post-info__item elementor-post-info__item--type-date\">\n\t\t\t\t\t\t\t\t\t\t<time>mayo 18, 2020<\/time>\t\t\t\t\t<\/span>\n\t\t\t\t\t\t\t\t\t<\/a>\n\t\t\t\t<\/li>\n\t\t\t\t<\/ul>\n\t\t\t\t\t\t<\/div>\n\t\t\t\t<\/div>\n\t\t\t\t<div class=\"elementor-element elementor-element-10ea58a3 elementor-widget-divider--view-line elementor-widget elementor-widget-divider\" data-id=\"10ea58a3\" data-element_type=\"widget\" data-widget_type=\"divider.default\">\n\t\t\t\t<div class=\"elementor-widget-container\">\n\t\t\t\t\t\t\t<div class=\"elementor-divider\">\n\t\t\t<span class=\"elementor-divider-separator\">\n\t\t\t\t\t\t<\/span>\n\t\t<\/div>\n\t\t\t\t\t\t<\/div>\n\t\t\t\t<\/div>\n\t\t\t\t\t<\/div>\n\t\t<\/div>\n\t\t\t\t\t<\/div>\n\t\t<\/section>\n\t\t\t\t<section class=\"elementor-section elementor-top-section elementor-element elementor-element-e70ffa8 elementor-section-boxed elementor-section-height-default elementor-section-height-default\" data-id=\"e70ffa8\" data-element_type=\"section\">\n\t\t\t\t\t\t<div class=\"elementor-container elementor-column-gap-no\">\n\t\t\t\t\t<div class=\"elementor-column elementor-col-50 elementor-top-column elementor-element elementor-element-2ec27e1d\" data-id=\"2ec27e1d\" data-element_type=\"column\">\n\t\t\t<div class=\"elementor-widget-wrap elementor-element-populated\">\n\t\t\t\t\t\t<div class=\"elementor-element elementor-element-150b031 elementor-widget elementor-widget-image\" data-id=\"150b031\" data-element_type=\"widget\" data-widget_type=\"image.default\">\n\t\t\t\t<div class=\"elementor-widget-container\">\n\t\t\t\t\t\t\t\t\t\t\t\t\t\t\t<img decoding=\"async\" src=\"https:\/\/easyfairsassets.com\/sites\/79\/elementor\/thumbs\/david-valle-opr7d3z9ubxfwlz5qyig959ahfv2scg1q8q0v8puc0.jpg\" title=\"david valle\" alt=\"david valle\" loading=\"lazy\" \/>\t\t\t\t\t\t\t\t\t\t\t\t\t\t\t<\/div>\n\t\t\t\t<\/div>\n\t\t\t\t\t<\/div>\n\t\t<\/div>\n\t\t\t\t<div class=\"elementor-column elementor-col-50 elementor-top-column elementor-element elementor-element-17a4b73a\" data-id=\"17a4b73a\" data-element_type=\"column\">\n\t\t\t<div class=\"elementor-widget-wrap elementor-element-populated\">\n\t\t\t\t\t\t<div class=\"elementor-element elementor-element-7f4482c elementor-widget elementor-widget-text-editor\" data-id=\"7f4482c\" data-element_type=\"widget\" data-widget_type=\"text-editor.default\">\n\t\t\t\t<div class=\"elementor-widget-container\">\n\t\t\t\t\t\t\t\t\t<p>Entrevistamos a David Valle Rodriguez, Director General de Industria, Energ\u00eda y Minas de la Comunidad de Madrid, que nos cuenta de primera mano c\u00f3mo cree que ha repercutido en nuestra industria la situaci\u00f3n vivida en los \u00faltimos meses, c\u00f3mo ve la recuperaci\u00f3n econ\u00f3mica y qu\u00e9 puede hacer un evento como MetalMadrid para acelerarla.<\/p>\t\t\t\t\t\t\t\t<\/div>\n\t\t\t\t<\/div>\n\t\t\t\t<div class=\"elementor-element elementor-element-d336df3 elementor-widget elementor-widget-text-editor\" data-id=\"d336df3\" data-element_type=\"widget\" data-widget_type=\"text-editor.default\">\n\t\t\t\t<div class=\"elementor-widget-container\">\n\t\t\t\t\t\t\t\t\t<p style=\"text-align: center\"><em><strong>\u00abConozco y he visitado, como cliente, la feria MetalMadrid desde su segunda edici\u00f3n, es un excelente escaparate del elevado nivel tecnol\u00f3gico, productivo y comercial que tiene la industria de la Comunidad de Madrid, tanto en sectores tradicionales como en sectores de la m\u00e1s alta tecnolog\u00eda, con empresas de muchos a\u00f1os de experiencia junto con empresas de reciente creaci\u00f3n.\u00bb<\/strong><\/em><\/p>\t\t\t\t\t\t\t\t<\/div>\n\t\t\t\t<\/div>\n\t\t\t\t\t<\/div>\n\t\t<\/div>\n\t\t\t\t\t<\/div>\n\t\t<\/section>\n\t\t\t\t<section class=\"elementor-section elementor-top-section elementor-element elementor-element-7514154 elementor-section-boxed elementor-section-height-default elementor-section-height-default\" data-id=\"7514154\" data-element_type=\"section\">\n\t\t\t\t\t\t<div class=\"elementor-container elementor-column-gap-default\">\n\t\t\t\t\t<div class=\"elementor-column elementor-col-100 elementor-top-column elementor-element elementor-element-25acc75\" data-id=\"25acc75\" data-element_type=\"column\">\n\t\t\t<div class=\"elementor-widget-wrap elementor-element-populated\">\n\t\t\t\t\t\t<div class=\"elementor-element elementor-element-400f92b elementor-widget elementor-widget-text-editor\" data-id=\"400f92b\" data-element_type=\"widget\" data-widget_type=\"text-editor.default\">\n\t\t\t\t<div class=\"elementor-widget-container\">\n\t\t\t\t\t\t\t\t\t<p style=\"text-align: left\"><strong>\u00bfC\u00f3mo ves la situaci\u00f3n actual de nuestra industria y c\u00f3mo crees que ser\u00e1 la recuperaci\u00f3n econ\u00f3mica?<\/strong><\/p><p>La industria espa\u00f1ola y madrile\u00f1a se enfrentan en la actualidad a un enorme proceso de transformaci\u00f3n, en un mundo cada vez m\u00e1s exigente y competitivo, en el que, como acabamos de sufrir, surgen cambios disruptivos, que exigen de una gran capacidad de adaptaci\u00f3n.<\/p><p>El modelo de globalizaci\u00f3n que ha caracterizado los \u00faltimos a\u00f1os, con costes de producci\u00f3n muy bajos, pero largas cadenas log\u00edsticas, sobre las que es dif\u00edcil tener el control, es muy probable que, como consecuencia de la crisis sanitaria que hemos experimentado, sufra una profunda transformaci\u00f3n.<\/p><p>Existe una gran preocupaci\u00f3n en nuestro pa\u00eds y en los pa\u00edses de nuestro por el sentido que va a tener dicha transformaci\u00f3n, pero me atrevo a aventurar alguno de los vectores principales que van dirigir el nuevo modelo productivo y econ\u00f3mico: la seguridad, la sostenibilidad energ\u00e9tica y medioambiental, el compromiso social, la tecnolog\u00eda y la rapidez. La consecuencia ser\u00e1 una transformaci\u00f3n global de los modelos productivos, y estoy convencido de que la industria y la econom\u00eda madrile\u00f1a est\u00e1n capacitadas para hacerles frente con \u00e9xito.<\/p>\t\t\t\t\t\t\t\t<\/div>\n\t\t\t\t<\/div>\n\t\t\t\t\t<\/div>\n\t\t<\/div>\n\t\t\t\t\t<\/div>\n\t\t<\/section>\n\t\t\t\t<section class=\"elementor-section elementor-top-section elementor-element elementor-element-4a40d53 elementor-section-boxed elementor-section-height-default elementor-section-height-default\" data-id=\"4a40d53\" data-element_type=\"section\">\n\t\t\t\t\t\t<div class=\"elementor-container elementor-column-gap-default\">\n\t\t\t\t\t<div class=\"elementor-column elementor-col-100 elementor-top-column elementor-element elementor-element-637d78f\" data-id=\"637d78f\" data-element_type=\"column\">\n\t\t\t<div class=\"elementor-widget-wrap elementor-element-populated\">\n\t\t\t\t\t\t<div class=\"elementor-element elementor-element-b315d80 elementor-widget elementor-widget-text-editor\" data-id=\"b315d80\" data-element_type=\"widget\" data-widget_type=\"text-editor.default\">\n\t\t\t\t<div class=\"elementor-widget-container\">\n\t\t\t\t\t\t\t\t\t<p style=\"text-align: center\"><em><strong>\u00abQuiero agradecer a MetalMadrid la oportunidad de crecimiento y desarrollo que supone para la industria madrile\u00f1a y de toda Espa\u00f1a\u00bb.<\/strong><\/em><\/p>\t\t\t\t\t\t\t\t<\/div>\n\t\t\t\t<\/div>\n\t\t\t\t\t<\/div>\n\t\t<\/div>\n\t\t\t\t\t<\/div>\n\t\t<\/section>\n\t\t\t\t<section class=\"elementor-section elementor-top-section elementor-element elementor-element-d0f81c4 elementor-section-boxed elementor-section-height-default elementor-section-height-default\" data-id=\"d0f81c4\" data-element_type=\"section\">\n\t\t\t\t\t\t<div class=\"elementor-container elementor-column-gap-default\">\n\t\t\t\t\t<div class=\"elementor-column elementor-col-100 elementor-top-column elementor-element elementor-element-925501a\" data-id=\"925501a\" data-element_type=\"column\">\n\t\t\t<div class=\"elementor-widget-wrap elementor-element-populated\">\n\t\t\t\t\t\t<div class=\"elementor-element elementor-element-ddc1522 elementor-widget elementor-widget-text-editor\" data-id=\"ddc1522\" data-element_type=\"widget\" data-widget_type=\"text-editor.default\">\n\t\t\t\t<div class=\"elementor-widget-container\">\n\t\t\t\t\t\t\t\t\t<p><strong>\u00bfQu\u00e9 mensaje trasladar\u00edas ahora mismo a todas las empresas del tejido industrial?<\/strong><\/p><p>La industria en general, y la industria madrile\u00f1a en particular, se han caracterizado por su elevado nivel de resiliencia, su capacidad de superaci\u00f3n, de adaptaci\u00f3n, con un alto grado de innovaci\u00f3n, con elevados niveles de exportaci\u00f3n, y con una estabilidad en el empleo por encima del resto de sectores econ\u00f3micos.<\/p><p>Aunque estemos en una situaci\u00f3n dif\u00edcil, estoy convencido de que la industria, y como parte de ella, los empresarios, directivos y trabajadores, ser\u00e1n capaces de convertir esta situaci\u00f3n de crisis en una oportunidad. La Comunidad de Madrid estar\u00e1 a su lado para apoyarles, y buena muestra de ello es el Plan Industrial, un documento que apuesta por un modelo productivo m\u00e1s competitivo, con un elevado nivel tecnol\u00f3gico y respetuoso con el medio ambiente, y que cuenta con un presupuesto total de 585 millones de euros para desarrollar 36 instrumentos y 3 iniciativas emblem\u00e1ticas, y que ha sido consensuado con los agentes sociales. Este plan va a ser un importante instrumento para ayudar a las empresas madrile\u00f1as para ser a\u00fan m\u00e1s competitivas.<\/p>\t\t\t\t\t\t\t\t<\/div>\n\t\t\t\t<\/div>\n\t\t\t\t\t<\/div>\n\t\t<\/div>\n\t\t\t\t\t<\/div>\n\t\t<\/section>\n\t\t\t\t<section class=\"elementor-section elementor-top-section elementor-element elementor-element-663d500 elementor-section-boxed elementor-section-height-default elementor-section-height-default\" data-id=\"663d500\" data-element_type=\"section\">\n\t\t\t\t\t\t<div class=\"elementor-container elementor-column-gap-default\">\n\t\t\t\t\t<div class=\"elementor-column elementor-col-100 elementor-top-column elementor-element elementor-element-4177938\" data-id=\"4177938\" data-element_type=\"column\">\n\t\t\t<div class=\"elementor-widget-wrap elementor-element-populated\">\n\t\t\t\t\t\t<div class=\"elementor-element elementor-element-4e280a2 elementor-widget elementor-widget-text-editor\" data-id=\"4e280a2\" data-element_type=\"widget\" data-widget_type=\"text-editor.default\">\n\t\t\t\t<div class=\"elementor-widget-container\">\n\t\t\t\t\t\t\t\t\t<p style=\"text-align: center\"><em><strong>\u00abQuiero destacar el elevado nivel de calidad, servicios y soluciones que ofrece la feria\u00bb<\/strong><\/em><\/p>\t\t\t\t\t\t\t\t<\/div>\n\t\t\t\t<\/div>\n\t\t\t\t\t<\/div>\n\t\t<\/div>\n\t\t\t\t\t<\/div>\n\t\t<\/section>\n\t\t\t\t<section class=\"elementor-section elementor-top-section elementor-element elementor-element-240f452 elementor-section-boxed elementor-section-height-default elementor-section-height-default\" data-id=\"240f452\" data-element_type=\"section\">\n\t\t\t\t\t\t<div class=\"elementor-container elementor-column-gap-default\">\n\t\t\t\t\t<div class=\"elementor-column elementor-col-100 elementor-top-column elementor-element elementor-element-bf07fdf\" data-id=\"bf07fdf\" data-element_type=\"column\">\n\t\t\t<div class=\"elementor-widget-wrap elementor-element-populated\">\n\t\t\t\t\t\t<div class=\"elementor-element elementor-element-0130adb elementor-widget elementor-widget-text-editor\" data-id=\"0130adb\" data-element_type=\"widget\" data-widget_type=\"text-editor.default\">\n\t\t\t\t<div class=\"elementor-widget-container\">\n\t\t\t\t\t\t\t\t\t<p><strong>El concepto tradicional de industria ha cambiado mucho en la era de las nuevas tecnolog\u00edas. \u00bfCrees que gracias al estado de Alarma las empresas se han acercado m\u00e1s a convertirse en Industria 4.0?<\/strong><\/p><p>El concepto tradicional de industria ha cambiado, pero el principio fundamental sigue siendo el mismo, ser capaces de satisfacer las necesidades de los clientes con mayores niveles de calidad, mayor rapidez, menor coste y con el menor impacto en la sociedad. La transformaci\u00f3n digital de las empresas es una herramienta muy poderosa para conseguir esos objetivos y ser, de esta manera, m\u00e1s competitivas. Las empresas que no se den cuenta de esta realidad tendr\u00e1n m\u00e1s dificultades para adaptarse al futuro y sobrevivir. Y en este sentido destacar las ayudas aprobadas por el Consejo de Gobierno de la Comunidad de Madrid el pasado 22 de abril, destinadas al programa Industria 4.0 que, con una dotaci\u00f3n de 4 millones de euros, tienen por objeto de facilitar la transformaci\u00f3n digital de las pymes industriales de la regi\u00f3n durante 2020.<\/p><p><strong>Inaugur\u00f3 MetalMadrid 2019, la feria l\u00edder en innovaci\u00f3n industrial. \u00bfQu\u00e9 te pareci\u00f3 el evento? \u00bfConsideras este tipo de eventos necesarios para la aceleraci\u00f3n y recuperaci\u00f3n de nuestra industria?<\/strong><\/p><p>Conozco y he visitado, como cliente, la feria MetalMadrid desde su segunda edici\u00f3n, y quiero destacar, primero, que esta feria es un excelente escaparate del elevado nivel tecnol\u00f3gico, productivo y comercial que tiene la industria de la Comunidad de Madrid, tanto en sectores tradicionales como en sectores de la m\u00e1s alta tecnolog\u00eda, con empresas de muchos a\u00f1os de experiencia junto con empresas de reciente creaci\u00f3n y, por otro lado, quiero destacar el elevado nivel de calidad, servicios y soluciones que ofrece la feria. A una feria las empresas acuden, por un lado, para buscar soluciones a sus necesidades de equipamiento y tecnolog\u00eda, y por otro, a ofrecer sus propuestas. Mis visitas a la feria fueron como potencial cliente, y quiero decir que yo encontr\u00e9 soluciones para lo que buscaba. Quiero agradecer a MetalMadrid la oportunidad de crecimiento y desarrollo que supone para la industria madrile\u00f1a y de toda Espa\u00f1a.<\/p>\t\t\t\t\t\t\t\t<\/div>\n\t\t\t\t<\/div>\n\t\t\t\t\t<\/div>\n\t\t<\/div>\n\t\t\t\t\t<\/div>\n\t\t<\/section>\n\t\t\t\t<section class=\"elementor-section elementor-top-section elementor-element elementor-element-f8406e0 elementor-section-boxed elementor-section-height-default elementor-section-height-default\" data-id=\"f8406e0\" data-element_type=\"section\">\n\t\t\t\t\t\t<div class=\"elementor-container elementor-column-gap-default\">\n\t\t\t\t\t<div class=\"elementor-column elementor-col-50 elementor-top-column elementor-element elementor-element-6e66c5b\" data-id=\"6e66c5b\" data-element_type=\"column\">\n\t\t\t<div class=\"elementor-widget-wrap elementor-element-populated\">\n\t\t\t\t\t\t<div class=\"elementor-element elementor-element-f872360 elementor-widget elementor-widget-image\" data-id=\"f872360\" data-element_type=\"widget\" data-widget_type=\"image.default\">\n\t\t\t\t<div class=\"elementor-widget-container\">\n\t\t\t\t\t\t\t\t\t\t\t\t\t\t\t<img fetchpriority=\"high\" decoding=\"async\" width=\"800\" height=\"534\" src=\"https:\/\/easyfairsassets.com\/sites\/79\/2020\/05\/Metal-Madrid-inaguraci\u00f3n-012-1024x683.jpg\" class=\"attachment-large size-large wp-image-16695\" alt=\"\" srcset=\"https:\/\/easyfairsassets.com\/sites\/79\/2020\/05\/Metal-Madrid-inaguraci\u00f3n-012-1024x683.jpg 1024w, https:\/\/easyfairsassets.com\/sites\/79\/2020\/05\/Metal-Madrid-inaguraci\u00f3n-012-300x200.jpg 300w, https:\/\/easyfairsassets.com\/sites\/79\/2020\/05\/Metal-Madrid-inaguraci\u00f3n-012-768x512.jpg 768w, https:\/\/easyfairsassets.com\/sites\/79\/2020\/05\/Metal-Madrid-inaguraci\u00f3n-012-1536x1024.jpg 1536w, https:\/\/easyfairsassets.com\/sites\/79\/2020\/05\/Metal-Madrid-inaguraci\u00f3n-012.jpg 1920w\" sizes=\"(max-width: 800px) 100vw, 800px\" \/>\t\t\t\t\t\t\t\t\t\t\t\t\t\t\t<\/div>\n\t\t\t\t<\/div>\n\t\t\t\t\t<\/div>\n\t\t<\/div>\n\t\t\t\t<div class=\"elementor-column elementor-col-50 elementor-top-column elementor-element elementor-element-7220a69\" data-id=\"7220a69\" data-element_type=\"column\">\n\t\t\t<div class=\"elementor-widget-wrap elementor-element-populated\">\n\t\t\t\t\t\t<div class=\"elementor-element elementor-element-e2e8b91 elementor-widget elementor-widget-image\" data-id=\"e2e8b91\" data-element_type=\"widget\" data-widget_type=\"image.default\">\n\t\t\t\t<div class=\"elementor-widget-container\">\n\t\t\t\t\t\t\t\t\t\t\t\t\t\t\t<img decoding=\"async\" width=\"800\" height=\"534\" src=\"https:\/\/easyfairsassets.com\/sites\/79\/2020\/05\/Metal-Madrid-inaguraci\u00f3n-020-1024x683.jpg\" class=\"attachment-large size-large wp-image-16697\" alt=\"\" srcset=\"https:\/\/easyfairsassets.com\/sites\/79\/2020\/05\/Metal-Madrid-inaguraci\u00f3n-020-1024x683.jpg 1024w, https:\/\/easyfairsassets.com\/sites\/79\/2020\/05\/Metal-Madrid-inaguraci\u00f3n-020-300x200.jpg 300w, https:\/\/easyfairsassets.com\/sites\/79\/2020\/05\/Metal-Madrid-inaguraci\u00f3n-020-768x512.jpg 768w, https:\/\/easyfairsassets.com\/sites\/79\/2020\/05\/Metal-Madrid-inaguraci\u00f3n-020-1536x1024.jpg 1536w, https:\/\/easyfairsassets.com\/sites\/79\/2020\/05\/Metal-Madrid-inaguraci\u00f3n-020.jpg 1920w\" sizes=\"(max-width: 800px) 100vw, 800px\" \/>\t\t\t\t\t\t\t\t\t\t\t\t\t\t\t<\/div>\n\t\t\t\t<\/div>\n\t\t\t\t\t<\/div>\n\t\t<\/div>\n\t\t\t\t\t<\/div>\n\t\t<\/section>\n\t\t\t\t<section class=\"elementor-section elementor-top-section elementor-element elementor-element-645e17b elementor-section-boxed elementor-section-height-default elementor-section-height-default\" data-id=\"645e17b\" data-element_type=\"section\">\n\t\t\t\t\t\t<div class=\"elementor-container elementor-column-gap-default\">\n\t\t\t\t\t<div class=\"elementor-column elementor-col-100 elementor-top-column elementor-element elementor-element-19ac0ee\" data-id=\"19ac0ee\" data-element_type=\"column\">\n\t\t\t<div class=\"elementor-widget-wrap elementor-element-populated\">\n\t\t\t\t\t\t<div class=\"elementor-element elementor-element-b3dda81 elementor-widget elementor-widget-template\" data-id=\"b3dda81\" data-element_type=\"widget\" data-widget_type=\"template.default\">\n\t\t\t\t<div class=\"elementor-widget-container\">\n\t\t\t\t\t\t\t<div class=\"elementor-template\">\n\t\t\t\t\t<div data-elementor-type=\"section\" data-elementor-id=\"13872\" class=\"elementor elementor-13872\" data-elementor-post-type=\"elementor_library\">\n\t\t\t\t\t<section class=\"elementor-section elementor-top-section elementor-element elementor-element-37166d60 elementor-section-boxed elementor-section-height-default elementor-section-height-default\" data-id=\"37166d60\" data-element_type=\"section\">\n\t\t\t\t\t\t<div class=\"elementor-container elementor-column-gap-default\">\n\t\t\t\t\t<div class=\"elementor-column elementor-col-100 elementor-top-column elementor-element elementor-element-5dfa8018\" data-id=\"5dfa8018\" data-element_type=\"column\">\n\t\t\t<div class=\"elementor-widget-wrap elementor-element-populated\">\n\t\t\t\t\t\t<div class=\"elementor-element elementor-element-1f3feca4 elementor-widget-divider--view-line elementor-widget elementor-widget-divider\" data-id=\"1f3feca4\" data-element_type=\"widget\" data-widget_type=\"divider.default\">\n\t\t\t\t<div class=\"elementor-widget-container\">\n\t\t\t\t\t\t\t<div class=\"elementor-divider\">\n\t\t\t<span class=\"elementor-divider-separator\">\n\t\t\t\t\t\t<\/span>\n\t\t<\/div>\n\t\t\t\t\t\t<\/div>\n\t\t\t\t<\/div>\n\t\t\t\t<div class=\"elementor-element elementor-element-3a5b41ee elementor-widget elementor-widget-heading\" data-id=\"3a5b41ee\" data-element_type=\"widget\" data-widget_type=\"heading.default\">\n\t\t\t\t<div class=\"elementor-widget-container\">\n\t\t\t\t\t<h2 class=\"elementor-heading-title elementor-size-default\">Compartir noticia o art\u00edculo<\/h2>\t\t\t\t<\/div>\n\t\t\t\t<\/div>\n\t\t\t\t<div class=\"elementor-element elementor-element-2dc161b8 elementor-share-buttons--view-icon elementor-share-buttons--skin-minimal elementor-share-buttons--shape-circle elementor-share-buttons--color-custom elementor-grid-0 elementor-widget elementor-widget-share-buttons\" data-id=\"2dc161b8\" data-element_type=\"widget\" data-widget_type=\"share-buttons.default\">\n\t\t\t\t<div class=\"elementor-widget-container\">\n\t\t\t\t\t\t\t<div class=\"elementor-grid\" role=\"list\">\n\t\t\t\t\t\t\t\t<div class=\"elementor-grid-item\" role=\"listitem\">\n\t\t\t\t\t\t<div class=\"elementor-share-btn elementor-share-btn_email\" role=\"button\" tabindex=\"0\" aria-label=\"Share on email\">\n\t\t\t\t\t\t\t\t\t\t\t\t\t\t\t<span class=\"elementor-share-btn__icon\">\n\t\t\t\t\t\t\t\t<i class=\"fas fa-envelope\" aria-hidden=\"true\"><\/i>\t\t\t\t\t\t\t<\/span>\n\t\t\t\t\t\t\t\t\t\t\t\t\t\t\t\t\t\t\t\t<\/div>\n\t\t\t\t\t<\/div>\n\t\t\t\t\t\t\t\t\t<div class=\"elementor-grid-item\" role=\"listitem\">\n\t\t\t\t\t\t<div class=\"elementor-share-btn elementor-share-btn_facebook\" role=\"button\" tabindex=\"0\" aria-label=\"Share on facebook\">\n\t\t\t\t\t\t\t\t\t\t\t\t\t\t\t<span class=\"elementor-share-btn__icon\">\n\t\t\t\t\t\t\t\t<i class=\"fab fa-facebook\" aria-hidden=\"true\"><\/i>\t\t\t\t\t\t\t<\/span>\n\t\t\t\t\t\t\t\t\t\t\t\t\t\t\t\t\t\t\t\t<\/div>\n\t\t\t\t\t<\/div>\n\t\t\t\t\t\t\t\t\t<div class=\"elementor-grid-item\" role=\"listitem\">\n\t\t\t\t\t\t<div class=\"elementor-share-btn elementor-share-btn_linkedin\" role=\"button\" tabindex=\"0\" aria-label=\"Share on linkedin\">\n\t\t\t\t\t\t\t\t\t\t\t\t\t\t\t<span class=\"elementor-share-btn__icon\">\n\t\t\t\t\t\t\t\t<i class=\"fab fa-linkedin\" aria-hidden=\"true\"><\/i>\t\t\t\t\t\t\t<\/span>\n\t\t\t\t\t\t\t\t\t\t\t\t\t\t\t\t\t\t\t\t<\/div>\n\t\t\t\t\t<\/div>\n\t\t\t\t\t\t\t\t\t<div class=\"elementor-grid-item\" role=\"listitem\">\n\t\t\t\t\t\t<div class=\"elementor-share-btn elementor-share-btn_twitter\" role=\"button\" tabindex=\"0\" aria-label=\"Share on twitter\">\n\t\t\t\t\t\t\t\t\t\t\t\t\t\t\t<span class=\"elementor-share-btn__icon\">\n\t\t\t\t\t\t\t\t<i class=\"fab fa-twitter\" aria-hidden=\"true\"><\/i>\t\t\t\t\t\t\t<\/span>\n\t\t\t\t\t\t\t\t\t\t\t\t\t\t\t\t\t\t\t\t<\/div>\n\t\t\t\t\t<\/div>\n\t\t\t\t\t\t\t\t\t<div class=\"elementor-grid-item\" role=\"listitem\">\n\t\t\t\t\t\t<div class=\"elementor-share-btn elementor-share-btn_whatsapp\" role=\"button\" tabindex=\"0\" aria-label=\"Share on whatsapp\">\n\t\t\t\t\t\t\t\t\t\t\t\t\t\t\t<span class=\"elementor-share-btn__icon\">\n\t\t\t\t\t\t\t\t<i class=\"fab fa-whatsapp\" aria-hidden=\"true\"><\/i>\t\t\t\t\t\t\t<\/span>\n\t\t\t\t\t\t\t\t\t\t\t\t\t\t\t\t\t\t\t\t<\/div>\n\t\t\t\t\t<\/div>\n\t\t\t\t\t\t\t\t\t<div class=\"elementor-grid-item\" role=\"listitem\">\n\t\t\t\t\t\t<div class=\"elementor-share-btn elementor-share-btn_skype\" role=\"button\" tabindex=\"0\" aria-label=\"Share on skype\">\n\t\t\t\t\t\t\t\t\t\t\t\t\t\t\t<span class=\"elementor-share-btn__icon\">\n\t\t\t\t\t\t\t\t<i class=\"fab fa-skype\" aria-hidden=\"true\"><\/i>\t\t\t\t\t\t\t<\/span>\n\t\t\t\t\t\t\t\t\t\t\t\t\t\t\t\t\t\t\t\t<\/div>\n\t\t\t\t\t<\/div>\n\t\t\t\t\t\t<\/div>\n\t\t\t\t\t\t<\/div>\n\t\t\t\t<\/div>\n\t\t\t\t<div class=\"elementor-element elementor-element-131a111e elementor-widget elementor-widget-post-navigation\" data-id=\"131a111e\" data-element_type=\"widget\" data-widget_type=\"post-navigation.default\">\n\t\t\t\t<div class=\"elementor-widget-container\">\n\t\t\t\t\t\t\t<div class=\"elementor-post-navigation\" role=\"navigation\" aria-label=\"Post Navigation\">\n\t\t\t<div class=\"elementor-post-navigation__prev elementor-post-navigation__link\">\n\t\t\t\t<a href=\"https:\/\/www.advancedmanufacturingmadrid.com\/es\/2020\/05\/04\/comunicado-sobre-medidas-de-seguridad-de-easyfairs\/\" rel=\"prev\"><span class=\"post-navigation__arrow-wrapper post-navigation__arrow-prev\"><i aria-hidden=\"true\" class=\"fas fa-angle-left\"><\/i><span class=\"elementor-screen-only\">Prev<\/span><\/span><span class=\"elementor-post-navigation__link__prev\"><span class=\"post-navigation__prev--label\">Previous<\/span><span class=\"post-navigation__prev--title\">Comunicado sobre medidas de seguridad de Easyfairs<\/span><\/span><\/a>\t\t\t<\/div>\n\t\t\t\t\t\t<div class=\"elementor-post-navigation__next elementor-post-navigation__link\">\n\t\t\t\t<a href=\"https:\/\/www.advancedmanufacturingmadrid.com\/es\/2020\/05\/19\/el-escaneo-3d-altamente-rapido-y-con-luz-blanca-llega-al-absolute-arm-de-hexagon\/\" rel=\"next\"><span class=\"elementor-post-navigation__link__next\"><span class=\"post-navigation__next--label\">Next<\/span><span class=\"post-navigation__next--title\">El escaneo 3D altamente r\u00e1pido y con luz blanca llega al Absolute Arm de Hexagon<\/span><\/span><span class=\"post-navigation__arrow-wrapper post-navigation__arrow-next\"><i aria-hidden=\"true\" class=\"fas fa-angle-right\"><\/i><span class=\"elementor-screen-only\">Next<\/span><\/span><\/a>\t\t\t<\/div>\n\t\t<\/div>\n\t\t\t\t\t\t<\/div>\n\t\t\t\t<\/div>\n\t\t\t\t\t<\/div>\n\t\t<\/div>\n\t\t\t\t\t<\/div>\n\t\t<\/section>\n\t\t\t\t<\/div>\n\t\t\t\t<\/div>\n\t\t\t\t\t\t<\/div>\n\t\t\t\t<\/div>\n\t\t\t\t\t<\/div>\n\t\t<\/div>\n\t\t\t\t\t<\/div>\n\t\t<\/section>\n\t\t\t\t<\/div>\n\t\t","protected":false},"excerpt":{"rendered":"<p>Entrevistamos a David Valle Rodriguez, Director General de Industria, Energ\u00eda y Minas de la Comunidad de Madrid, que nos cuenta de primera mano c\u00f3mo cree que ha repercutido en nuestra industria la situaci\u00f3n vivida en los \u00faltimos meses, c\u00f3mo ve la recuperaci\u00f3n econ\u00f3mica y qu\u00e9 puede hacer un evento como MetalMadrid para acelerarla. \u00abConozco y [&hellip;]<\/p>\n","protected":false},"author":1,"featured_media":16947,"comment_status":"closed","ping_status":"closed","sticky":false,"template":"elementor_header_footer","format":"standard","meta":{"_seopress_robots_primary_cat":"none","_seopress_titles_title":"","_seopress_titles_desc":"","_seopress_robots_index":"","footnotes":""},"categories":[342,582,1474,669],"tags":[],"edition":[],"class_list":["post-16539","post","type-post","status-publish","format-standard","has-post-thumbnail","hentry","category-advanced-manfuctaring-news","category-covid-19","category-entrevistas","category-metalmadrid"],"_links":{"self":[{"href":"https:\/\/www.advancedmanufacturingmadrid.com\/es\/wp-json\/wp\/v2\/posts\/16539","targetHints":{"allow":["GET"]}}],"collection":[{"href":"https:\/\/www.advancedmanufacturingmadrid.com\/es\/wp-json\/wp\/v2\/posts"}],"about":[{"href":"https:\/\/www.advancedmanufacturingmadrid.com\/es\/wp-json\/wp\/v2\/types\/post"}],"author":[{"embeddable":true,"href":"https:\/\/www.advancedmanufacturingmadrid.com\/es\/wp-json\/wp\/v2\/users\/1"}],"replies":[{"embeddable":true,"href":"https:\/\/www.advancedmanufacturingmadrid.com\/es\/wp-json\/wp\/v2\/comments?post=16539"}],"version-history":[{"count":0,"href":"https:\/\/www.advancedmanufacturingmadrid.com\/es\/wp-json\/wp\/v2\/posts\/16539\/revisions"}],"wp:featuredmedia":[{"embeddable":true,"href":"https:\/\/www.advancedmanufacturingmadrid.com\/es\/wp-json\/wp\/v2\/media\/16947"}],"wp:attachment":[{"href":"https:\/\/www.advancedmanufacturingmadrid.com\/es\/wp-json\/wp\/v2\/media?parent=16539"}],"wp:term":[{"taxonomy":"category","embeddable":true,"href":"https:\/\/www.advancedmanufacturingmadrid.com\/es\/wp-json\/wp\/v2\/categories?post=16539"},{"taxonomy":"post_tag","embeddable":true,"href":"https:\/\/www.advancedmanufacturingmadrid.com\/es\/wp-json\/wp\/v2\/tags?post=16539"},{"taxonomy":"edition","embeddable":true,"href":"https:\/\/www.advancedmanufacturingmadrid.com\/es\/wp-json\/wp\/v2\/edition?post=16539"}],"curies":[{"name":"wp","href":"https:\/\/api.w.org\/{rel}","templated":true}]}}