{"id":231311,"date":"2022-12-07T15:18:08","date_gmt":"2022-12-07T14:18:08","guid":{"rendered":"https:\/\/www.advancedmanufacturingmadrid.com\/?p=231311"},"modified":"2022-12-13T15:46:54","modified_gmt":"2022-12-13T14:46:54","slug":"on-the-sofa-with-victor-casal-reponsable-de-proyectos-de-fabricacion-aditiva-de-navantia","status":"publish","type":"post","link":"https:\/\/www.advancedmanufacturingmadrid.com\/es\/2022\/12\/07\/on-the-sofa-with-victor-casal-reponsable-de-proyectos-de-fabricacion-aditiva-de-navantia\/","title":{"rendered":"On the sofa with&#8230; V\u00edctor Casal, Reponsable de Proyectos de Fabricaci\u00f3n Aditiva de Navantia"},"content":{"rendered":"\t\t<div data-elementor-type=\"wp-post\" data-elementor-id=\"231311\" class=\"elementor elementor-231311\" data-elementor-post-type=\"post\">\n\t\t\t\t\t\t<section class=\"elementor-section elementor-top-section elementor-element elementor-element-4019e891 elementor-section-full_width elementor-section-height-default elementor-section-height-default\" data-id=\"4019e891\" data-element_type=\"section\">\n\t\t\t\t\t\t<div class=\"elementor-container elementor-column-gap-default\">\n\t\t\t\t\t<div class=\"elementor-column elementor-col-50 elementor-top-column elementor-element elementor-element-5c0a80cf\" data-id=\"5c0a80cf\" data-element_type=\"column\">\n\t\t\t<div class=\"elementor-widget-wrap elementor-element-populated\">\n\t\t\t\t\t\t<div class=\"elementor-element elementor-element-1152dc41 elementor-invisible elementor-widget elementor-widget-heading\" data-id=\"1152dc41\" data-element_type=\"widget\" data-settings=\"{&quot;_animation&quot;:&quot;fadeInUp&quot;}\" data-widget_type=\"heading.default\">\n\t\t\t\t<div class=\"elementor-widget-container\">\n\t\t\t\t\t<h1 class=\"elementor-heading-title elementor-size-default\">On the sofa with&#8230; V\u00edctor Casal, Reponsable de Proyectos de Fabricaci\u00f3n Aditiva de Navantia<\/h1>\t\t\t\t<\/div>\n\t\t\t\t<\/div>\n\t\t\t\t<div class=\"elementor-element elementor-element-cb8f85a elementor-widget elementor-widget-video\" data-id=\"cb8f85a\" data-element_type=\"widget\" data-settings=\"{&quot;youtube_url&quot;:&quot;https:\\\/\\\/www.youtube.com\\\/watch?v=vzFsQL03hvA&amp;feature=youtu.be&quot;,&quot;video_type&quot;:&quot;youtube&quot;,&quot;controls&quot;:&quot;yes&quot;}\" data-widget_type=\"video.default\">\n\t\t\t\t<div class=\"elementor-widget-container\">\n\t\t\t\t\t\t\t<div class=\"elementor-wrapper elementor-open-inline\">\n\t\t\t<div class=\"elementor-video\"><\/div>\t\t<\/div>\n\t\t\t\t\t\t<\/div>\n\t\t\t\t<\/div>\n\t\t\t\t<section class=\"elementor-section elementor-inner-section elementor-element elementor-element-bebfd39 elementor-section-boxed elementor-section-height-default elementor-section-height-default\" data-id=\"bebfd39\" data-element_type=\"section\">\n\t\t\t\t\t\t<div class=\"elementor-container elementor-column-gap-default\">\n\t\t\t\t\t<div class=\"elementor-column elementor-col-100 elementor-inner-column elementor-element elementor-element-6ff610f\" data-id=\"6ff610f\" data-element_type=\"column\">\n\t\t\t<div class=\"elementor-widget-wrap elementor-element-populated\">\n\t\t\t\t\t\t<div class=\"elementor-element elementor-element-488ff8d elementor-widget elementor-widget-text-editor\" data-id=\"488ff8d\" data-element_type=\"widget\" data-widget_type=\"text-editor.default\">\n\t\t\t\t<div class=\"elementor-widget-container\">\n\t\t\t\t\t\t\t\t\t<div id=\"part3143367\" class=\"P13\"><p style=\"text-align: left;\"><strong>Advanced Manufacturing Madrid &#8211; \u00bfPodr\u00edas definir con una palabra la relaci\u00f3n entre fabricaci\u00f3n aditiva y transporte?<\/strong><\/p><p style=\"text-align: left;\"><strong>V\u00edctor Casal &#8211;<\/strong> Si tuviera que definir en una palabra la relaci\u00f3n entre fabricaci\u00f3n aditiva y transporte, dir\u00eda que es la oportunidad. Tenemos ahora mismo una gran oportunidad de integrar estas tecnolog\u00edas en los sectores del transporte, porque tenemos las herramientas y los materiales y solamente hace falta que las empresas tractoras den el siguiente paso para que esto sea una realidad.<\/p><p style=\"text-align: left;\"><strong>AMM &#8211; \u00bfCu\u00e1l ha sido el proceso de fabricaci\u00f3n de la pala de tim\u00f3n que hab\u00e9is tra\u00eddo a la feria?<\/strong><\/p><p style=\"text-align: left;\"><strong>V. Casal &#8211;<\/strong> En esta feria hemos tra\u00eddo el prototipo de pala de tim\u00f3n h\u00edbrida. Lo que hemos hecho es hacer un h\u00edbrido. Hemos dejado el acero necesario e imprescindible y hemos eliminado todo el resto de acero y lo hemos transformado en piezas polim\u00e9rica, sin presas. \u00bfPara qu\u00e9? Para reducir todo el peso que podamos. Es una pala totalmente funcional porque est\u00e1 simulada para que aguante todas las tensiones a las que va a estar sometida. Pero eliminamos la mitad a mitad del peso y adem\u00e1s, el proceso productivo lo facilitamos much\u00edsimo.<\/p><p style=\"text-align: left;\"><strong>AMM &#8211; Entraste en contacto con la fabricaci\u00f3n aditiva hace 5 a\u00f1os, \u00bfc\u00f3mo ves la fabricaci\u00f3n aditiva dentro de otros 5?<\/strong><\/p><p style=\"text-align: left;\"><strong>V. Casal &#8211;<\/strong> A ver, desde que yo empec\u00e9 hace cinco a\u00f1os en que pr\u00e1cticamente no hab\u00eda nada, todo lo que se ve\u00eda en la feria eran mu\u00f1equitos, como digo yo, una manera familiar. Pero no hab\u00eda. Hab\u00eda nada m\u00e1s que impresoras dom\u00e9sticas. La evoluci\u00f3n que ha tenido en estos cinco a\u00f1os ha sido exponencial. Ya se est\u00e1 orientando la fabricaci\u00f3n aditiva a los procesos industriales. Antes era m\u00e1s dom\u00e9stica, pero ya se est\u00e1 mirando a la industria. Hay algunos sectores industriales en los que se ha incorporado antes la fabricaci\u00f3n aditiva, porque es m\u00e1s sencillo, porque las piezas son m\u00e1s peque\u00f1as o tienen menos requerimientos. Pero yo creo que poco a poco esto se va a ir integrando en todos los sectores industriales y en cinco a\u00f1os yo creo que esto ya ser\u00e1 algo como algo normal y corriente en nuestras vidas.<\/p><p style=\"text-align: left;\"><strong>AMM &#8211; \u00bfQu\u00e9 le aconsejar\u00edas a una pyme que se plantea empezar con la fabricaci\u00f3n aditiva?<\/strong><\/p><p style=\"text-align: left;\"><strong>V. Casal &#8211;<\/strong> Yo aconsejar\u00eda para empezar que se puede contactar con centros como el nuestro. Estamos abiertos a dar consejos de ese tipo. De hecho, a m\u00e1s de una empresa le haremos aconsejado y tal. Yo le dir\u00eda que lo haga porque hay muy poco, mucho desconocimiento con las t\u00e9cnicas de fabricaci\u00f3n aditiva. Hay gente que desconoce muchas de las t\u00e9cnicas que existen y que te pueden dar soluci\u00f3n. Y hay gente que se cree que solo es FDM y poco m\u00e1s. No hay mucho m\u00e1s. Hay un mundo por descubrir. Entonces que contacte con empresas que puedan asesorar. Es triste realmente todav\u00eda que tengamos muy poca formaci\u00f3n en Espa\u00f1a, en tecnolog\u00edas de fabricaci\u00f3n aditiva por procesado, pero esto es otro paso que tendremos que dar. Necesitamos profesionales. Necesitamos que las universidades creen master y necesitamos que los centros de formaci\u00f3n profesional tambi\u00e9n hagan m\u00f3dulos. Entonces, que esas empresas contacten con gente que pueda asesorar.<\/p><p style=\"text-align: left;\"><strong>AMM &#8211; \u00bfC\u00f3mo valoras esta edici\u00f3n de MetalMadrid, Composites y Robom\u00e1tica?<\/strong><\/p><p style=\"text-align: left;\"><strong>V. Casal &#8211;<\/strong> Metal Madrid me parece muy bien. Me parece una feria estupenda, pero sigo viendo que la fabricaci\u00f3n aditiva ocupa muy poco espacio y no crece. No solo pasa en MetalMadrid, pasa en otras ferias nacionales y yo creo que hay que potenciar, potenciar la tecnolog\u00eda de fabricaci\u00f3n aditiva e incluso darles su lugar. Porque esto, la aditiva en esta feria, por ejemplo, est\u00e1 muy disgregada. No est\u00e1 todo junto, todo lo han puesto muy, muy mezclado.<\/p><p style=\"text-align: left;\"><strong>AMM &#8211; \u00bfCu\u00e1les son los temas que m\u00e1s preocupan a los visitantes de la feria?<\/strong><\/p><p style=\"text-align: left;\"><strong>V. Casal &#8211;<\/strong> Bueno, cuando la gente viene y me pregunta por lo que hacemos realmente, ya os digo, es el desconocimiento. Hay muchos que realmente no se creen que esa pala est\u00e9 hecha con una impresora, se creen que est\u00e1 hecha de fibra. Incluso se sorprenden. Yo creo que no se lo terminan de creer. Hay muchos detractores que se dedican a la inyecci\u00f3n de pl\u00e1stico y dicen esto no vale para nada. Pero bueno, es normal. Y yo dir\u00eda que lo resumir\u00eda en desconocimiento.<\/p><\/div>\t\t\t\t\t\t\t\t<\/div>\n\t\t\t\t<\/div>\n\t\t\t\t\t<\/div>\n\t\t<\/div>\n\t\t\t\t\t<\/div>\n\t\t<\/section>\n\t\t\t\t\t<\/div>\n\t\t<\/div>\n\t\t\t\t<div class=\"elementor-column elementor-col-50 elementor-top-column elementor-element elementor-element-188aad1e\" data-id=\"188aad1e\" data-element_type=\"column\">\n\t\t\t<div class=\"elementor-widget-wrap elementor-element-populated\">\n\t\t\t\t\t\t<div class=\"elementor-element elementor-element-53623e7 elementor-invisible elementor-widget elementor-widget-heading\" data-id=\"53623e7\" data-element_type=\"widget\" data-settings=\"{&quot;_animation&quot;:&quot;fadeInUp&quot;}\" data-widget_type=\"heading.default\">\n\t\t\t\t<div class=\"elementor-widget-container\">\n\t\t\t\t\t<h2 class=\"elementor-heading-title elementor-size-default\">Suscr\u00edbete a nuestra newsletter<\/h2>\t\t\t\t<\/div>\n\t\t\t\t<\/div>\n\t\t\t\t<div class=\"elementor-element elementor-element-9f8d3e3 elementor-tablet-button-align-stretch elementor-button-align-stretch elementor-widget elementor-widget-form\" data-id=\"9f8d3e3\" data-element_type=\"widget\" data-settings=\"{&quot;step_next_label&quot;:&quot;Next&quot;,&quot;step_previous_label&quot;:&quot;Previous&quot;,&quot;button_width&quot;:&quot;100&quot;,&quot;step_type&quot;:&quot;number_text&quot;,&quot;step_icon_shape&quot;:&quot;circle&quot;}\" data-widget_type=\"form.default\">\n\t\t\t\t<div class=\"elementor-widget-container\">\n\t\t\t\t\t\t\t<form class=\"elementor-form\" method=\"post\" name=\"Newslwtter\" aria-label=\"Newslwtter\">\n\t\t\t<input type=\"hidden\" name=\"post_id\" value=\"231311\"\/>\n\t\t\t<input type=\"hidden\" name=\"form_id\" value=\"9f8d3e3\"\/>\n\t\t\t<input type=\"hidden\" name=\"referer_title\" value=\"\" \/>\n\n\t\t\t\n\t\t\t<div class=\"elementor-form-fields-wrapper elementor-labels-\">\n\t\t\t\t\t\t\t\t<div class=\"elementor-field-type-text elementor-field-group elementor-column elementor-field-group-FirstName elementor-col-100\">\n\t\t\t\t\t\t\t\t\t\t\t\t<label for=\"form-field-FirstName\" class=\"elementor-field-label elementor-screen-only\">\n\t\t\t\t\t\t\t\tNombre\t\t\t\t\t\t\t<\/label>\n\t\t\t\t\t\t\t\t\t\t\t\t\t\t<input size=\"1\" type=\"text\" name=\"form_fields[FirstName]\" id=\"form-field-FirstName\" class=\"elementor-field elementor-size-sm  elementor-field-textual\" placeholder=\"Nombre\">\n\t\t\t\t\t\t\t\t\t\t\t<\/div>\n\t\t\t\t\t\t\t\t<div class=\"elementor-field-type-text elementor-field-group elementor-column elementor-field-group-LastName elementor-col-100\">\n\t\t\t\t\t\t\t\t\t\t\t\t<label for=\"form-field-LastName\" class=\"elementor-field-label elementor-screen-only\">\n\t\t\t\t\t\t\t\tApellido\t\t\t\t\t\t\t<\/label>\n\t\t\t\t\t\t\t\t\t\t\t\t\t\t<input size=\"1\" type=\"text\" name=\"form_fields[LastName]\" id=\"form-field-LastName\" class=\"elementor-field elementor-size-sm  elementor-field-textual\" placeholder=\"Apellido\">\n\t\t\t\t\t\t\t\t\t\t\t<\/div>\n\t\t\t\t\t\t\t\t<div class=\"elementor-field-type-email elementor-field-group elementor-column elementor-field-group-Email elementor-col-100 elementor-field-required\">\n\t\t\t\t\t\t\t\t\t\t\t\t<label for=\"form-field-Email\" class=\"elementor-field-label elementor-screen-only\">\n\t\t\t\t\t\t\t\tEmail\t\t\t\t\t\t\t<\/label>\n\t\t\t\t\t\t\t\t\t\t\t\t\t\t<input size=\"1\" type=\"email\" name=\"form_fields[Email]\" id=\"form-field-Email\" class=\"elementor-field elementor-size-sm  elementor-field-textual\" placeholder=\"Email\" required=\"required\">\n\t\t\t\t\t\t\t\t\t\t\t<\/div>\n\t\t\t\t\t\t\t\t<div class=\"elementor-field-group elementor-column elementor-field-type-submit elementor-col-100 e-form__buttons\">\n\t\t\t\t\t<button class=\"elementor-button elementor-size-sm\" type=\"submit\">\n\t\t\t\t\t\t<span class=\"elementor-button-content-wrapper\">\n\t\t\t\t\t\t\t\t\t\t\t\t\t\t\t\t\t\t\t\t\t\t<span class=\"elementor-button-text\">Send<\/span>\n\t\t\t\t\t\t\t\t\t\t\t\t\t<\/span>\n\t\t\t\t\t<\/button>\n\t\t\t\t<\/div>\n\t\t\t<\/div>\n\t\t<\/form>\n\t\t\t\t\t\t<\/div>\n\t\t\t\t<\/div>\n\t\t\t\t<div class=\"elementor-element elementor-element-2d42a228 elementor-hidden-desktop elementor-hidden-tablet elementor-hidden-phone elementor-widget elementor-widget-wp-widget-adsanity-single\" data-id=\"2d42a228\" data-element_type=\"widget\" data-widget_type=\"wp-widget-adsanity-single.default\">\n\t\t\t\t<div class=\"elementor-widget-container\">\n\t\t\t\t\t\n<div id=\"ad-34445\" class=\"ad-300x250 adsanity-300x250  adsanity-\"\n><div class=\"adsanity-inner\">\n\n<div class=\"adsanity-gati\" data-title=\"MPU 1\"><a rel=\"nofollow\" href=\"https:\/\/www.advancedmanufacturingmadrid.com\/es\/ads\/mpu-1\/\"  target=\"_blank\"><img fetchpriority=\"high\" decoding=\"async\" width=\"300\" height=\"250\" src=\"https:\/\/easyfairsassets.com\/sites\/79\/2020\/12\/300-x-250_Risk.jpg\" class=\"no-lazy-load wp-post-image\" alt=\"\" \/><\/a><\/div>\n<\/div><\/div>\n\n\t\t\t\t<\/div>\n\t\t\t\t<\/div>\n\t\t\t\t<div class=\"elementor-element elementor-element-12da316 elementor-grid-1 elementor-posts--thumbnail-none elementor-grid-tablet-1 elementor-grid-mobile-1 elementor-widget elementor-widget-posts\" data-id=\"12da316\" data-element_type=\"widget\" data-settings=\"{&quot;classic_columns&quot;:&quot;1&quot;,&quot;classic_row_gap&quot;:{&quot;unit&quot;:&quot;px&quot;,&quot;size&quot;:&quot;23&quot;,&quot;sizes&quot;:[]},&quot;classic_columns_tablet&quot;:&quot;1&quot;,&quot;_animation&quot;:&quot;none&quot;,&quot;classic_columns_mobile&quot;:&quot;1&quot;,&quot;classic_row_gap_tablet&quot;:{&quot;unit&quot;:&quot;px&quot;,&quot;size&quot;:&quot;&quot;,&quot;sizes&quot;:[]},&quot;classic_row_gap_mobile&quot;:{&quot;unit&quot;:&quot;px&quot;,&quot;size&quot;:&quot;&quot;,&quot;sizes&quot;:[]}}\" data-widget_type=\"posts.classic\">\n\t\t\t\t<div class=\"elementor-widget-container\">\n\t\t\t\t\t\t\t<div class=\"elementor-posts-container elementor-posts elementor-posts--skin-classic elementor-grid\" role=\"list\">\n\t\t\t\t<article class=\"elementor-post elementor-grid-item post-470450 post type-post status-publish format-standard has-post-thumbnail hentry category-notas-de-prensa tag-espana tag-estadisticas tag-estudio tag-europa tag-eventos tag-ferias tag-liderazgo tag-sectorindustrial tag-ventajacompetitiva\" role=\"listitem\">\n\t\t\t\t<div class=\"elementor-post__text\">\n\t\t\t\t<h3 class=\"elementor-post__title\">\n\t\t\t<a href=\"https:\/\/www.advancedmanufacturingmadrid.com\/es\/2026\/04\/09\/los-advanced-manufacturing-awards-abren-candidaturas-para-su-5a-edicion\/\" >\n\t\t\t\tLos\u00a0Advanced\u00a0Manufacturing\u00a0Awards\u00a0abren candidaturas para su 5\u00aa edici\u00f3n\u00a0\t\t\t<\/a>\n\t\t<\/h3>\n\t\t\t\t<div class=\"elementor-post__excerpt\">\n\t\t\t<p>Los\u00a0Advanced\u00a0Manufacturing\u00a0Awards\u00a0abren candidaturas para su 5\u00aa edici\u00f3n\u00a0 CINCO A\u00d1OS RECONOCIENDO LA INNOVACI\u00d3N INDUSTRIAL EN ESPA\u00d1A\u00a0 Los\u00a0Advanced\u00a0Manufacturing\u00a0Awards\u00a0abren candidaturas para su 5\u00aa edici\u00f3n\u00a0 Los galardones, organizados\u00a0por\u00a0Advanced\u00a0Manufacturing\u00a0Madrid, celebran este<\/p>\n\t\t<\/div>\n\t\t\n\t\t<a class=\"elementor-post__read-more\" href=\"https:\/\/www.advancedmanufacturingmadrid.com\/es\/2026\/04\/09\/los-advanced-manufacturing-awards-abren-candidaturas-para-su-5a-edicion\/\" aria-label=\"Read more about Los\u00a0Advanced\u00a0Manufacturing\u00a0Awards\u00a0abren candidaturas para su 5\u00aa edici\u00f3n\u00a0\" tabindex=\"-1\" >\n\t\t\tRead More \u00bb\t\t<\/a>\n\n\t\t\t\t<\/div>\n\t\t\t\t<\/article>\n\t\t\t\t<article class=\"elementor-post elementor-grid-item post-470157 post type-post status-publish format-standard has-post-thumbnail hentry category-advanced-manfuctaring-news category-behind-the-innovations category-sin-categorizar tag-advancedmanufacturing tag-airbus tag-composites tag-engineering tag-reciclaje tag-sostenible-2\" role=\"listitem\">\n\t\t\t\t<div class=\"elementor-post__text\">\n\t\t\t\t<h3 class=\"elementor-post__title\">\n\t\t\t<a href=\"https:\/\/www.advancedmanufacturingmadrid.com\/es\/2026\/04\/06\/informe-de-sostenibilidad-2025-de-easyfairs\/\" >\n\t\t\t\tInforme de Sostenibilidad 2025 de Easyfairs: -34% en emisiones y 71% de eventos sostenibles\t\t\t<\/a>\n\t\t<\/h3>\n\t\t\t\t<div class=\"elementor-post__excerpt\">\n\t\t\t<p>Informe de Sostenibilidad 2025 de Easyfairs: -34% en emisiones y 71% de eventos sostenibles El Informe de Sostenibilidad 2025 de Easyfairs\u00a0recoge los principales avances del<\/p>\n\t\t<\/div>\n\t\t\n\t\t<a class=\"elementor-post__read-more\" href=\"https:\/\/www.advancedmanufacturingmadrid.com\/es\/2026\/04\/06\/informe-de-sostenibilidad-2025-de-easyfairs\/\" aria-label=\"Read more about Informe de Sostenibilidad 2025 de Easyfairs: -34% en emisiones y 71% de eventos sostenibles\" tabindex=\"-1\" >\n\t\t\tRead More \u00bb\t\t<\/a>\n\n\t\t\t\t<\/div>\n\t\t\t\t<\/article>\n\t\t\t\t<article class=\"elementor-post elementor-grid-item post-469670 post type-post status-publish format-standard has-post-thumbnail hentry category-advanced-manfuctaring-news category-behind-the-innovations category-sin-categorizar tag-advancedmanufacturing tag-airbus tag-composites tag-engineering tag-reciclaje tag-sostenible-2\" role=\"listitem\">\n\t\t\t\t<div class=\"elementor-post__text\">\n\t\t\t\t<h3 class=\"elementor-post__title\">\n\t\t\t<a href=\"https:\/\/www.advancedmanufacturingmadrid.com\/es\/2026\/03\/30\/la-electrificacion-impulsa-la-transformacion-industrial-y-el-crecimiento-del-sector\/\" >\n\t\t\t\tLa electrificaci\u00f3n impulsa la transformaci\u00f3n industrial y el crecimiento del sector\t\t\t<\/a>\n\t\t<\/h3>\n\t\t\t\t<div class=\"elementor-post__excerpt\">\n\t\t\t<p>La electrificaci\u00f3n impulsa una nueva ola de transformaci\u00f3n industrial La electrificaci\u00f3n se ha convertido en uno de los principales motores de transformaci\u00f3n de la industria<\/p>\n\t\t<\/div>\n\t\t\n\t\t<a class=\"elementor-post__read-more\" href=\"https:\/\/www.advancedmanufacturingmadrid.com\/es\/2026\/03\/30\/la-electrificacion-impulsa-la-transformacion-industrial-y-el-crecimiento-del-sector\/\" aria-label=\"Read more about La electrificaci\u00f3n impulsa la transformaci\u00f3n industrial y el crecimiento del sector\" tabindex=\"-1\" >\n\t\t\tRead More \u00bb\t\t<\/a>\n\n\t\t\t\t<\/div>\n\t\t\t\t<\/article>\n\t\t\t\t<article class=\"elementor-post elementor-grid-item post-469662 post type-post status-publish format-standard has-post-thumbnail hentry category-advanced-manfuctaring-news category-behind-the-innovations category-sin-categorizar tag-advancedmanufacturing tag-airbus tag-composites tag-engineering tag-reciclaje tag-sostenible-2\" role=\"listitem\">\n\t\t\t\t<div class=\"elementor-post__text\">\n\t\t\t\t<h3 class=\"elementor-post__title\">\n\t\t\t<a href=\"https:\/\/www.advancedmanufacturingmadrid.com\/es\/2026\/03\/30\/la-falta-de-talento-tecnico-en-la-industria-retos-y-soluciones-para-el-futuro\/\" >\n\t\t\t\tLa falta de talento t\u00e9cnico en la industria: retos y soluciones para el futuro\t\t\t<\/a>\n\t\t<\/h3>\n\t\t\t\t<div class=\"elementor-post__excerpt\">\n\t\t\t<p>La falta de talento t\u00e9cnico sigue siendo uno de los grandes retos de la industria La escasez de talento t\u00e9cnico cualificado se ha consolidado como<\/p>\n\t\t<\/div>\n\t\t\n\t\t<a class=\"elementor-post__read-more\" href=\"https:\/\/www.advancedmanufacturingmadrid.com\/es\/2026\/03\/30\/la-falta-de-talento-tecnico-en-la-industria-retos-y-soluciones-para-el-futuro\/\" aria-label=\"Read more about La falta de talento t\u00e9cnico en la industria: retos y soluciones para el futuro\" tabindex=\"-1\" >\n\t\t\tRead More \u00bb\t\t<\/a>\n\n\t\t\t\t<\/div>\n\t\t\t\t<\/article>\n\t\t\t\t<\/div>\n\t\t\n\t\t\t\t\t\t<\/div>\n\t\t\t\t<\/div>\n\t\t\t\t<div class=\"elementor-element elementor-element-1d1f32af elementor-hidden-desktop elementor-hidden-tablet elementor-hidden-phone elementor-widget elementor-widget-wp-widget-adsanity-single\" data-id=\"1d1f32af\" data-element_type=\"widget\" data-widget_type=\"wp-widget-adsanity-single.default\">\n\t\t\t\t<div class=\"elementor-widget-container\">\n\t\t\t\t\t\n<div id=\"ad-34447\" class=\"ad-300x250 adsanity-300x250  adsanity-\"\n><div class=\"adsanity-inner\">\n\n<div class=\"adsanity-gati\" data-title=\"MPU 2\"><a rel=\"nofollow\" href=\"https:\/\/www.advancedmanufacturingmadrid.com\/es\/ads\/mpu-2\/\"  target=\"_blank\"><img decoding=\"async\" width=\"300\" height=\"250\" src=\"https:\/\/easyfairsassets.com\/sites\/79\/2020\/12\/300-x-250_Interiors.jpg\" class=\"no-lazy-load wp-post-image\" alt=\"\" \/><\/a><\/div>\n<\/div><\/div>\n\n\t\t\t\t<\/div>\n\t\t\t\t<\/div>\n\t\t\t\t<div class=\"elementor-element elementor-element-1d7b1acf elementor-hidden-desktop elementor-hidden-tablet elementor-hidden-phone elementor-widget elementor-widget-wp-widget-adsanity-single\" data-id=\"1d7b1acf\" data-element_type=\"widget\" data-widget_type=\"wp-widget-adsanity-single.default\">\n\t\t\t\t<div class=\"elementor-widget-container\">\n\t\t\t\t\t\n<div id=\"ad-34449\" class=\"ad-300x250 adsanity-300x250  adsanity-\"\n><div class=\"adsanity-inner\">\n\n<div class=\"adsanity-gati\" data-title=\"MPU 3\"><a rel=\"nofollow\" href=\"https:\/\/www.advancedmanufacturingmadrid.com\/es\/ads\/mpu-3\/\"  target=\"_blank\"><img decoding=\"async\" width=\"300\" height=\"250\" src=\"https:\/\/easyfairsassets.com\/sites\/79\/2020\/12\/300-x-250_Honeywell.jpg\" class=\"no-lazy-load wp-post-image\" alt=\"\" \/><\/a><\/div>\n<\/div><\/div>\n\n\t\t\t\t<\/div>\n\t\t\t\t<\/div>\n\t\t\t\t<div class=\"elementor-element elementor-element-690d6e9 elementor-hidden-desktop elementor-hidden-tablet elementor-hidden-phone elementor-widget elementor-widget-wp-widget-adsanity-single\" data-id=\"690d6e9\" data-element_type=\"widget\" data-widget_type=\"wp-widget-adsanity-single.default\">\n\t\t\t\t<div class=\"elementor-widget-container\">\n\t\t\t\t\t\n<div id=\"ad-34451\" class=\"ad-300x250 adsanity-300x250  adsanity-\"\n><div class=\"adsanity-inner\">\n\n<div class=\"adsanity-gati\" data-title=\"MPU 4\"><a rel=\"nofollow\" href=\"https:\/\/www.advancedmanufacturingmadrid.com\/es\/ads\/mpu-4\/\"  target=\"_blank\"><img loading=\"lazy\" decoding=\"async\" width=\"300\" height=\"250\" src=\"https:\/\/easyfairsassets.com\/sites\/79\/2020\/12\/300-x-250_Edoc.jpg\" class=\"no-lazy-load wp-post-image\" alt=\"\" \/><\/a><\/div>\n<\/div><\/div>\n\n\t\t\t\t<\/div>\n\t\t\t\t<\/div>\n\t\t\t\t\t<\/div>\n\t\t<\/div>\n\t\t\t\t\t<\/div>\n\t\t<\/section>\n\t\t\t\t<section class=\"elementor-section elementor-top-section elementor-element elementor-element-538f6e00 elementor-section-full_width elementor-section-height-default elementor-section-height-default\" data-id=\"538f6e00\" data-element_type=\"section\">\n\t\t\t\t\t\t<div class=\"elementor-container elementor-column-gap-default\">\n\t\t\t\t\t<div class=\"elementor-column elementor-col-100 elementor-top-column elementor-element elementor-element-2e5a66e9\" data-id=\"2e5a66e9\" data-element_type=\"column\">\n\t\t\t<div class=\"elementor-widget-wrap elementor-element-populated\">\n\t\t\t\t\t\t<div class=\"elementor-element elementor-element-46a66c4d elementor-widget-divider--view-line elementor-widget elementor-widget-divider\" data-id=\"46a66c4d\" data-element_type=\"widget\" data-widget_type=\"divider.default\">\n\t\t\t\t<div class=\"elementor-widget-container\">\n\t\t\t\t\t\t\t<div class=\"elementor-divider\">\n\t\t\t<span class=\"elementor-divider-separator\">\n\t\t\t\t\t\t<\/span>\n\t\t<\/div>\n\t\t\t\t\t\t<\/div>\n\t\t\t\t<\/div>\n\t\t\t\t<div class=\"elementor-element elementor-element-42d0a3ec elementor-invisible elementor-widget elementor-widget-text-editor\" data-id=\"42d0a3ec\" data-element_type=\"widget\" data-settings=\"{&quot;_animation&quot;:&quot;fadeInUp&quot;}\" data-widget_type=\"text-editor.default\">\n\t\t\t\t<div class=\"elementor-widget-container\">\n\t\t\t\t\t\t\t\t\t<p><span style=\"vertical-align: inherit\"><span style=\"vertical-align: inherit\"><span style=\"vertical-align: inherit\"><span style=\"vertical-align: inherit\"><span style=\"vertical-align: inherit\"><span style=\"vertical-align: inherit\">S\u00edguenos en nuestras redes sociales<\/span><\/span><\/span><\/span><\/span><\/span><\/p>\t\t\t\t\t\t\t\t<\/div>\n\t\t\t\t<\/div>\n\t\t\t\t<div class=\"elementor-element elementor-element-41328be7 elementor-shape-circle e-grid-align-left e-grid-align-mobile-left elementor-grid-0 elementor-invisible elementor-widget elementor-widget-social-icons\" data-id=\"41328be7\" data-element_type=\"widget\" data-settings=\"{&quot;_animation&quot;:&quot;bounceIn&quot;}\" data-widget_type=\"social-icons.default\">\n\t\t\t\t<div class=\"elementor-widget-container\">\n\t\t\t\t\t\t\t<div class=\"elementor-social-icons-wrapper elementor-grid\" role=\"list\">\n\t\t\t\t\t\t\t<span class=\"elementor-grid-item\" role=\"listitem\">\n\t\t\t\t\t<a class=\"elementor-icon elementor-social-icon elementor-social-icon-facebook-f elementor-repeater-item-7821199\" href=\"https:\/\/www.facebook.com\/advancedmanufacturingES\" target=\"_blank\" rel=\"nofollow\">\n\t\t\t\t\t\t<span class=\"elementor-screen-only\">Facebook-f<\/span>\n\t\t\t\t\t\t<i aria-hidden=\"true\" class=\"fab fa-facebook-f\"><\/i>\t\t\t\t\t<\/a>\n\t\t\t\t<\/span>\n\t\t\t\t\t\t\t<span class=\"elementor-grid-item\" role=\"listitem\">\n\t\t\t\t\t<a class=\"elementor-icon elementor-social-icon elementor-social-icon-twitter elementor-repeater-item-pc69ffs\" href=\"https:\/\/twitter.com\/AdvManufactES\" target=\"_blank\" rel=\"nofollow\">\n\t\t\t\t\t\t<span class=\"elementor-screen-only\">Twitter<\/span>\n\t\t\t\t\t\t<i aria-hidden=\"true\" class=\"fab fa-twitter\"><\/i>\t\t\t\t\t<\/a>\n\t\t\t\t<\/span>\n\t\t\t\t\t\t\t<span class=\"elementor-grid-item\" role=\"listitem\">\n\t\t\t\t\t<a class=\"elementor-icon elementor-social-icon elementor-social-icon-instagram elementor-repeater-item-ac1eea0\" href=\"https:\/\/www.instagram.com\/advancedmanufacturinges\/\" target=\"_blank\" rel=\"nofollow\">\n\t\t\t\t\t\t<span class=\"elementor-screen-only\">Instagram<\/span>\n\t\t\t\t\t\t<i aria-hidden=\"true\" class=\"fab fa-instagram\"><\/i>\t\t\t\t\t<\/a>\n\t\t\t\t<\/span>\n\t\t\t\t\t\t\t<span class=\"elementor-grid-item\" role=\"listitem\">\n\t\t\t\t\t<a class=\"elementor-icon elementor-social-icon elementor-social-icon-linkedin elementor-repeater-item-0e2f1b2\" href=\"https:\/\/www.linkedin.com\/company\/advancedmanufacturinges\" target=\"_blank\" rel=\"nofollow\">\n\t\t\t\t\t\t<span class=\"elementor-screen-only\">Linkedin<\/span>\n\t\t\t\t\t\t<i aria-hidden=\"true\" class=\"fab fa-linkedin\"><\/i>\t\t\t\t\t<\/a>\n\t\t\t\t<\/span>\n\t\t\t\t\t<\/div>\n\t\t\t\t\t\t<\/div>\n\t\t\t\t<\/div>\n\t\t\t\t\t<\/div>\n\t\t<\/div>\n\t\t\t\t\t<\/div>\n\t\t<\/section>\n\t\t\t\t<\/div>\n\t\t","protected":false},"excerpt":{"rendered":"<p>https:\/\/www.youtube.com\/watch?v=vzFsQL03hvA&#038;feature=youtu.be Advanced Manufacturing Madrid &#8211; \u00bfPodr\u00edas definir con una palabra la relaci\u00f3n entre fabricaci\u00f3n aditiva y transporte? V\u00edctor Casal &#8211; Si tuviera que definir en una palabra la relaci\u00f3n entre fabricaci\u00f3n aditiva y transporte, dir\u00eda que es la oportunidad. Tenemos ahora mismo una gran oportunidad de integrar estas tecnolog\u00edas en los sectores del transporte, porque [&hellip;]<\/p>\n","protected":false},"author":118,"featured_media":231314,"comment_status":"closed","ping_status":"closed","sticky":false,"template":"","format":"standard","meta":{"_seopress_robots_primary_cat":"none","_seopress_titles_title":"On the sofa with Victor Casal, Navantia | Advanced Manufacturing Madrid","_seopress_titles_desc":"Entrevista a Victor Casal, Responsable de Proyectos de Fabricaci\u00f3n Aditiva de Navantia, durante MetalMadrid, Composites y Robom\u00e1tica Madrid.","_seopress_robots_index":"","footnotes":""},"categories":[342,1474,1427],"tags":[2786,1970,1733,1316,2787,2785],"edition":[],"class_list":["post-231311","post","type-post","status-publish","format-standard","has-post-thumbnail","hentry","category-advanced-manfuctaring-news","category-entrevistas","category-on-the-sofa-with","tag-buque","tag-fabricacion-aditiva-3","tag-impresion-3d-4","tag-navantia","tag-pala-timon","tag-victor-casal"],"_links":{"self":[{"href":"https:\/\/www.advancedmanufacturingmadrid.com\/es\/wp-json\/wp\/v2\/posts\/231311","targetHints":{"allow":["GET"]}}],"collection":[{"href":"https:\/\/www.advancedmanufacturingmadrid.com\/es\/wp-json\/wp\/v2\/posts"}],"about":[{"href":"https:\/\/www.advancedmanufacturingmadrid.com\/es\/wp-json\/wp\/v2\/types\/post"}],"author":[{"embeddable":true,"href":"https:\/\/www.advancedmanufacturingmadrid.com\/es\/wp-json\/wp\/v2\/users\/118"}],"replies":[{"embeddable":true,"href":"https:\/\/www.advancedmanufacturingmadrid.com\/es\/wp-json\/wp\/v2\/comments?post=231311"}],"version-history":[{"count":5,"href":"https:\/\/www.advancedmanufacturingmadrid.com\/es\/wp-json\/wp\/v2\/posts\/231311\/revisions"}],"predecessor-version":[{"id":232399,"href":"https:\/\/www.advancedmanufacturingmadrid.com\/es\/wp-json\/wp\/v2\/posts\/231311\/revisions\/232399"}],"wp:featuredmedia":[{"embeddable":true,"href":"https:\/\/www.advancedmanufacturingmadrid.com\/es\/wp-json\/wp\/v2\/media\/231314"}],"wp:attachment":[{"href":"https:\/\/www.advancedmanufacturingmadrid.com\/es\/wp-json\/wp\/v2\/media?parent=231311"}],"wp:term":[{"taxonomy":"category","embeddable":true,"href":"https:\/\/www.advancedmanufacturingmadrid.com\/es\/wp-json\/wp\/v2\/categories?post=231311"},{"taxonomy":"post_tag","embeddable":true,"href":"https:\/\/www.advancedmanufacturingmadrid.com\/es\/wp-json\/wp\/v2\/tags?post=231311"},{"taxonomy":"edition","embeddable":true,"href":"https:\/\/www.advancedmanufacturingmadrid.com\/es\/wp-json\/wp\/v2\/edition?post=231311"}],"curies":[{"name":"wp","href":"https:\/\/api.w.org\/{rel}","templated":true}]}}