{"id":341900,"date":"2023-11-20T15:22:27","date_gmt":"2023-11-20T14:22:27","guid":{"rendered":"https:\/\/www.advancedmanufacturingmadrid.com\/?p=341900"},"modified":"2023-11-20T15:33:40","modified_gmt":"2023-11-20T14:33:40","slug":"advanced-manufacturing-madrid-cierra-su-mayor-edicion-hasta-la-fecha-record-de-asistencia-con-mas-de-13-400-visitantes-unicos","status":"publish","type":"post","link":"https:\/\/www.advancedmanufacturingmadrid.com\/es\/2023\/11\/20\/advanced-manufacturing-madrid-cierra-su-mayor-edicion-hasta-la-fecha-record-de-asistencia-con-mas-de-13-400-visitantes-unicos\/","title":{"rendered":"Advanced Manufacturing Madrid cierra su mayor edici\u00f3n hasta la fecha. R\u00e9cord de asistencia con m\u00e1s de 13.400 visitantes \u00fanicos"},"content":{"rendered":"\t\t<div data-elementor-type=\"wp-post\" data-elementor-id=\"341900\" class=\"elementor elementor-341900\" data-elementor-post-type=\"post\">\n\t\t\t\t\t\t<section class=\"elementor-section elementor-top-section elementor-element elementor-element-5581984 elementor-section-boxed elementor-section-height-default elementor-section-height-default\" data-id=\"5581984\" data-element_type=\"section\">\n\t\t\t\t\t\t<div class=\"elementor-container elementor-column-gap-default\">\n\t\t\t\t\t<div class=\"elementor-column elementor-col-100 elementor-top-column elementor-element elementor-element-18eb377\" data-id=\"18eb377\" data-element_type=\"column\">\n\t\t\t<div class=\"elementor-widget-wrap elementor-element-populated\">\n\t\t\t\t\t\t<div class=\"elementor-element elementor-element-780d446 elementor-widget elementor-widget-theme-post-title elementor-page-title elementor-widget-heading\" data-id=\"780d446\" data-element_type=\"widget\" data-widget_type=\"theme-post-title.default\">\n\t\t\t\t<div class=\"elementor-widget-container\">\n\t\t\t\t\t<h1 class=\"elementor-heading-title elementor-size-default\">Advanced Manufacturing Madrid cierra su mayor edici\u00f3n hasta la fecha. R\u00e9cord de asistencia con m\u00e1s de 13.400 visitantes \u00fanicos<\/h1>\t\t\t\t<\/div>\n\t\t\t\t<\/div>\n\t\t\t\t<div class=\"elementor-element elementor-element-00de1ac elementor-widget elementor-widget-post-info\" data-id=\"00de1ac\" data-element_type=\"widget\" data-widget_type=\"post-info.default\">\n\t\t\t\t<div class=\"elementor-widget-container\">\n\t\t\t\t\t\t\t<ul class=\"elementor-inline-items elementor-icon-list-items elementor-post-info\">\n\t\t\t\t\t\t\t\t<li class=\"elementor-icon-list-item elementor-repeater-item-e3c1486 elementor-inline-item\" itemprop=\"datePublished\">\n\t\t\t\t\t\t<a href=\"https:\/\/www.advancedmanufacturingmadrid.com\/es\/2023\/11\/20\/\">\n\t\t\t\t\t\t\t\t\t\t\t<span class=\"elementor-icon-list-icon\">\n\t\t\t\t\t\t\t\t<i aria-hidden=\"true\" class=\"fas fa-calendar\"><\/i>\t\t\t\t\t\t\t<\/span>\n\t\t\t\t\t\t\t\t\t<span class=\"elementor-icon-list-text elementor-post-info__item elementor-post-info__item--type-date\">\n\t\t\t\t\t\t\t\t\t\t<time>noviembre 20, 2023<\/time>\t\t\t\t\t<\/span>\n\t\t\t\t\t\t\t\t\t<\/a>\n\t\t\t\t<\/li>\n\t\t\t\t<\/ul>\n\t\t\t\t\t\t<\/div>\n\t\t\t\t<\/div>\n\t\t\t\t<div class=\"elementor-element elementor-element-fe1a850 elementor-widget-divider--view-line elementor-widget elementor-widget-divider\" data-id=\"fe1a850\" data-element_type=\"widget\" data-widget_type=\"divider.default\">\n\t\t\t\t<div class=\"elementor-widget-container\">\n\t\t\t\t\t\t\t<div class=\"elementor-divider\">\n\t\t\t<span class=\"elementor-divider-separator\">\n\t\t\t\t\t\t<\/span>\n\t\t<\/div>\n\t\t\t\t\t\t<\/div>\n\t\t\t\t<\/div>\n\t\t\t\t<section class=\"elementor-section elementor-inner-section elementor-element elementor-element-dd966a4 elementor-section-boxed elementor-section-height-default elementor-section-height-default\" data-id=\"dd966a4\" data-element_type=\"section\">\n\t\t\t\t\t\t<div class=\"elementor-container elementor-column-gap-no\">\n\t\t\t\t\t<div class=\"elementor-column elementor-col-100 elementor-inner-column elementor-element elementor-element-137e706\" data-id=\"137e706\" data-element_type=\"column\">\n\t\t\t<div class=\"elementor-widget-wrap elementor-element-populated\">\n\t\t\t\t\t\t<div class=\"elementor-element elementor-element-91bda2b elementor-widget elementor-widget-image\" data-id=\"91bda2b\" data-element_type=\"widget\" data-widget_type=\"image.default\">\n\t\t\t\t<div class=\"elementor-widget-container\">\n\t\t\t\t\t\t\t\t\t\t\t\t<figure class=\"wp-caption\">\n\t\t\t\t\t\t\t\t\t\t<img fetchpriority=\"high\" decoding=\"async\" width=\"768\" height=\"512\" src=\"https:\/\/easyfairsassets.com\/sites\/79\/2023\/11\/metal-madrid-23-baja-111-768x512.jpg\" class=\"attachment-medium_large size-medium_large wp-image-341902\" alt=\"metal-madrid-23-baja-111\" srcset=\"https:\/\/easyfairsassets.com\/sites\/79\/2023\/11\/metal-madrid-23-baja-111-768x512.jpg 768w, https:\/\/easyfairsassets.com\/sites\/79\/2023\/11\/metal-madrid-23-baja-111-300x200.jpg 300w, https:\/\/easyfairsassets.com\/sites\/79\/2023\/11\/metal-madrid-23-baja-111-1024x683.jpg 1024w, https:\/\/easyfairsassets.com\/sites\/79\/2023\/11\/metal-madrid-23-baja-111-1536x1024.jpg 1536w, https:\/\/easyfairsassets.com\/sites\/79\/2023\/11\/metal-madrid-23-baja-111.jpg 1920w\" sizes=\"(max-width: 768px) 100vw, 768px\" \/>\t\t\t\t\t\t\t\t\t\t\t<figcaption class=\"widget-image-caption wp-caption-text\"><\/figcaption>\n\t\t\t\t\t\t\t\t\t\t<\/figure>\n\t\t\t\t\t\t\t\t\t<\/div>\n\t\t\t\t<\/div>\n\t\t\t\t<div class=\"elementor-element elementor-element-a03c104 elementor-widget elementor-widget-text-editor\" data-id=\"a03c104\" data-element_type=\"widget\" data-widget_type=\"text-editor.default\">\n\t\t\t\t<div class=\"elementor-widget-container\">\n\t\t\t\t\t\t\t\t\t<ul>\n<li><strong>Cifras de r\u00e9cord para el cierre de la 15\u00aa edici\u00f3n de AM Madrid, que ha contado con m\u00e1s de 600 empresas expositoras, m\u00e1s de 13.400 visitantes \u00fanicos, 53.752 interacciones comerciales y un impacto econ\u00f3mico de 15 millones de euros.<\/strong><\/li>\n<li><strong>Sostenibilidad, metaverso, IA, gemelos digitales, automatizaci\u00f3n y nuevas tendencias en tratamiento de superficies y materiales compuestos han sido las tem\u00e1ticas protagonistas de las dos jornadas de TECH CONGRESS 4.0, en el que han participado m\u00e1s de 80 ponentes. <\/strong><\/li>\n<li><strong>\u201cLa diversidad de sectores representados, desde la metalurgia hasta la automatizaci\u00f3n y los materiales avanzados, convierte a AM Madrid en un foro incomparable para el intercambio de ideas, la generaci\u00f3n de alianzas estrat\u00e9gicas y la exposici\u00f3n de las \u00faltimas innovaciones\u201d, afirma Oscar Barranco, director general de Easyfairs Iberia.<\/strong><\/li>\n<\/ul>\n<p><br><\/p><p><b>Madrid, 16 de noviembre de 2023.<\/b> Con la asistencia de m\u00e1s de 13.400 visitantes, la realizaci\u00f3n de 53.752 interacciones comerciales y la participaci\u00f3n de m\u00e1s de 600 empresas expositoras, Advanced Manufacturing Madrid cierra su 15\u00aa edici\u00f3n, superando todas las previsiones, con un impacto econ\u00f3mico de 15 millones de euros. Y es que, el evento l\u00edder en innovaci\u00f3n industrial, organizado por Easyfairs y que engloba los salones MetalMadrid, Composites y Robom\u00e1tica Madrid, ha demostrado un a\u00f1o m\u00e1s ser un punto de encuentro clave para las empresas, expertos y l\u00edderes de los sectores metal\u00fargico, automatizaci\u00f3n y rob\u00f3tica y materiales avanzados.<\/p><p>\u201cLos resultados que hemos alcanzado ponen de manifiesto el enorme potencial que tienen las ferias empresariales para el sector industrial. La diversidad de sectores representados, desde la metalurgia hasta la automatizaci\u00f3n y los materiales avanzados, nos convierte en un foro incomparable para el intercambio de ideas, la generaci\u00f3n de alianzas estrat\u00e9gicas y la exposici\u00f3n de las \u00faltimas innovaciones. En este sentido, quiero destacar el papel de MetalMadrid, Composites y Robom\u00e1tica Madrid como motor de oportunidades y como espacios donde convergen la creatividad, la tecnolog\u00eda y la visi\u00f3n de futuro, fundamentales para el impulso de la industria\u201d, afirma Oscar Barranco, director general de Easyfairs Iberia.<\/p><p>Asimismo, a\u00f1ade: \u201cEn esta edici\u00f3n de AM Madrid, la mayor que hemos realizado hasta el momento, los visitantes han tenido acceso a m\u00e1s de 600 marcas representadas, a tres salas de conferencias, a nuevos talleres demostrativos de soldadura, fabricaci\u00f3n aditiva y tratamiento de superficies, adem\u00e1s de a recorridos guiados por maquinaria en funcionamiento, lo que es, sin duda, uno de los puntos fuertes de la feria\u201d.<\/p><p>Por su parte, Juan Manuel S\u00e1nchez Mah\u00f3n, director general de Trumpf en Espa\u00f1a y Portugal, asegura: \u201cEl balance de esta edici\u00f3n es muy positivo. AM Madrid es una feria que tiene gran aceptaci\u00f3n por parte de los clientes y con gran cantidad de visitantes. Llevamos viniendo desde sus or\u00edgenes, siendo uno de los expositores fundadores, y es un hecho obligado estar aqu\u00ed. Adem\u00e1s, nuestros clientes nos lo demandan para poder encontrarnos en persona cada a\u00f1o\u201d.<\/p><p>En cuanto a la edici\u00f3n de 2024, la organizaci\u00f3n ha confirmado que tendr\u00e1 lugar los d\u00edas 20 y 21 de noviembre, con una previsi\u00f3n inicial de crecimiento del 20 %. A esto hay que a\u00f1adir que antes de concluir esta edici\u00f3n, m\u00e1s del 60 % de la superficie expositiva para 2024 ya hab\u00eda sido reservada.<\/p><p><b><br><\/b><\/p><p><b>Tech Congress 4.0: m\u00e1s de 80 ponentes<\/b><\/p><p>Los 38.400 m2 de superficie de AM Madrid no solo han acogido a las \u00faltimas tecnolog\u00edas avanzadas y soluciones industriales de vanguardia, sino que tambi\u00e9n han sido el escenario donde m\u00e1s de 80 ponentes han abordado los temas m\u00e1s relevantes sobre sostenibilidad, metaverso, IA, gemelos digitales, automatizaci\u00f3n, revoluci\u00f3n digital, sostenibilidad, tratamiento de superficies y materiales compuestos.&nbsp;<\/p><p>Ejemplo de ello, ha sido la Keynote Session \u201cEl futuro pasa por el metaverso\u201d, en la que Pedro Lozano, cofundador de Imascono y reconocido explorador de la IA y el Metaverso, ha dado a conocer las m\u00faltiples aplicaciones que las \u00faltimas tecnolog\u00edas tienen en diferentes sectores. \u201cUna de las principales y m\u00e1s fascinantes aplicaciones de la realidad virtual en industria est\u00e1 vinculada con la formaci\u00f3n. Ya hay datos objetivos de consultoras como PwC, que demuestran que se reduce en cuatro veces el tiempo de aprendizaje de una formaci\u00f3n con realidad virtual frente al e-learning o la formaci\u00f3n tradicional, y que se refuerza hasta un 275 % la confianza que adquiere una persona en aplicar al entorno real los conocimientos que ha adquirido\u201d, ha explicado.<\/p><p>En el caso del sector transportes y la formaci\u00f3n de conductores, Pedro Lozano ha explicado la utilidad de los virtual trainings para reducir los accidentes laborales: \u201cUno de los potenciales beneficios es que el usuario se forma en un entorno seguro donde no hay riesgo de que se haga da\u00f1o, adquiere los conocimientos y, una vez que los va a aplicar en el entorno real, donde s\u00ed puede sufrir accidentes, ya tiene el conocimiento adquirido\u201d.<\/p><p>M\u00e1s all\u00e1 de la innovaci\u00f3n tecnol\u00f3gica, la sostenibilidad ha sido otro de los protagonistas de esta edici\u00f3n de la feria. Sobre ello, destaca la mesa redonda \u201cLa reducci\u00f3n de la huella de carbono o c\u00f3mo alcanzar el Net Zero. El camino hacia la sostenibilidad industrial\u201d, con la participaci\u00f3n de Miguel Arroyo, responsable de medioambiente del Pacto Mundial de la ONU Espa\u00f1a; Susana Posada, vicepresidenta de DIRSE (Asociaci\u00f3n Espa\u00f1ola de Directivos de Sostenibilidad), y Santiago Oliver, director de Sostenibilidad, Energ\u00eda e Innovaci\u00f3n de UNESID.<\/p><p>\u201cLa innovaci\u00f3n es fundamental para alcanzar la transformaci\u00f3n de la industria hacia un futuro m\u00e1s verde y esta implicaci\u00f3n ha de pasar por todos los componentes de una organizaci\u00f3n\u201d, ha asegurado Miguel Arroyo durante su intervenci\u00f3n.<\/p><p><br><\/p><p><b>\u00c9xito del primer Composites \u00c1gora<\/b><\/p><p>Una de las novedades de esta edici\u00f3n de Composites Madrid ha sido la incorporaci\u00f3n del Composites \u00c1gora, un espacio exclusivo que ha aunado una zona expositiva de materiales compuestos, otra para el networking y una sala formativa, con una amplia oferta de charlas especializadas. Adem\u00e1s, ha acogido la 4\u00aa edici\u00f3n del Congreso AEMAC sobre Materiales Compuestos, cuyo presidente, Rafael Izquierdo, ha afirmado: \u201cEste a\u00f1o se resalta la zona de Composites en AM Madrid, un espacio que sirve de punto de encuentro para el sector. Con ella nos dais la oportunidad de cumplir uno de los valores m\u00e1s importantes de la asociaci\u00f3n, la difusi\u00f3n del conocimiento que hay en Espa\u00f1a sobre los materiales compuestos\u201d.<\/p><p>En este sentido, Oscar Barranco ha destacado: \u201cLa apuesta de AM Madrid por el sector de los materiales compuestos es clara y seguiremos reforzando nuestra oferta expositiva y de contenidos en Composites Madrid a medio y largo plazo. En los \u00faltimos a\u00f1os, el terreno de los materiales compuestos ha experimentado un crecimiento muy significativo en Espa\u00f1a. En 2022 el sector alcanz\u00f3 una facturaci\u00f3n de unos 2.000 millones de euros. Este incremento se debe principalmente a la creciente demanda de materiales ligeros y resistentes en sectores como automoci\u00f3n, aeron\u00e1utica y construcci\u00f3n, pero tambi\u00e9n de la energ\u00eda, la salud y el deporte. Factores como la Agenda 2030 y los ODS, o la reducci\u00f3n de pl\u00e1stico e innovaci\u00f3n en el envase y embalaje, suponen un soplo de viento a favor para el sector\u201d.<\/p><div><br><\/div>\n<p><strong>Sobre Easyfairs <\/strong><\/p>\n<p>Easyfairs organiza eventos siendo puntos <strong>de encuentro para las comunidades<\/strong> que<strong> deseen visitar el futuro.<\/strong><\/p>\n<p>Actualmente organizamos 200 eventos presenciales en 14 pa\u00edses (Argelia, B\u00e9lgica, Dinamarca, Finlandia, Francia, Alemania, Italia, Pa\u00edses Bajos, Noruega, Portugal, Espa\u00f1a, Suecia, Suiza y Reino Unido) y gestionamos ocho recintos feriales en B\u00e9lgica, Holanda y Suecia (Amberes, Gante, Malinas-Bruselas Norte, Namur, Gorinchem, Hardenberg, Malm\u00f6 y Estocolmo).<\/p>\n<p>Nos apasiona \u201cfacilitar\u201d la vida de nuestros clientes y aumentar el retorno de su inversi\u00f3n y de su tiempo a trav\u00e9s de nuestras f\u00f3rmulas integrales (all-in), tecnolog\u00eda avanzada y estrategia centrada en el cliente. <strong>Nuestra oferta digital<\/strong> <strong>adem\u00e1s brinda<\/strong> a estas comunidades excelentes oportunidades <strong>para establecer contactos de manera efectiva y hacer negocios durante<\/strong> todo el a\u00f1o.&nbsp;<\/p>\n<p>El Grupo Easyfairs emplea a 800 talentos altamente comprometidos, implementa las mejores herramientas de marketing y tecnolog\u00eda y desarrolla marcas con un fuerte atractivo para nuestros stakeholders.<\/p>\n<p>Por quinto a\u00f1o consecutivo, en 2023, Deloitte otorg\u00f3 a Easyfairs el estatus de \u201cBest Managed Company\u201d. Easyfairs ocupa el puesto 11 entre los principales organizadores de exposiciones del mundo, seg\u00fan el ranking anual STAX.<\/p>\n<p><strong>Visita el futuro con Easyfairs y consulta m\u00e1s informaci\u00f3n en<\/strong> <a href=\"http:\/\/www.easyfairsgroup.com\">www.easyfairsgroup.com<\/a>.<\/p>\n<p><strong>Para m\u00e1s informaci\u00f3n, por favor contacta con:<\/strong><\/p>\n<p><strong>Agencia de comunicaci\u00f3n de Easyfairs<\/strong><\/p>\n<p>Javier Mart\u00ednez<\/p>\n<p><a href=\"mailto:javier.martinez@evercom.es\">javier.martinez@evercom.es<\/a><\/p>\n<p>Selena Badenas<\/p>\n<p><a href=\"mailto:selena.badenas@evercom.es\">selena.badenas@evercom.es<\/a><\/p>\n<p>Tel. +34 915 77 92 72<\/p>\t\t\t\t\t\t\t\t<\/div>\n\t\t\t\t<\/div>\n\t\t\t\t\t<\/div>\n\t\t<\/div>\n\t\t\t\t\t<\/div>\n\t\t<\/section>\n\t\t\t\t\t<\/div>\n\t\t<\/div>\n\t\t\t\t\t<\/div>\n\t\t<\/section>\n\t\t\t\t<\/div>\n\t\t","protected":false},"excerpt":{"rendered":"<p>Cifras de r\u00e9cord para el cierre de la 15\u00aa edici\u00f3n de AM Madrid, que ha contado con m\u00e1s de 600 empresas expositoras, m\u00e1s de 13.400 visitantes \u00fanicos, 53.752 interacciones comerciales y un impacto econ\u00f3mico de 15 millones de euros. Sostenibilidad, metaverso, IA, gemelos digitales, automatizaci\u00f3n y nuevas tendencias en tratamiento de superficies y materiales compuestos [&hellip;]<\/p>\n","protected":false},"author":85,"featured_media":341902,"comment_status":"open","ping_status":"open","sticky":false,"template":"","format":"standard","meta":{"_seopress_robots_primary_cat":"none","_seopress_titles_title":"Advanced Manufacturing Madrid cierra su mayor edici\u00f3n hasta la fecha ","_seopress_titles_desc":"\u2022\tCifras de r\u00e9cord para el cierre de la 15\u00aa edici\u00f3n de AM Madrid, que ha contado con m\u00e1s de 600 empresas expositoras, m\u00e1s de 13.400 visitantes \u00fanicos, 53.752 interacciones comerciales y un impacto econ\u00f3mico de 15 millones de euros. ","_seopress_robots_index":"","footnotes":""},"categories":[347],"tags":[1478,2199,354,488,538,1955,1655,621],"edition":[],"class_list":["post-341900","post","type-post","status-publish","format-standard","has-post-thumbnail","hentry","category-notas-de-prensa","tag-composites","tag-industria-2","tag-innovacion","tag-metal","tag-metalmadrid-2","tag-profesionales","tag-robomatica","tag-sostenibilidad"],"_links":{"self":[{"href":"https:\/\/www.advancedmanufacturingmadrid.com\/es\/wp-json\/wp\/v2\/posts\/341900","targetHints":{"allow":["GET"]}}],"collection":[{"href":"https:\/\/www.advancedmanufacturingmadrid.com\/es\/wp-json\/wp\/v2\/posts"}],"about":[{"href":"https:\/\/www.advancedmanufacturingmadrid.com\/es\/wp-json\/wp\/v2\/types\/post"}],"author":[{"embeddable":true,"href":"https:\/\/www.advancedmanufacturingmadrid.com\/es\/wp-json\/wp\/v2\/users\/85"}],"replies":[{"embeddable":true,"href":"https:\/\/www.advancedmanufacturingmadrid.com\/es\/wp-json\/wp\/v2\/comments?post=341900"}],"version-history":[{"count":5,"href":"https:\/\/www.advancedmanufacturingmadrid.com\/es\/wp-json\/wp\/v2\/posts\/341900\/revisions"}],"predecessor-version":[{"id":341912,"href":"https:\/\/www.advancedmanufacturingmadrid.com\/es\/wp-json\/wp\/v2\/posts\/341900\/revisions\/341912"}],"wp:featuredmedia":[{"embeddable":true,"href":"https:\/\/www.advancedmanufacturingmadrid.com\/es\/wp-json\/wp\/v2\/media\/341902"}],"wp:attachment":[{"href":"https:\/\/www.advancedmanufacturingmadrid.com\/es\/wp-json\/wp\/v2\/media?parent=341900"}],"wp:term":[{"taxonomy":"category","embeddable":true,"href":"https:\/\/www.advancedmanufacturingmadrid.com\/es\/wp-json\/wp\/v2\/categories?post=341900"},{"taxonomy":"post_tag","embeddable":true,"href":"https:\/\/www.advancedmanufacturingmadrid.com\/es\/wp-json\/wp\/v2\/tags?post=341900"},{"taxonomy":"edition","embeddable":true,"href":"https:\/\/www.advancedmanufacturingmadrid.com\/es\/wp-json\/wp\/v2\/edition?post=341900"}],"curies":[{"name":"wp","href":"https:\/\/api.w.org\/{rel}","templated":true}]}}