{"id":34680,"date":"2021-01-11T18:16:50","date_gmt":"2021-01-11T17:16:50","guid":{"rendered":"https:\/\/www.advancedmanufacturingmadrid.com\/?p=34680"},"modified":"2021-01-12T10:35:56","modified_gmt":"2021-01-12T09:35:56","slug":"arranca-la-produccion-de-la-primera-moto-electrica-de-seat-el-seat-mo-escooter-125","status":"publish","type":"post","link":"https:\/\/www.advancedmanufacturingmadrid.com\/es\/2021\/01\/11\/arranca-la-produccion-de-la-primera-moto-electrica-de-seat-el-seat-mo-escooter-125\/","title":{"rendered":"Arranca la producci\u00f3n de la primera moto el\u00e9ctrica de SEAT, el SEAT M\u00d3 eScooter 125"},"content":{"rendered":"\t\t<div data-elementor-type=\"wp-post\" data-elementor-id=\"34680\" class=\"elementor elementor-34680\" data-elementor-post-type=\"post\">\n\t\t\t\t\t\t<section class=\"elementor-section elementor-top-section elementor-element elementor-element-4019e891 elementor-section-boxed elementor-section-height-default elementor-section-height-default\" data-id=\"4019e891\" data-element_type=\"section\" data-e-type=\"section\">\n\t\t\t\t\t\t<div class=\"elementor-container elementor-column-gap-default\">\n\t\t\t\t\t<div class=\"elementor-column elementor-col-50 elementor-top-column elementor-element elementor-element-5c0a80cf\" data-id=\"5c0a80cf\" data-element_type=\"column\" data-e-type=\"column\">\n\t\t\t<div class=\"elementor-widget-wrap elementor-element-populated\">\n\t\t\t\t\t\t<div class=\"elementor-element elementor-element-1152dc41 elementor-invisible elementor-widget elementor-widget-heading\" data-id=\"1152dc41\" data-element_type=\"widget\" data-e-type=\"widget\" data-settings=\"{&quot;_animation&quot;:&quot;fadeInUp&quot;}\" data-widget_type=\"heading.default\">\n\t\t\t\t<div class=\"elementor-widget-container\">\n\t\t\t\t\t<h1 class=\"elementor-heading-title elementor-size-default\">Arranca la producci\u00f3n de la primera moto el\u00e9ctrica de SEAT, el SEAT M\u00d3 eScooter 125<\/h1>\t\t\t\t<\/div>\n\t\t\t\t<\/div>\n\t\t\t\t<div class=\"elementor-element elementor-element-449978 elementor-widget elementor-widget-text-editor\" data-id=\"449978\" data-element_type=\"widget\" data-e-type=\"widget\" data-widget_type=\"text-editor.default\">\n\t\t\t\t<div class=\"elementor-widget-container\">\n\t\t\t\t\t\t\t\t\t<div class=\"descripcion\"><span class=\"capital\">A<\/span>rranca la producci\u00f3n de la primera moto el\u00e9ctrica de SEAT, el SEAT M\u00d3 eScooter 125, en colaboraci\u00f3n con la firma barcelonesa Silence, especialista en motocicletas el\u00e9ctricas. Este veh\u00edculo aportar\u00e1 una nueva oferta de movilidad para satisfacer las necesidades de una nueva generaci\u00f3n que busca moverse de manera diferente por la ciudad y \u00e1reas aleda\u00f1as. Tambi\u00e9n muestra el compromiso que tiene SEAT M\u00d3, la nueva unidad de negocio SEAT, por cuidar el medio ambiente, las ciudades y la gente que vive en ellas.<\/div>\t\t\t\t\t\t\t\t<\/div>\n\t\t\t\t<\/div>\n\t\t\t\t<div class=\"elementor-element elementor-element-3e915966 elementor-widget elementor-widget-image\" data-id=\"3e915966\" data-element_type=\"widget\" data-e-type=\"widget\" data-widget_type=\"image.default\">\n\t\t\t\t<div class=\"elementor-widget-container\">\n\t\t\t\t\t\t\t\t\t\t\t\t\t\t\t<img fetchpriority=\"high\" decoding=\"async\" width=\"1920\" height=\"1280\" src=\"https:\/\/easyfairsassets.com\/sites\/79\/2021\/01\/Production-starts-on-SEATs-first-electric-motorbike-the-SEAT-MO-eScooter-125_04_HQ.jpg\" class=\"attachment-full size-full wp-image-34689\" alt=\"\" srcset=\"https:\/\/easyfairsassets.com\/sites\/79\/2021\/01\/Production-starts-on-SEATs-first-electric-motorbike-the-SEAT-MO-eScooter-125_04_HQ.jpg 1920w, https:\/\/easyfairsassets.com\/sites\/79\/2021\/01\/Production-starts-on-SEATs-first-electric-motorbike-the-SEAT-MO-eScooter-125_04_HQ-300x200.jpg 300w, https:\/\/easyfairsassets.com\/sites\/79\/2021\/01\/Production-starts-on-SEATs-first-electric-motorbike-the-SEAT-MO-eScooter-125_04_HQ-1024x683.jpg 1024w, https:\/\/easyfairsassets.com\/sites\/79\/2021\/01\/Production-starts-on-SEATs-first-electric-motorbike-the-SEAT-MO-eScooter-125_04_HQ-768x512.jpg 768w, https:\/\/easyfairsassets.com\/sites\/79\/2021\/01\/Production-starts-on-SEATs-first-electric-motorbike-the-SEAT-MO-eScooter-125_04_HQ-1536x1024.jpg 1536w\" sizes=\"(max-width: 1920px) 100vw, 1920px\" \/>\t\t\t\t\t\t\t\t\t\t\t\t\t\t\t<\/div>\n\t\t\t\t<\/div>\n\t\t\t\t<div class=\"elementor-element elementor-element-eb6cb0a elementor-widget elementor-widget-text-editor\" data-id=\"eb6cb0a\" data-element_type=\"widget\" data-e-type=\"widget\" data-widget_type=\"text-editor.default\">\n\t\t\t\t<div class=\"elementor-widget-container\">\n\t\t\t\t\t\t\t\t\t<div class=\"richtext section\"><p>Las primeras unidades llegar\u00e1n a finales de diciembre del 2020 a los concesionarios espa\u00f1oles. Adem\u00e1s, se tiene previsto que la nueva moto el\u00e9ctrica de SEAT M\u00d3 llegue en 2021 a otros cinco pa\u00edses europeos (Alemania, Francia, Italia, Austria y Suecia) y en el segundo semestre recorrer\u00e1 las calles de Portugal.<\/p><p>La moto se produce en la planta de Silence ubicada en Sant Boi de Llobregat (Barcelona). La f\u00e1brica que la compa\u00f1\u00eda tiene en Molins de Rei sufri\u00f3 el pasado mes de noviembre un incendio y qued\u00f3 calcinada. Tras el incidente, el equipo de Silence, junto con el apoyo de los ingenieros de I+D y Calidad de Producci\u00f3n de SEAT en la fabricaci\u00f3n de bater\u00edas, han sido clave para ayudar a que la compa\u00f1\u00eda recupere r\u00e1pidamente la normalidad y poder cumplir con los plazos de producci\u00f3n. En tiempo r\u00e9cord se habilit\u00f3 la planta de Sant Boi para rehabilitar la l\u00ednea de ensamblaje de bater\u00edas.<\/p><\/div><div class=\"richtext section\"><h2>Caracter\u00edsticas t\u00e9cnicas<\/h2><p>Impulsada por un motor el\u00e9ctrico de 7 kW (potencia m\u00e1xima: 9 kW), la moto alcanza una velocidad m\u00e1xima de 95 km\/h y tiene una aceleraci\u00f3n de 0 a 50 km\/h en 3.9 segundos. Dispone de un paquete de bater\u00edas que proporciona suficiente energ\u00eda para una autonom\u00eda de hasta 137 km. Cuenta adem\u00e1s con tres modos de conducci\u00f3n: Eco, City y Sport, que se adaptan a diferentes situaciones. La bater\u00eda es f\u00e1cilmente recargable y transportable, simplificando la operatividad y el alto grado de conectividad que convierten al SEAT M\u00d3 eScooter 125 en un elemento perfectamente integrado en el d\u00eda a d\u00eda de los usuarios.<\/p><p>El veh\u00edculo est\u00e1 disponible en tres colores mate para Espa\u00f1a:\u00a0Rojo Daring, Gris Aluminium Y Blanco Oxygen, creados espec\u00edficamente para resaltar el car\u00e1cter elegante y deportivo de la eScooter y acentuar su personalidad.\u00a0<\/p><p>EL reto del SEAT M\u00d3 eScooter 125 es convertir la movilidad de las ciudades para que \u00e9stas sean cada vez m\u00e1s sostenibles, sin emisiones y sin ruido, ayudando a mejorar la calidad del aire y la experiencia de los usuarios. \u00a0<\/p><\/div>\t\t\t\t\t\t\t\t<\/div>\n\t\t\t\t<\/div>\n\t\t\t\t\t<\/div>\n\t\t<\/div>\n\t\t\t\t<div class=\"elementor-column elementor-col-50 elementor-top-column elementor-element elementor-element-188aad1e\" data-id=\"188aad1e\" data-element_type=\"column\" data-e-type=\"column\">\n\t\t\t<div class=\"elementor-widget-wrap elementor-element-populated\">\n\t\t\t\t\t\t<div class=\"elementor-element elementor-element-2d42a228 elementor-hidden-desktop elementor-hidden-tablet elementor-hidden-phone elementor-widget elementor-widget-wp-widget-adsanity-single\" data-id=\"2d42a228\" data-element_type=\"widget\" data-e-type=\"widget\" data-widget_type=\"wp-widget-adsanity-single.default\">\n\t\t\t\t<div class=\"elementor-widget-container\">\n\t\t\t\t\t\n<div id=\"ad-34445\" class=\"ad-300x250 adsanity-300x250  adsanity-\"\n><div class=\"adsanity-inner\">\n\n<div class=\"adsanity-gati\" data-title=\"MPU 1\"><a rel=\"nofollow\" href=\"https:\/\/www.advancedmanufacturingmadrid.com\/es\/ads\/mpu-1\/\"  target=\"_blank\"><img decoding=\"async\" width=\"300\" height=\"250\" src=\"https:\/\/easyfairsassets.com\/sites\/79\/2020\/12\/300-x-250_Risk.jpg\" class=\"no-lazy-load wp-post-image\" alt=\"\" \/><\/a><\/div>\n<\/div><\/div>\n\n\t\t\t\t<\/div>\n\t\t\t\t<\/div>\n\t\t\t\t<div class=\"elementor-element elementor-element-12da316 elementor-grid-1 elementor-posts--thumbnail-none elementor-grid-tablet-1 elementor-grid-mobile-1 elementor-widget elementor-widget-posts\" data-id=\"12da316\" data-element_type=\"widget\" data-e-type=\"widget\" data-settings=\"{&quot;classic_columns&quot;:&quot;1&quot;,&quot;classic_row_gap&quot;:{&quot;unit&quot;:&quot;px&quot;,&quot;size&quot;:&quot;23&quot;,&quot;sizes&quot;:[]},&quot;classic_columns_tablet&quot;:&quot;1&quot;,&quot;_animation&quot;:&quot;none&quot;,&quot;classic_columns_mobile&quot;:&quot;1&quot;,&quot;classic_row_gap_tablet&quot;:{&quot;unit&quot;:&quot;px&quot;,&quot;size&quot;:&quot;&quot;,&quot;sizes&quot;:[]},&quot;classic_row_gap_mobile&quot;:{&quot;unit&quot;:&quot;px&quot;,&quot;size&quot;:&quot;&quot;,&quot;sizes&quot;:[]}}\" data-widget_type=\"posts.classic\">\n\t\t\t\t<div class=\"elementor-widget-container\">\n\t\t\t\t\t\t\t<div class=\"elementor-posts-container elementor-posts elementor-posts--skin-classic elementor-grid\" role=\"list\">\n\t\t\t\t<article class=\"elementor-post elementor-grid-item post-475361 post type-post status-publish format-standard has-post-thumbnail hentry category-advanced-manfuctaring-news category-behind-the-innovations category-entrevistas tag-advanced-manufacturing tag-gestion-catalogos tag-ia tag-masterclass tag-saleslayer tag-transformacion\" role=\"listitem\">\n\t\t\t\t<div class=\"elementor-post__text\">\n\t\t\t\t<h3 class=\"elementor-post__title\">\n\t\t\t<a href=\"https:\/\/www.advancedmanufacturingmadrid.com\/es\/2026\/09\/01\/como-la-ia-esta-transformando-la-gestion-de-catalogos-para-fabricantes-industriales\/\" >\n\t\t\t\tMasterclass Online: C\u00f3mo la IA est\u00e1 transformando la gesti\u00f3n de cat\u00e1logos para fabricantes industriales\t\t\t<\/a>\n\t\t<\/h3>\n\t\t\t\t<div class=\"elementor-post__excerpt\">\n\t\t\t<p>Masterclass online: C\u00f3mo la IA est\u00e1 transformando la gesti\u00f3n de cat\u00e1logos para fabricantes industriales La IA ayuda a los fabricantes industriales a gestionar sus cat\u00e1logos<\/p>\n\t\t<\/div>\n\t\t\n\t\t<a class=\"elementor-post__read-more\" href=\"https:\/\/www.advancedmanufacturingmadrid.com\/es\/2026\/09\/01\/como-la-ia-esta-transformando-la-gestion-de-catalogos-para-fabricantes-industriales\/\" aria-label=\"Read more about Masterclass Online: C\u00f3mo la IA est\u00e1 transformando la gesti\u00f3n de cat\u00e1logos para fabricantes industriales\" tabindex=\"-1\" >\n\t\t\tRead More \u00bb\t\t<\/a>\n\n\t\t\t\t<\/div>\n\t\t\t\t<\/article>\n\t\t\t\t<article class=\"elementor-post elementor-grid-item post-475350 post type-post status-publish format-standard has-post-thumbnail hentry category-advanced-manfuctaring-news category-behind-the-innovations category-entrevistas tag-advanced-manufacturing tag-automatizacion-de-procesos tag-ecomm tag-ecomm360 tag-ecommerce-b2b tag-gestion-del-conocimiento-empresarial tag-ia-en-la-industria tag-ia-para-equipos-comerciales tag-inteligencia-artificial-en-empresas tag-knowledge-as-a-service\" role=\"listitem\">\n\t\t\t\t<div class=\"elementor-post__text\">\n\t\t\t\t<h3 class=\"elementor-post__title\">\n\t\t\t<a href=\"https:\/\/www.advancedmanufacturingmadrid.com\/es\/2026\/09\/01\/el-conocimiento-el-activo-que-la-empresa-nunca-inventario-hasta-que-llego-la-ia\/\" >\n\t\t\t\tEl conocimiento, el activo que la empresa nunca inventari\u00f3. Hasta que lleg\u00f3 la IA\t\t\t<\/a>\n\t\t<\/h3>\n\t\t\t\t<div class=\"elementor-post__excerpt\">\n\t\t\t<p>Convertir la experiencia y la informaci\u00f3n dispersa en conocimiento utilizable permite a la industria liberar tiempo de sus equipos y mejorar el servicio al cliente,<\/p>\n\t\t<\/div>\n\t\t\n\t\t<a class=\"elementor-post__read-more\" href=\"https:\/\/www.advancedmanufacturingmadrid.com\/es\/2026\/09\/01\/el-conocimiento-el-activo-que-la-empresa-nunca-inventario-hasta-que-llego-la-ia\/\" aria-label=\"Read more about El conocimiento, el activo que la empresa nunca inventari\u00f3. Hasta que lleg\u00f3 la IA\" tabindex=\"-1\" >\n\t\t\tRead More \u00bb\t\t<\/a>\n\n\t\t\t\t<\/div>\n\t\t\t\t<\/article>\n\t\t\t\t<article class=\"elementor-post elementor-grid-item post-475343 post type-post status-publish format-standard has-post-thumbnail hentry category-advanced-manfuctaring-news category-behind-the-innovations category-entrevistas tag-advanced-manufacturing tag-bollhoff-2 tag-fijacion-industrial tag-industria-2030 tag-industria-4-0-2 tag-montaje-industrial tag-sistemas-de-fijacion-industrial\" role=\"listitem\">\n\t\t\t\t<div class=\"elementor-post__text\">\n\t\t\t\t<h3 class=\"elementor-post__title\">\n\t\t\t<a href=\"https:\/\/www.advancedmanufacturingmadrid.com\/es\/2026\/09\/01\/fijacion-industrial-un-detalle-tecnico-clave-para-la-fabricacion-avanzada\/\" >\n\t\t\t\tFijaci\u00f3n industrial: un detalle t\u00e9cnico clave para la fabricaci\u00f3n avanzada\t\t\t<\/a>\n\t\t<\/h3>\n\t\t\t\t<div class=\"elementor-post__excerpt\">\n\t\t\t<p>En un entorno industrial marcado por la automatizaci\u00f3n, la electrificaci\u00f3n, la reducci\u00f3n de peso y la necesidad de producir de forma m\u00e1s eficiente, los sistemas<\/p>\n\t\t<\/div>\n\t\t\n\t\t<a class=\"elementor-post__read-more\" href=\"https:\/\/www.advancedmanufacturingmadrid.com\/es\/2026\/09\/01\/fijacion-industrial-un-detalle-tecnico-clave-para-la-fabricacion-avanzada\/\" aria-label=\"Read more about Fijaci\u00f3n industrial: un detalle t\u00e9cnico clave para la fabricaci\u00f3n avanzada\" tabindex=\"-1\" >\n\t\t\tRead More \u00bb\t\t<\/a>\n\n\t\t\t\t<\/div>\n\t\t\t\t<\/article>\n\t\t\t\t<article class=\"elementor-post elementor-grid-item post-475286 post type-post status-publish format-standard has-post-thumbnail hentry category-notas-de-prensa category-sin-categorizar\" role=\"listitem\">\n\t\t\t\t<div class=\"elementor-post__text\">\n\t\t\t\t<h3 class=\"elementor-post__title\">\n\t\t\t<a href=\"https:\/\/www.advancedmanufacturingmadrid.com\/es\/2026\/08\/28\/polestar-5-los-respaldos-de-fibra-de-lino-que-pesan-7-kg-menos-y-se-reciclan-al-100\/\" >\n\t\t\t\tPolestar 5: los respaldos de fibra de lino que pesan 7 kg menos y se reciclan al 100%\t\t\t<\/a>\n\t\t<\/h3>\n\t\t\t\t<div class=\"elementor-post__excerpt\">\n\t\t\t<p>Europa aprueba el Euroc\u00f3digo 11: los materiales compuestos entran en la normativa de construcci\u00f3n europea<\/p>\n\t\t<\/div>\n\t\t\n\t\t<a class=\"elementor-post__read-more\" href=\"https:\/\/www.advancedmanufacturingmadrid.com\/es\/2026\/08\/28\/polestar-5-los-respaldos-de-fibra-de-lino-que-pesan-7-kg-menos-y-se-reciclan-al-100\/\" aria-label=\"Read more about Polestar 5: los respaldos de fibra de lino que pesan 7 kg menos y se reciclan al 100%\" tabindex=\"-1\" >\n\t\t\tRead More \u00bb\t\t<\/a>\n\n\t\t\t\t<\/div>\n\t\t\t\t<\/article>\n\t\t\t\t<\/div>\n\t\t\n\t\t\t\t\t\t<\/div>\n\t\t\t\t<\/div>\n\t\t\t\t<div class=\"elementor-element elementor-element-1d1f32af elementor-hidden-desktop elementor-hidden-tablet elementor-hidden-phone elementor-widget elementor-widget-wp-widget-adsanity-single\" data-id=\"1d1f32af\" data-element_type=\"widget\" data-e-type=\"widget\" data-widget_type=\"wp-widget-adsanity-single.default\">\n\t\t\t\t<div class=\"elementor-widget-container\">\n\t\t\t\t\t\n<div id=\"ad-34447\" class=\"ad-300x250 adsanity-300x250  adsanity-\"\n><div class=\"adsanity-inner\">\n\n<div class=\"adsanity-gati\" data-title=\"MPU 2\"><a rel=\"nofollow\" href=\"https:\/\/www.advancedmanufacturingmadrid.com\/es\/ads\/mpu-2\/\"  target=\"_blank\"><img decoding=\"async\" width=\"300\" height=\"250\" src=\"https:\/\/easyfairsassets.com\/sites\/79\/2020\/12\/300-x-250_Interiors.jpg\" class=\"no-lazy-load wp-post-image\" alt=\"\" \/><\/a><\/div>\n<\/div><\/div>\n\n\t\t\t\t<\/div>\n\t\t\t\t<\/div>\n\t\t\t\t<div class=\"elementor-element elementor-element-1d7b1acf elementor-hidden-desktop elementor-hidden-tablet elementor-hidden-phone elementor-widget elementor-widget-wp-widget-adsanity-single\" data-id=\"1d7b1acf\" data-element_type=\"widget\" data-e-type=\"widget\" data-widget_type=\"wp-widget-adsanity-single.default\">\n\t\t\t\t<div class=\"elementor-widget-container\">\n\t\t\t\t\t\n<div id=\"ad-34449\" class=\"ad-300x250 adsanity-300x250  adsanity-\"\n><div class=\"adsanity-inner\">\n\n<div class=\"adsanity-gati\" data-title=\"MPU 3\"><a rel=\"nofollow\" href=\"https:\/\/www.advancedmanufacturingmadrid.com\/es\/ads\/mpu-3\/\"  target=\"_blank\"><img loading=\"lazy\" decoding=\"async\" width=\"300\" height=\"250\" src=\"https:\/\/easyfairsassets.com\/sites\/79\/2020\/12\/300-x-250_Honeywell.jpg\" class=\"no-lazy-load wp-post-image\" alt=\"\" \/><\/a><\/div>\n<\/div><\/div>\n\n\t\t\t\t<\/div>\n\t\t\t\t<\/div>\n\t\t\t\t<div class=\"elementor-element elementor-element-690d6e9 elementor-hidden-desktop elementor-hidden-tablet elementor-hidden-phone elementor-widget elementor-widget-wp-widget-adsanity-single\" data-id=\"690d6e9\" data-element_type=\"widget\" data-e-type=\"widget\" data-widget_type=\"wp-widget-adsanity-single.default\">\n\t\t\t\t<div class=\"elementor-widget-container\">\n\t\t\t\t\t\n<div id=\"ad-34451\" class=\"ad-300x250 adsanity-300x250  adsanity-\"\n><div class=\"adsanity-inner\">\n\n<div class=\"adsanity-gati\" data-title=\"MPU 4\"><a rel=\"nofollow\" href=\"https:\/\/www.advancedmanufacturingmadrid.com\/es\/ads\/mpu-4\/\"  target=\"_blank\"><img loading=\"lazy\" decoding=\"async\" width=\"300\" height=\"250\" src=\"https:\/\/easyfairsassets.com\/sites\/79\/2020\/12\/300-x-250_Edoc.jpg\" class=\"no-lazy-load wp-post-image\" alt=\"\" \/><\/a><\/div>\n<\/div><\/div>\n\n\t\t\t\t<\/div>\n\t\t\t\t<\/div>\n\t\t\t\t\t<\/div>\n\t\t<\/div>\n\t\t\t\t\t<\/div>\n\t\t<\/section>\n\t\t\t\t<section class=\"elementor-section elementor-top-section elementor-element elementor-element-538f6e00 elementor-section-full_width elementor-section-height-default elementor-section-height-default\" data-id=\"538f6e00\" data-element_type=\"section\" data-e-type=\"section\">\n\t\t\t\t\t\t<div class=\"elementor-container elementor-column-gap-default\">\n\t\t\t\t\t<div class=\"elementor-column elementor-col-100 elementor-top-column elementor-element elementor-element-2e5a66e9\" data-id=\"2e5a66e9\" data-element_type=\"column\" data-e-type=\"column\">\n\t\t\t<div class=\"elementor-widget-wrap elementor-element-populated\">\n\t\t\t\t\t\t<div class=\"elementor-element elementor-element-46a66c4d elementor-widget-divider--view-line elementor-widget elementor-widget-divider\" data-id=\"46a66c4d\" data-element_type=\"widget\" data-e-type=\"widget\" data-widget_type=\"divider.default\">\n\t\t\t\t<div class=\"elementor-widget-container\">\n\t\t\t\t\t\t\t<div class=\"elementor-divider\">\n\t\t\t<span class=\"elementor-divider-separator\">\n\t\t\t\t\t\t<\/span>\n\t\t<\/div>\n\t\t\t\t\t\t<\/div>\n\t\t\t\t<\/div>\n\t\t\t\t<div class=\"elementor-element elementor-element-42d0a3ec elementor-widget elementor-widget-text-editor\" data-id=\"42d0a3ec\" data-element_type=\"widget\" data-e-type=\"widget\" data-widget_type=\"text-editor.default\">\n\t\t\t\t<div class=\"elementor-widget-container\">\n\t\t\t\t\t\t\t\t\t<p><span style=\"vertical-align: inherit\"><span style=\"vertical-align: inherit\"><span style=\"vertical-align: inherit\"><span style=\"vertical-align: inherit\"><span style=\"vertical-align: inherit\"><span style=\"vertical-align: inherit\">Share this article<\/span><\/span><\/span><\/span><\/span><\/span><\/p>\t\t\t\t\t\t\t\t<\/div>\n\t\t\t\t<\/div>\n\t\t\t\t<div class=\"elementor-element elementor-element-41328be7 elementor-shape-circle elementor-grid-0 e-grid-align-center elementor-widget elementor-widget-social-icons\" data-id=\"41328be7\" data-element_type=\"widget\" data-e-type=\"widget\" data-widget_type=\"social-icons.default\">\n\t\t\t\t<div class=\"elementor-widget-container\">\n\t\t\t\t\t\t\t<div class=\"elementor-social-icons-wrapper elementor-grid\" role=\"list\">\n\t\t\t\t\t\t\t<span class=\"elementor-grid-item\" role=\"listitem\">\n\t\t\t\t\t<a class=\"elementor-icon elementor-social-icon elementor-social-icon-facebook-f elementor-repeater-item-3bftaoh\" href=\"https:\/\/www.facebook.com\/metalmadrid\/\" target=\"_blank\" rel=\"nofollow\">\n\t\t\t\t\t\t<span class=\"elementor-screen-only\">Facebook-f<\/span>\n\t\t\t\t\t\t<i aria-hidden=\"true\" class=\"fab fa-facebook-f\"><\/i>\t\t\t\t\t<\/a>\n\t\t\t\t<\/span>\n\t\t\t\t\t\t\t<span class=\"elementor-grid-item\" role=\"listitem\">\n\t\t\t\t\t<a class=\"elementor-icon elementor-social-icon elementor-social-icon-twitter elementor-repeater-item-pc69ffs\" href=\"https:\/\/twitter.com\/metalmadrides?lang=es\" target=\"_blank\" rel=\"nofollow\">\n\t\t\t\t\t\t<span class=\"elementor-screen-only\">Twitter<\/span>\n\t\t\t\t\t\t<i aria-hidden=\"true\" class=\"fab fa-twitter\"><\/i>\t\t\t\t\t<\/a>\n\t\t\t\t<\/span>\n\t\t\t\t\t\t\t<span class=\"elementor-grid-item\" role=\"listitem\">\n\t\t\t\t\t<a class=\"elementor-icon elementor-social-icon elementor-social-icon-instagram elementor-repeater-item-ac1eea0\" href=\"https:\/\/www.instagram.com\/metalmadrides\/?hl=es\" target=\"_blank\" rel=\"nofollow\">\n\t\t\t\t\t\t<span class=\"elementor-screen-only\">Instagram<\/span>\n\t\t\t\t\t\t<i aria-hidden=\"true\" class=\"fab fa-instagram\"><\/i>\t\t\t\t\t<\/a>\n\t\t\t\t<\/span>\n\t\t\t\t\t\t\t<span class=\"elementor-grid-item\" role=\"listitem\">\n\t\t\t\t\t<a class=\"elementor-icon elementor-social-icon elementor-social-icon-linkedin elementor-repeater-item-0e2f1b2\" href=\"https:\/\/www.linkedin.com\/company\/metalmadrid\/\" target=\"_blank\" rel=\"nofollow\">\n\t\t\t\t\t\t<span class=\"elementor-screen-only\">Linkedin<\/span>\n\t\t\t\t\t\t<i aria-hidden=\"true\" class=\"fab fa-linkedin\"><\/i>\t\t\t\t\t<\/a>\n\t\t\t\t<\/span>\n\t\t\t\t\t<\/div>\n\t\t\t\t\t\t<\/div>\n\t\t\t\t<\/div>\n\t\t\t\t\t<\/div>\n\t\t<\/div>\n\t\t\t\t\t<\/div>\n\t\t<\/section>\n\t\t\t\t<\/div>\n\t\t","protected":false},"excerpt":{"rendered":"<p>Arranca la producci\u00f3n de la primera moto el\u00e9ctrica de SEAT, el SEAT M\u00d3 eScooter 125, en colaboraci\u00f3n con la firma barcelonesa Silence, especialista en motocicletas el\u00e9ctricas. Este veh\u00edculo aportar\u00e1 una nueva oferta de movilidad para satisfacer las necesidades de una nueva generaci\u00f3n que busca moverse de manera diferente por la ciudad y \u00e1reas aleda\u00f1as. Tambi\u00e9n [&hellip;]<\/p>\n","protected":false},"author":1,"featured_media":34686,"comment_status":"closed","ping_status":"closed","sticky":false,"template":"","format":"standard","meta":{"_seopress_titles_title":"","_seopress_titles_desc":"","_seopress_robots_index":"","_seopress_robots_follow":"","_seopress_robots_imageindex":"","_seopress_robots_snippet":"","_seopress_robots_primary_cat":"none","_seopress_robots_breadcrumbs":"","_seopress_robots_freeze_modified_date":"","_seopress_robots_custom_modified_date":"","_seopress_robots_canonical":"","_seopress_social_fb_title":"","_seopress_social_fb_desc":"","_seopress_social_fb_img":"","_seopress_social_fb_img_attachment_id":0,"_seopress_social_fb_img_width":0,"_seopress_social_fb_img_height":0,"_seopress_social_twitter_title":"","_seopress_social_twitter_desc":"","_seopress_social_twitter_img":"","_seopress_social_twitter_img_attachment_id":0,"_seopress_social_twitter_img_width":0,"_seopress_social_twitter_img_height":0,"_seopress_redirections_value":"","_seopress_redirections_enabled":"","_seopress_redirections_enabled_regex":"","_seopress_redirections_logged_status":"","_seopress_redirections_param":"","_seopress_redirections_type":301,"_seopress_analysis_target_kw":"","_seopress_news_disabled":"","_seopress_video_disabled":"","_seopress_video":[{"url":"","title":"","desc":"","thumbnail":"","duration":"","rating":"","view_count":"","tag":"","cat":""}],"_seopress_pro_schemas_manual":[],"_seopress_pro_rich_snippets_disable_all":"","_seopress_pro_rich_snippets_disable":[],"_seopress_pro_schemas":[],"footnotes":""},"categories":[342,356,669],"tags":[1251,1252,1250],"edition":[],"class_list":["post-34680","post","type-post","status-publish","format-standard","has-post-thumbnail","hentry","category-advanced-manfuctaring-news","category-composites","category-metalmadrid","tag-montaje-mecanico","tag-nuevos-tiempos","tag-ranishaw"],"_links":{"self":[{"href":"https:\/\/www.advancedmanufacturingmadrid.com\/es\/wp-json\/wp\/v2\/posts\/34680","targetHints":{"allow":["GET"]}}],"collection":[{"href":"https:\/\/www.advancedmanufacturingmadrid.com\/es\/wp-json\/wp\/v2\/posts"}],"about":[{"href":"https:\/\/www.advancedmanufacturingmadrid.com\/es\/wp-json\/wp\/v2\/types\/post"}],"author":[{"embeddable":true,"href":"https:\/\/www.advancedmanufacturingmadrid.com\/es\/wp-json\/wp\/v2\/users\/1"}],"replies":[{"embeddable":true,"href":"https:\/\/www.advancedmanufacturingmadrid.com\/es\/wp-json\/wp\/v2\/comments?post=34680"}],"version-history":[{"count":0,"href":"https:\/\/www.advancedmanufacturingmadrid.com\/es\/wp-json\/wp\/v2\/posts\/34680\/revisions"}],"wp:featuredmedia":[{"embeddable":true,"href":"https:\/\/www.advancedmanufacturingmadrid.com\/es\/wp-json\/wp\/v2\/media\/34686"}],"wp:attachment":[{"href":"https:\/\/www.advancedmanufacturingmadrid.com\/es\/wp-json\/wp\/v2\/media?parent=34680"}],"wp:term":[{"taxonomy":"category","embeddable":true,"href":"https:\/\/www.advancedmanufacturingmadrid.com\/es\/wp-json\/wp\/v2\/categories?post=34680"},{"taxonomy":"post_tag","embeddable":true,"href":"https:\/\/www.advancedmanufacturingmadrid.com\/es\/wp-json\/wp\/v2\/tags?post=34680"},{"taxonomy":"edition","embeddable":true,"href":"https:\/\/www.advancedmanufacturingmadrid.com\/es\/wp-json\/wp\/v2\/edition?post=34680"}],"curies":[{"name":"wp","href":"https:\/\/api.w.org\/{rel}","templated":true}]}}