{"id":347210,"date":"2024-02-05T11:48:29","date_gmt":"2024-02-05T10:48:29","guid":{"rendered":"https:\/\/www.advancedmanufacturingmadrid.com\/?p=347210"},"modified":"2024-02-05T11:52:46","modified_gmt":"2024-02-05T10:52:46","slug":"dos-parques-eolicos-de-acciona-energia-protagonistas-de-la-primera-guia-de-ecoturismo-eolico-en-espana-2","status":"publish","type":"post","link":"https:\/\/www.advancedmanufacturingmadrid.com\/es\/2024\/02\/05\/dos-parques-eolicos-de-acciona-energia-protagonistas-de-la-primera-guia-de-ecoturismo-eolico-en-espana-2\/","title":{"rendered":"Dos parques e\u00f3licos de Acciona Energ\u00eda, protagonistas de la primera Gu\u00eda de Ecoturismo E\u00f3lico en Espa\u00f1a"},"content":{"rendered":"\t\t<div data-elementor-type=\"wp-post\" data-elementor-id=\"347210\" class=\"elementor elementor-347210\" data-elementor-post-type=\"post\">\n\t\t\t\t\t\t<section class=\"elementor-section elementor-top-section elementor-element elementor-element-24b5f91 elementor-section-boxed elementor-section-height-default elementor-section-height-default\" data-id=\"24b5f91\" data-element_type=\"section\">\n\t\t\t\t\t\t<div class=\"elementor-container elementor-column-gap-default\">\n\t\t\t\t\t<div class=\"elementor-column elementor-col-100 elementor-top-column elementor-element elementor-element-49eb7a8\" data-id=\"49eb7a8\" data-element_type=\"column\">\n\t\t\t<div class=\"elementor-widget-wrap elementor-element-populated\">\n\t\t\t\t\t\t<div class=\"elementor-element elementor-element-32695d4 elementor-widget elementor-widget-heading\" data-id=\"32695d4\" data-element_type=\"widget\" data-widget_type=\"heading.default\">\n\t\t\t\t<div class=\"elementor-widget-container\">\n\t\t\t\t\t<h2 class=\"elementor-heading-title elementor-size-default\">Dos parques e\u00f3licos de Acciona Energ\u00eda, protagonistas de la primera Gu\u00eda de Ecoturismo E\u00f3lico en Espa\u00f1a<\/h2>\t\t\t\t<\/div>\n\t\t\t\t<\/div>\n\t\t\t\t<div class=\"elementor-element elementor-element-406dec9 elementor-widget elementor-widget-image\" data-id=\"406dec9\" data-element_type=\"widget\" data-widget_type=\"image.default\">\n\t\t\t\t<div class=\"elementor-widget-container\">\n\t\t\t\t\t\t\t\t\t\t\t\t\t\t\t<img fetchpriority=\"high\" decoding=\"async\" width=\"400\" height=\"400\" src=\"https:\/\/easyfairsassets.com\/sites\/79\/2024\/02\/plantilla-imagen-destacada-ACCIONA.png\" class=\"attachment-large size-large wp-image-346937\" alt=\"ACCIONA\" srcset=\"https:\/\/easyfairsassets.com\/sites\/79\/2024\/02\/plantilla-imagen-destacada-ACCIONA.png 400w, https:\/\/easyfairsassets.com\/sites\/79\/2024\/02\/plantilla-imagen-destacada-ACCIONA-300x300.png 300w, https:\/\/easyfairsassets.com\/sites\/79\/2024\/02\/plantilla-imagen-destacada-ACCIONA-150x150.png 150w\" sizes=\"(max-width: 400px) 100vw, 400px\" \/>\t\t\t\t\t\t\t\t\t\t\t\t\t\t\t<\/div>\n\t\t\t\t<\/div>\n\t\t\t\t<div class=\"elementor-element elementor-element-acba843 elementor-widget elementor-widget-text-editor\" data-id=\"acba843\" data-element_type=\"widget\" data-widget_type=\"text-editor.default\">\n\t\t\t\t<div class=\"elementor-widget-container\">\n\t\t\t\t\t\t\t\t\t<p>Los parques e\u00f3licos de Acciona Energ\u00eda El Perd\u00f3n, en la Sierra del Perd\u00f3n (Navarra), y Alto de Abara, en Coa\u00f1a (Asturias), son dos de los protagonistas de la primera Gu\u00eda de Ecoturismo E\u00f3lico que se publica en Espa\u00f1a, seg\u00fan un comunicado.<\/p><p>Estas dos instalaciones han sido incorporadas a la gu\u00eda como resultado de los \u00abesfuerzos\u00bb que la compa\u00f1\u00eda hace para que \u00absus proyectos renovables se integren en las zonas rurales en las que se ubican, contribuyendo a generar un impacto positivo en las mismas\u00bb.<\/p><p>El objetivo de este manual, impulsado por el movimiento Vientos de Futuro, en colaboraci\u00f3n con la Asociaci\u00f3n Empresarial E\u00f3lica y el grupo editorial Planetas, es fomentar una buena convivencia entre el entorno hist\u00f3rico y medioambiental de los lugares por donde transita, sus habitantes y las infraestructuras destinadas a la producci\u00f3n de energ\u00eda verde.<\/p><p>As\u00ed, los dos parques de Acciona Energ\u00eda ya mencionados que figuran en la gu\u00eda se caracterizan \u00abprecisamente\u00bb por su buena integraci\u00f3n con el medio rural en que se ubican.<\/p>\t\t\t\t\t\t\t\t<\/div>\n\t\t\t\t<\/div>\n\t\t\t\t<div class=\"elementor-element elementor-element-6189da5 elementor-widget elementor-widget-button\" data-id=\"6189da5\" data-element_type=\"widget\" data-widget_type=\"button.default\">\n\t\t\t\t<div class=\"elementor-widget-container\">\n\t\t\t\t\t\t\t\t\t<div class=\"elementor-button-wrapper\">\n\t\t\t\t\t<a class=\"elementor-button elementor-button-link elementor-size-sm\" href=\"https:\/\/www.bolsamania.com\/noticias\/empresas\/economia--dos-parques-eolicos-de-acciona-energia-protagonistas-de-la-primera-guia-de-ecoturismo-eolico-en-espana--16036914.html\">\n\t\t\t\t\t\t<span class=\"elementor-button-content-wrapper\">\n\t\t\t\t\t\t\t\t\t<span class=\"elementor-button-text\">Leer m\u00e1s<\/span>\n\t\t\t\t\t<\/span>\n\t\t\t\t\t<\/a>\n\t\t\t\t<\/div>\n\t\t\t\t\t\t\t\t<\/div>\n\t\t\t\t<\/div>\n\t\t\t\t\t<\/div>\n\t\t<\/div>\n\t\t\t\t\t<\/div>\n\t\t<\/section>\n\t\t\t\t<\/div>\n\t\t","protected":false},"excerpt":{"rendered":"<p>Dos parques e\u00f3licos de Acciona Energ\u00eda, protagonistas de la primera Gu\u00eda de Ecoturismo E\u00f3lico en Espa\u00f1a Los parques e\u00f3licos de Acciona Energ\u00eda El Perd\u00f3n, en la Sierra del Perd\u00f3n (Navarra), y Alto de Abara, en Coa\u00f1a (Asturias), son dos de los protagonistas de la primera Gu\u00eda de Ecoturismo E\u00f3lico que se publica en Espa\u00f1a, seg\u00fan [&hellip;]<\/p>\n","protected":false},"author":85,"featured_media":346937,"comment_status":"closed","ping_status":"closed","sticky":false,"template":"","format":"standard","meta":{"_seopress_robots_primary_cat":"none","_seopress_titles_title":"Dos parques e\u00f3licos de Acciona Energ\u00eda, protagonistas de la primera Gu\u00eda de Ecoturismo E\u00f3lico en Espa\u00f1a","_seopress_titles_desc":"Los parques e\u00f3licos de Acciona Energ\u00eda El Perd\u00f3n, (Navarra), y Alto de Abara, (Asturias), son dos de los protagonistas de la primera Gu\u00eda de Ecoturismo E\u00f3lico que se publica en Espa\u00f1a.","_seopress_robots_index":"","footnotes":""},"categories":[342],"tags":[2199,538,1655,621],"edition":[],"class_list":["post-347210","post","type-post","status-publish","format-standard","has-post-thumbnail","hentry","category-advanced-manfuctaring-news","tag-industria-2","tag-metalmadrid-2","tag-robomatica","tag-sostenibilidad"],"_links":{"self":[{"href":"https:\/\/www.advancedmanufacturingmadrid.com\/es\/wp-json\/wp\/v2\/posts\/347210","targetHints":{"allow":["GET"]}}],"collection":[{"href":"https:\/\/www.advancedmanufacturingmadrid.com\/es\/wp-json\/wp\/v2\/posts"}],"about":[{"href":"https:\/\/www.advancedmanufacturingmadrid.com\/es\/wp-json\/wp\/v2\/types\/post"}],"author":[{"embeddable":true,"href":"https:\/\/www.advancedmanufacturingmadrid.com\/es\/wp-json\/wp\/v2\/users\/85"}],"replies":[{"embeddable":true,"href":"https:\/\/www.advancedmanufacturingmadrid.com\/es\/wp-json\/wp\/v2\/comments?post=347210"}],"version-history":[{"count":5,"href":"https:\/\/www.advancedmanufacturingmadrid.com\/es\/wp-json\/wp\/v2\/posts\/347210\/revisions"}],"predecessor-version":[{"id":347217,"href":"https:\/\/www.advancedmanufacturingmadrid.com\/es\/wp-json\/wp\/v2\/posts\/347210\/revisions\/347217"}],"wp:featuredmedia":[{"embeddable":true,"href":"https:\/\/www.advancedmanufacturingmadrid.com\/es\/wp-json\/wp\/v2\/media\/346937"}],"wp:attachment":[{"href":"https:\/\/www.advancedmanufacturingmadrid.com\/es\/wp-json\/wp\/v2\/media?parent=347210"}],"wp:term":[{"taxonomy":"category","embeddable":true,"href":"https:\/\/www.advancedmanufacturingmadrid.com\/es\/wp-json\/wp\/v2\/categories?post=347210"},{"taxonomy":"post_tag","embeddable":true,"href":"https:\/\/www.advancedmanufacturingmadrid.com\/es\/wp-json\/wp\/v2\/tags?post=347210"},{"taxonomy":"edition","embeddable":true,"href":"https:\/\/www.advancedmanufacturingmadrid.com\/es\/wp-json\/wp\/v2\/edition?post=347210"}],"curies":[{"name":"wp","href":"https:\/\/api.w.org\/{rel}","templated":true}]}}