{"id":351294,"date":"2024-03-14T13:56:26","date_gmt":"2024-03-14T12:56:26","guid":{"rendered":"https:\/\/www.advancedmanufacturingmadrid.com\/?p=351294"},"modified":"2024-03-14T13:57:42","modified_gmt":"2024-03-14T12:57:42","slug":"los-compuestos-de-lino-sostenibles-entran-en-la-produccion-en-serie-de-automoviles-volvo-ex30","status":"publish","type":"post","link":"https:\/\/www.advancedmanufacturingmadrid.com\/es\/2024\/03\/14\/los-compuestos-de-lino-sostenibles-entran-en-la-produccion-en-serie-de-automoviles-volvo-ex30\/","title":{"rendered":"Los compuestos de lino sostenibles entran en la producci\u00f3n en serie de autom\u00f3viles Volvo EX30"},"content":{"rendered":"\t\t<div data-elementor-type=\"wp-post\" data-elementor-id=\"351294\" class=\"elementor elementor-351294\" data-elementor-post-type=\"post\">\n\t\t\t\t\t\t<section class=\"elementor-section elementor-top-section elementor-element elementor-element-24b5f91 elementor-section-boxed elementor-section-height-default elementor-section-height-default\" data-id=\"24b5f91\" data-element_type=\"section\">\n\t\t\t\t\t\t<div class=\"elementor-container elementor-column-gap-default\">\n\t\t\t\t\t<div class=\"elementor-column elementor-col-100 elementor-top-column elementor-element elementor-element-49eb7a8\" data-id=\"49eb7a8\" data-element_type=\"column\">\n\t\t\t<div class=\"elementor-widget-wrap elementor-element-populated\">\n\t\t\t\t\t\t<div class=\"elementor-element elementor-element-32695d4 elementor-widget elementor-widget-heading\" data-id=\"32695d4\" data-element_type=\"widget\" data-widget_type=\"heading.default\">\n\t\t\t\t<div class=\"elementor-widget-container\">\n\t\t\t\t\t<h2 class=\"elementor-heading-title elementor-size-default\">Los compuestos de lino sostenibles entran en la producci\u00f3n en serie de autom\u00f3viles Volvo EX30<\/h2>\t\t\t\t<\/div>\n\t\t\t\t<\/div>\n\t\t\t\t<div class=\"elementor-element elementor-element-406dec9 elementor-widget elementor-widget-image\" data-id=\"406dec9\" data-element_type=\"widget\" data-widget_type=\"image.default\">\n\t\t\t\t<div class=\"elementor-widget-container\">\n\t\t\t\t\t\t\t\t\t\t\t\t\t\t\t<img fetchpriority=\"high\" decoding=\"async\" width=\"400\" height=\"400\" src=\"https:\/\/easyfairsassets.com\/sites\/79\/2024\/03\/Plantilla-imagen-destacada-web-8.png\" class=\"attachment-large size-large wp-image-351297\" alt=\"volvo\" srcset=\"https:\/\/easyfairsassets.com\/sites\/79\/2024\/03\/Plantilla-imagen-destacada-web-8.png 400w, https:\/\/easyfairsassets.com\/sites\/79\/2024\/03\/Plantilla-imagen-destacada-web-8-300x300.png 300w, https:\/\/easyfairsassets.com\/sites\/79\/2024\/03\/Plantilla-imagen-destacada-web-8-150x150.png 150w\" sizes=\"(max-width: 400px) 100vw, 400px\" \/>\t\t\t\t\t\t\t\t\t\t\t\t\t\t\t<\/div>\n\t\t\t\t<\/div>\n\t\t\t\t<div class=\"elementor-element elementor-element-acba843 elementor-widget elementor-widget-text-editor\" data-id=\"acba843\" data-element_type=\"widget\" data-widget_type=\"text-editor.default\">\n\t\t\t\t<div class=\"elementor-widget-container\">\n\t\t\t\t\t\t\t\t\t<div id=\"part3249825\" class=\"P13\"><p>La empresa suiza de aligeramiento sostenible Bcomp ha anunciado la aplicaci\u00f3n de su tecnolog\u00eda ampliTex de compuestos de fibras naturales en el nuevo Volvo EX30. Este proyecto hist\u00f3rico ofrecer\u00e1 los compuestos de fibra de lino de Bcomp como acabado opcional para el salpicadero y las puertas del EX30. La colaboraci\u00f3n se produce despu\u00e9s de que Volvo Cars Tech Fund invirtiera en Bcomp el a\u00f1o pasado.<\/p><p>Aunque los materiales compuestos de fibra natural de Bcomp han demostrado su eficacia en aplicaciones automovil\u00edsticas exigentes como la F\u00f3rmula 1 y la F\u00f3rmula E, \u00e9ste es el primer veh\u00edculo de producci\u00f3n que llega a los consumidores. El innovador Volvo EX30 es un peque\u00f1o SUV totalmente el\u00e9ctrico que combina seguridad, sostenibilidad, tecnolog\u00eda punta y dise\u00f1o escandinavo. Los conductores pueden elegir entre cuatro \u00abambientes\u00bb interiores distintos, dos de los cuales, el Mist y el Pine, adoptan la est\u00e9tica natural de los paneles ampliTex.<\/p><\/div>\t\t\t\t\t\t\t\t<\/div>\n\t\t\t\t<\/div>\n\t\t\t\t<div class=\"elementor-element elementor-element-6189da5 elementor-widget elementor-widget-button\" data-id=\"6189da5\" data-element_type=\"widget\" data-widget_type=\"button.default\">\n\t\t\t\t<div class=\"elementor-widget-container\">\n\t\t\t\t\t\t\t\t\t<div class=\"elementor-button-wrapper\">\n\t\t\t\t\t<a class=\"elementor-button elementor-button-link elementor-size-sm\" href=\"https:\/\/www.plasticstoday.com\/automotive-mobility\/sustainable-flax-composites-enter-serial-automotive-production-in-volvo-ex30\">\n\t\t\t\t\t\t<span class=\"elementor-button-content-wrapper\">\n\t\t\t\t\t\t\t\t\t<span class=\"elementor-button-text\">Leer m\u00e1s<\/span>\n\t\t\t\t\t<\/span>\n\t\t\t\t\t<\/a>\n\t\t\t\t<\/div>\n\t\t\t\t\t\t\t\t<\/div>\n\t\t\t\t<\/div>\n\t\t\t\t\t<\/div>\n\t\t<\/div>\n\t\t\t\t\t<\/div>\n\t\t<\/section>\n\t\t\t\t<\/div>\n\t\t","protected":false},"excerpt":{"rendered":"<p>Los compuestos de lino sostenibles entran en la producci\u00f3n en serie de autom\u00f3viles Volvo EX30 La empresa suiza de aligeramiento sostenible Bcomp ha anunciado la aplicaci\u00f3n de su tecnolog\u00eda ampliTex de compuestos de fibras naturales en el nuevo Volvo EX30. Este proyecto hist\u00f3rico ofrecer\u00e1 los compuestos de fibra de lino de Bcomp como acabado opcional [&hellip;]<\/p>\n","protected":false},"author":85,"featured_media":351297,"comment_status":"closed","ping_status":"closed","sticky":false,"template":"","format":"standard","meta":{"_seopress_robots_primary_cat":"none","_seopress_titles_title":"Los compuestos de lino sostenibles entran en la producci\u00f3n en serie de autom\u00f3viles Volvo EX30","_seopress_titles_desc":"Bcomp debuta en el Volvo EX30. Esta colaboraci\u00f3n refleja un compromiso con la sostenibilidad en la movilidad, mostrando el potencial de los materiales biobasados.","_seopress_robots_index":"","footnotes":""},"categories":[342,669],"tags":[2199,538,1655,621],"edition":[],"class_list":["post-351294","post","type-post","status-publish","format-standard","has-post-thumbnail","hentry","category-advanced-manfuctaring-news","category-metalmadrid","tag-industria-2","tag-metalmadrid-2","tag-robomatica","tag-sostenibilidad"],"_links":{"self":[{"href":"https:\/\/www.advancedmanufacturingmadrid.com\/es\/wp-json\/wp\/v2\/posts\/351294","targetHints":{"allow":["GET"]}}],"collection":[{"href":"https:\/\/www.advancedmanufacturingmadrid.com\/es\/wp-json\/wp\/v2\/posts"}],"about":[{"href":"https:\/\/www.advancedmanufacturingmadrid.com\/es\/wp-json\/wp\/v2\/types\/post"}],"author":[{"embeddable":true,"href":"https:\/\/www.advancedmanufacturingmadrid.com\/es\/wp-json\/wp\/v2\/users\/85"}],"replies":[{"embeddable":true,"href":"https:\/\/www.advancedmanufacturingmadrid.com\/es\/wp-json\/wp\/v2\/comments?post=351294"}],"version-history":[{"count":5,"href":"https:\/\/www.advancedmanufacturingmadrid.com\/es\/wp-json\/wp\/v2\/posts\/351294\/revisions"}],"predecessor-version":[{"id":351303,"href":"https:\/\/www.advancedmanufacturingmadrid.com\/es\/wp-json\/wp\/v2\/posts\/351294\/revisions\/351303"}],"wp:featuredmedia":[{"embeddable":true,"href":"https:\/\/www.advancedmanufacturingmadrid.com\/es\/wp-json\/wp\/v2\/media\/351297"}],"wp:attachment":[{"href":"https:\/\/www.advancedmanufacturingmadrid.com\/es\/wp-json\/wp\/v2\/media?parent=351294"}],"wp:term":[{"taxonomy":"category","embeddable":true,"href":"https:\/\/www.advancedmanufacturingmadrid.com\/es\/wp-json\/wp\/v2\/categories?post=351294"},{"taxonomy":"post_tag","embeddable":true,"href":"https:\/\/www.advancedmanufacturingmadrid.com\/es\/wp-json\/wp\/v2\/tags?post=351294"},{"taxonomy":"edition","embeddable":true,"href":"https:\/\/www.advancedmanufacturingmadrid.com\/es\/wp-json\/wp\/v2\/edition?post=351294"}],"curies":[{"name":"wp","href":"https:\/\/api.w.org\/{rel}","templated":true}]}}