{"id":358963,"date":"2024-05-20T08:46:27","date_gmt":"2024-05-20T06:46:27","guid":{"rendered":"https:\/\/www.advancedmanufacturingmadrid.com\/?p=358963"},"modified":"2024-05-23T09:24:50","modified_gmt":"2024-05-23T07:24:50","slug":"advanced-manufacturing-crea-un-comite-de-expertos-de-composites-madrid-para-fomentar-la-colaboracion-la-innovacion-y-las-respuestas-a-los-retos-actuales-del-sector","status":"publish","type":"post","link":"https:\/\/www.advancedmanufacturingmadrid.com\/es\/2024\/05\/20\/advanced-manufacturing-crea-un-comite-de-expertos-de-composites-madrid-para-fomentar-la-colaboracion-la-innovacion-y-las-respuestas-a-los-retos-actuales-del-sector\/","title":{"rendered":"Advanced Manufacturing crea un comit\u00e9 de expertos de Composites Madrid para fomentar la colaboraci\u00f3n, la innovaci\u00f3n y las respuestas a los retos actuales del sector"},"content":{"rendered":"\t\t<div data-elementor-type=\"wp-post\" data-elementor-id=\"358963\" class=\"elementor elementor-358963\" data-elementor-post-type=\"post\">\n\t\t\t\t\t\t<section class=\"elementor-section elementor-top-section elementor-element elementor-element-5581984 elementor-section-boxed elementor-section-height-default elementor-section-height-default\" data-id=\"5581984\" data-element_type=\"section\">\n\t\t\t\t\t\t<div class=\"elementor-container elementor-column-gap-default\">\n\t\t\t\t\t<div class=\"elementor-column elementor-col-100 elementor-top-column elementor-element elementor-element-18eb377\" data-id=\"18eb377\" data-element_type=\"column\">\n\t\t\t<div class=\"elementor-widget-wrap elementor-element-populated\">\n\t\t\t\t\t\t<div class=\"elementor-element elementor-element-780d446 elementor-widget elementor-widget-theme-post-title elementor-page-title elementor-widget-heading\" data-id=\"780d446\" data-element_type=\"widget\" data-widget_type=\"theme-post-title.default\">\n\t\t\t\t<div class=\"elementor-widget-container\">\n\t\t\t\t\t<h1 class=\"elementor-heading-title elementor-size-default\">Advanced Manufacturing crea un comit\u00e9 de expertos de Composites Madrid para fomentar la colaboraci\u00f3n, la innovaci\u00f3n y las respuestas a los retos actuales del sector<\/h1>\t\t\t\t<\/div>\n\t\t\t\t<\/div>\n\t\t\t\t<div class=\"elementor-element elementor-element-00de1ac elementor-widget elementor-widget-post-info\" data-id=\"00de1ac\" data-element_type=\"widget\" data-widget_type=\"post-info.default\">\n\t\t\t\t<div class=\"elementor-widget-container\">\n\t\t\t\t\t\t\t<ul class=\"elementor-inline-items elementor-icon-list-items elementor-post-info\">\n\t\t\t\t\t\t\t\t<li class=\"elementor-icon-list-item elementor-repeater-item-e3c1486 elementor-inline-item\" itemprop=\"datePublished\">\n\t\t\t\t\t\t<a href=\"https:\/\/www.advancedmanufacturingmadrid.com\/es\/2024\/05\/20\/\">\n\t\t\t\t\t\t\t\t\t\t\t<span class=\"elementor-icon-list-icon\">\n\t\t\t\t\t\t\t\t<i aria-hidden=\"true\" class=\"fas fa-calendar\"><\/i>\t\t\t\t\t\t\t<\/span>\n\t\t\t\t\t\t\t\t\t<span class=\"elementor-icon-list-text elementor-post-info__item elementor-post-info__item--type-date\">\n\t\t\t\t\t\t\t\t\t\t<time>mayo 20, 2024<\/time>\t\t\t\t\t<\/span>\n\t\t\t\t\t\t\t\t\t<\/a>\n\t\t\t\t<\/li>\n\t\t\t\t<\/ul>\n\t\t\t\t\t\t<\/div>\n\t\t\t\t<\/div>\n\t\t\t\t<div class=\"elementor-element elementor-element-fe1a850 elementor-widget-divider--view-line elementor-widget elementor-widget-divider\" data-id=\"fe1a850\" data-element_type=\"widget\" data-widget_type=\"divider.default\">\n\t\t\t\t<div class=\"elementor-widget-container\">\n\t\t\t\t\t\t\t<div class=\"elementor-divider\">\n\t\t\t<span class=\"elementor-divider-separator\">\n\t\t\t\t\t\t<\/span>\n\t\t<\/div>\n\t\t\t\t\t\t<\/div>\n\t\t\t\t<\/div>\n\t\t\t\t<section class=\"elementor-section elementor-inner-section elementor-element elementor-element-dd966a4 elementor-section-boxed elementor-section-height-default elementor-section-height-default\" data-id=\"dd966a4\" data-element_type=\"section\">\n\t\t\t\t\t\t<div class=\"elementor-container elementor-column-gap-no\">\n\t\t\t\t\t<div class=\"elementor-column elementor-col-100 elementor-inner-column elementor-element elementor-element-137e706\" data-id=\"137e706\" data-element_type=\"column\">\n\t\t\t<div class=\"elementor-widget-wrap elementor-element-populated\">\n\t\t\t\t\t\t<div class=\"elementor-element elementor-element-91bda2b elementor-widget elementor-widget-image\" data-id=\"91bda2b\" data-element_type=\"widget\" data-widget_type=\"image.default\">\n\t\t\t\t<div class=\"elementor-widget-container\">\n\t\t\t\t\t\t\t\t\t\t\t\t<figure class=\"wp-caption\">\n\t\t\t\t\t\t\t\t\t\t<img fetchpriority=\"high\" decoding=\"async\" width=\"768\" height=\"576\" src=\"https:\/\/easyfairsassets.com\/sites\/79\/2024\/05\/IMG-20240426-WA0003-copia-768x576.jpg\" class=\"attachment-medium_large size-medium_large wp-image-358966\" alt=\"advisory board composites madrid\" srcset=\"https:\/\/easyfairsassets.com\/sites\/79\/2024\/05\/IMG-20240426-WA0003-copia-768x576.jpg 768w, https:\/\/easyfairsassets.com\/sites\/79\/2024\/05\/IMG-20240426-WA0003-copia-300x225.jpg 300w, https:\/\/easyfairsassets.com\/sites\/79\/2024\/05\/IMG-20240426-WA0003-copia-1024x768.jpg 1024w, https:\/\/easyfairsassets.com\/sites\/79\/2024\/05\/IMG-20240426-WA0003-copia-1536x1152.jpg 1536w, https:\/\/easyfairsassets.com\/sites\/79\/2024\/05\/IMG-20240426-WA0003-copia.jpg 1920w\" sizes=\"(max-width: 768px) 100vw, 768px\" \/>\t\t\t\t\t\t\t\t\t\t\t<figcaption class=\"widget-image-caption wp-caption-text\">Fila superior: Jorge Fern\u00e1ndez, M\u00aa Eugenia Rodr\u00edguez Sierra, Carlos Gonz\u00e1lez, Sergi R. Perea, Rafael Izquierdo y Oscar Barranco.  Fila inferior: Juan Vidal, Tamara Blanco, Juan Gallardo, Eva Fit\u00e9 y Cristina Hern\u00e1ndez (Easyfairs).<\/figcaption>\n\t\t\t\t\t\t\t\t\t\t<\/figure>\n\t\t\t\t\t\t\t\t\t<\/div>\n\t\t\t\t<\/div>\n\t\t\t\t<div class=\"elementor-element elementor-element-a03c104 elementor-widget elementor-widget-text-editor\" data-id=\"a03c104\" data-element_type=\"widget\" data-widget_type=\"text-editor.default\">\n\t\t\t\t<div class=\"elementor-widget-container\">\n\t\t\t\t\t\t\t\t\t<p><\/p>\n<p><strong>La aplicaci\u00f3n de Inteligencia Artificial, el termoconformado, la automatizaci\u00f3n o la necesidad de avanzar en materia de sostenibilidad y reciclado han sido algunos de los puntos abordados durante la reuni\u00f3n de los once representantes de organizaciones l\u00edderes que conforman el Advisory Board de Composites Madrid<\/strong><\/p>\n<p><strong>Madrid, 20 de mayo de 2024. <\/strong>Composites Madrid, el \u00fanico evento dedicado a los materiales compuestos en Espa\u00f1a y que forma parte de la feria <strong><u>Advanced Manufacturing<\/u><\/strong>, ha reunido por primera vez en sus oficinas de Madrid a su nuevo comit\u00e9 asesor para analizar de forma conjunta las oportunidades y desaf\u00edos en torno a la industria de los composites. El asesoramiento y la dilatada de experiencia de este grupo de expertos aportar\u00e1 una visi\u00f3n estrat\u00e9gica clave para promover la innovaci\u00f3n y el desarrollo en la industria, as\u00ed como para impulsar Composites Madrid como cita ineludible del sector el pr\u00f3ximo mes de noviembre en el recinto ferial de IFEMA.<\/p>\n<p>El Advisory Board presidido por Oscar Barranco, director general de Easyfairs, est\u00e1 compuesto por otros diez profesionales de gran trayectoria en el sector:<\/p>\n<ul>\n<li><strong>Rafael Izquierdo<\/strong>, presidente de AEMAC y Senior Sales Executive de Hexcel Corporation.<\/li>\n<li><strong>Juan Gallardo<\/strong>, Head of Tooling en AERnnova Composites.<\/li>\n<li><strong>Tamara Blanco<\/strong>, experta en materiales compuestos en Airbus y presidenta de SAMPE Ib\u00e9rica.<\/li>\n<li><strong>Julio Vidal<\/strong>, responsable del \u00e1rea de materiales compuestos de Aitiip centro tecnol\u00f3gico.<\/li>\n<li><strong>Sergi R. Perea<\/strong>, Global Technology Application Manager \u2013 Advanced Materials de Biesse.<\/li>\n<li><strong>M\u00aa Eugenia Rodr\u00edguez Sierra<\/strong>, Composites Unit Director de Eurecat.<\/li>\n<li><strong>Eva Fit\u00e9<\/strong>, Head of Business Development Manufacturing de Eurecat.<\/li>\n<li><strong>Carlos Gonz\u00e1lez<\/strong>, investigador principal y l\u00edder del grupo de compuestos estructurales de IMDEA Materiales.<\/li>\n<li><strong>I\u00f1igo Idareta<\/strong>, jefe del Departamento de proyectos Especiales de Mtorres.<\/li>\n<li><strong>Miriam Montegro<\/strong>, responsable de Innovaci\u00f3n, Negocio de Corbetas y BAMs de Navantia.<\/li>\n<\/ul>\n<p>La aplicaci\u00f3n de la Inteligencia Artificial a los materiales compuestos, el termoconformado, la automatizaci\u00f3n y la rob\u00f3tica dentro de los composites, la aplicaci\u00f3n de los composites en el \u00e1mbito de la construcci\u00f3n e incluso en el sector sociosanitario, y la ineludible necesidad de avanzar en uno de los puntos d\u00e9biles del sector; la sostenibilidad y el reciclado, han sido los principales temas debatidos durante esta primera reuni\u00f3n.<\/p>\n<p>\u201c<em>Con la creaci\u00f3n del comit\u00e9 de expertos de Composites Madrid, demostramos nuestro compromiso con el impulso de la innovaci\u00f3n y la excelencia en la industria de los materiales compuestos. Este selecto grupo de l\u00edderes del sector nos brindar\u00e1 una excelente visi\u00f3n estrat\u00e9gica, abordando temas clave como la sostenibilidad y la aplicaci\u00f3n de tecnolog\u00edas emergentes. Juntos, estamos listos para llevar a Composites Madrid a nuevos niveles de \u00e9xito<\/em>\u201d, ha afirmado Oscar Barranco.<\/p>\n<p>Organizado por Easyfairs, Composites Madrid forma parte de la feria Advanced Manufacturing Madrid, junto a MetalMadrid y Robom\u00e1tica Madrid, que celebrar\u00e1 su 16\u00aa edici\u00f3n los pr\u00f3ximos d\u00edas 20 y 21 de noviembre en los pabellones 7 y 9 de IFEMA.<\/p>\n<p><strong>Sobre Easyfairs <\/strong><\/p>\n<p>Easyfairs organiza eventos siendo puntos <strong>de encuentro para las comunidades<\/strong> que<strong> deseen visitar el futuro.<\/strong><\/p>\n<p>Actualmente organizamos 110 eventos presenciales en 12 pa\u00edses (Argelia, B\u00e9lgica, Finlandia, Francia, Alemania, Italia, Pa\u00edses Bajos, Portugal, Espa\u00f1a, Suecia, Suiza y Reino Unido) y gestionamos ocho recintos feriales en B\u00e9lgica, Holanda y Suecia (Amberes, Gante, Malinas-Bruselas Norte, Namur, Gorinchem, Hardenberg, Malm\u00f6 y Estocolmo).<\/p>\n<p>Nos apasiona \u00abfacilitar\u00bb la vida de nuestros clientes y aumentar el retorno de su inversi\u00f3n y de su tiempo a trav\u00e9s de nuestras f\u00f3rmulas integrales (all-in), tecnolog\u00eda avanzada y estrategia centrada en el cliente. <strong>Nuestra oferta digital<\/strong> <strong>adem\u00e1s brinda<\/strong> a estas comunidades excelentes oportunidades <strong>para establecer contactos de manera efectiva y hacer negocios durante<\/strong> todo el a\u00f1o.&nbsp;<\/p>\n<p>El Grupo Easyfairs emplea a 800 talentos altamente comprometidos, implementa las mejores herramientas de marketing y tecnolog\u00eda y desarrolla marcas con un fuerte atractivo para nuestros stakeholders.<\/p>\n<p>Por quinto a\u00f1o consecutivo, en 2023, Deloitte otorg\u00f3 nuevamente a Easyfairs el estatus de \u201cBest Managed Company\u201d.<\/p>\n<p>Estamos orgullosos de figurar como el 11\u00ba organizador de ferias del mundo, seg\u00fan la clasificaci\u00f3n anual realizada por STAX Consulting.<\/p>\n<p>Visita el futuro con Easyfairs y consulta m\u00e1s informaci\u00f3n en <a href=\"http:\/\/www.easyfairsgroup.com\">www.easyfairsgroup.com<\/a><u>.<\/u><\/p>\n<p><strong>Para m\u00e1s informaci\u00f3n, por favor contacta con:<\/strong><\/p>\n<p><strong>evercom, agencia de comunicaci\u00f3n de Easyfairs<\/strong><\/p>\n<p>Javier Mart\u00ednez<\/p>\n<p><a href=\"mailto:javier.martinez@evercom.es\">javier.martinez@evercom.es<\/a><\/p>\n<p>Selena Badenas<\/p>\n<p><a href=\"mailto:selena.badenas@evercom.es\">selena.badenas@evercom.es<\/a><\/p>\n<p>Nacho G\u00f3mez<\/p>\n<p><a href=\"mailto:ignacio.gomez@evercom.es\">ignacio.gomez@evercom.es<\/a><\/p>\n<p>Tel. +34 915 77 92 72<\/p>\t\t\t\t\t\t\t\t<\/div>\n\t\t\t\t<\/div>\n\t\t\t\t\t<\/div>\n\t\t<\/div>\n\t\t\t\t\t<\/div>\n\t\t<\/section>\n\t\t\t\t\t<\/div>\n\t\t<\/div>\n\t\t\t\t\t<\/div>\n\t\t<\/section>\n\t\t\t\t<\/div>\n\t\t","protected":false},"excerpt":{"rendered":"<p>Fila superior: Jorge Fern\u00e1ndez, M\u00aa Eugenia Rodr\u00edguez Sierra, Carlos Gonz\u00e1lez, Sergi R. Perea, Rafael Izquierdo y Oscar Barranco. Fila inferior: Juan Vidal, Tamara Blanco, Juan Gallardo, Eva Fit\u00e9 y Cristina Hern\u00e1ndez (Easyfairs). La aplicaci\u00f3n de Inteligencia Artificial, el termoconformado, la automatizaci\u00f3n o la necesidad de avanzar en materia de sostenibilidad y reciclado han sido algunos [&hellip;]<\/p>\n","protected":false},"author":118,"featured_media":358966,"comment_status":"open","ping_status":"open","sticky":false,"template":"","format":"standard","meta":{"_seopress_robots_primary_cat":"none","_seopress_titles_title":"Advanced Manufacturing crea un comit\u00e9 de expertos de Composites Madrid","_seopress_titles_desc":"La Inteligencia Artificial, el termoconformado, la automatizaci\u00f3n o la sostenibilidad y reciclado han sido algunos de los puntos abordados.","_seopress_robots_index":"","footnotes":""},"categories":[347],"tags":[2509,3233,3232,1478,2811,2199,621],"edition":[],"class_list":["post-358963","post","type-post","status-publish","format-standard","has-post-thumbnail","hentry","category-notas-de-prensa","tag-advanced-manufacturing-madrid","tag-asesor","tag-comite","tag-composites","tag-expertos","tag-industria-2","tag-sostenibilidad"],"_links":{"self":[{"href":"https:\/\/www.advancedmanufacturingmadrid.com\/es\/wp-json\/wp\/v2\/posts\/358963","targetHints":{"allow":["GET"]}}],"collection":[{"href":"https:\/\/www.advancedmanufacturingmadrid.com\/es\/wp-json\/wp\/v2\/posts"}],"about":[{"href":"https:\/\/www.advancedmanufacturingmadrid.com\/es\/wp-json\/wp\/v2\/types\/post"}],"author":[{"embeddable":true,"href":"https:\/\/www.advancedmanufacturingmadrid.com\/es\/wp-json\/wp\/v2\/users\/118"}],"replies":[{"embeddable":true,"href":"https:\/\/www.advancedmanufacturingmadrid.com\/es\/wp-json\/wp\/v2\/comments?post=358963"}],"version-history":[{"count":5,"href":"https:\/\/www.advancedmanufacturingmadrid.com\/es\/wp-json\/wp\/v2\/posts\/358963\/revisions"}],"predecessor-version":[{"id":359929,"href":"https:\/\/www.advancedmanufacturingmadrid.com\/es\/wp-json\/wp\/v2\/posts\/358963\/revisions\/359929"}],"wp:featuredmedia":[{"embeddable":true,"href":"https:\/\/www.advancedmanufacturingmadrid.com\/es\/wp-json\/wp\/v2\/media\/358966"}],"wp:attachment":[{"href":"https:\/\/www.advancedmanufacturingmadrid.com\/es\/wp-json\/wp\/v2\/media?parent=358963"}],"wp:term":[{"taxonomy":"category","embeddable":true,"href":"https:\/\/www.advancedmanufacturingmadrid.com\/es\/wp-json\/wp\/v2\/categories?post=358963"},{"taxonomy":"post_tag","embeddable":true,"href":"https:\/\/www.advancedmanufacturingmadrid.com\/es\/wp-json\/wp\/v2\/tags?post=358963"},{"taxonomy":"edition","embeddable":true,"href":"https:\/\/www.advancedmanufacturingmadrid.com\/es\/wp-json\/wp\/v2\/edition?post=358963"}],"curies":[{"name":"wp","href":"https:\/\/api.w.org\/{rel}","templated":true}]}}