{"id":364202,"date":"2024-06-03T15:54:47","date_gmt":"2024-06-03T13:54:47","guid":{"rendered":"https:\/\/www.advancedmanufacturingmadrid.com\/?p=364202"},"modified":"2024-06-04T12:37:20","modified_gmt":"2024-06-04T10:37:20","slug":"easyfairs-reivindica-el-papel-de-las-ferias-como-motores-de-la-sostenibilidad-en-la-industria","status":"publish","type":"post","link":"https:\/\/www.advancedmanufacturingmadrid.com\/es\/2024\/06\/03\/easyfairs-reivindica-el-papel-de-las-ferias-como-motores-de-la-sostenibilidad-en-la-industria\/","title":{"rendered":"Easyfairs reivindica el papel de las ferias como motores de la sostenibilidad en la industria"},"content":{"rendered":"\t\t<div data-elementor-type=\"wp-post\" data-elementor-id=\"364202\" class=\"elementor elementor-364202\" data-elementor-post-type=\"post\">\n\t\t\t\t\t\t<section class=\"elementor-section elementor-top-section elementor-element elementor-element-5581984 elementor-section-boxed elementor-section-height-default elementor-section-height-default\" data-id=\"5581984\" data-element_type=\"section\">\n\t\t\t\t\t\t<div class=\"elementor-container elementor-column-gap-default\">\n\t\t\t\t\t<div class=\"elementor-column elementor-col-100 elementor-top-column elementor-element elementor-element-18eb377\" data-id=\"18eb377\" data-element_type=\"column\">\n\t\t\t<div class=\"elementor-widget-wrap elementor-element-populated\">\n\t\t\t\t\t\t<div class=\"elementor-element elementor-element-780d446 elementor-widget elementor-widget-theme-post-title elementor-page-title elementor-widget-heading\" data-id=\"780d446\" data-element_type=\"widget\" data-widget_type=\"theme-post-title.default\">\n\t\t\t\t<div class=\"elementor-widget-container\">\n\t\t\t\t\t<h1 class=\"elementor-heading-title elementor-size-default\">Easyfairs reivindica el papel de las ferias como motores de la sostenibilidad en la industria<\/h1>\t\t\t\t<\/div>\n\t\t\t\t<\/div>\n\t\t\t\t<div class=\"elementor-element elementor-element-00de1ac elementor-widget elementor-widget-post-info\" data-id=\"00de1ac\" data-element_type=\"widget\" data-widget_type=\"post-info.default\">\n\t\t\t\t<div class=\"elementor-widget-container\">\n\t\t\t\t\t\t\t<ul class=\"elementor-inline-items elementor-icon-list-items elementor-post-info\">\n\t\t\t\t\t\t\t\t<li class=\"elementor-icon-list-item elementor-repeater-item-e3c1486 elementor-inline-item\" itemprop=\"datePublished\">\n\t\t\t\t\t\t<a href=\"https:\/\/www.advancedmanufacturingmadrid.com\/es\/2024\/06\/03\/\">\n\t\t\t\t\t\t\t\t\t\t\t<span class=\"elementor-icon-list-icon\">\n\t\t\t\t\t\t\t\t<i aria-hidden=\"true\" class=\"fas fa-calendar\"><\/i>\t\t\t\t\t\t\t<\/span>\n\t\t\t\t\t\t\t\t\t<span class=\"elementor-icon-list-text elementor-post-info__item elementor-post-info__item--type-date\">\n\t\t\t\t\t\t\t\t\t\t<time>junio 3, 2024<\/time>\t\t\t\t\t<\/span>\n\t\t\t\t\t\t\t\t\t<\/a>\n\t\t\t\t<\/li>\n\t\t\t\t<\/ul>\n\t\t\t\t\t\t<\/div>\n\t\t\t\t<\/div>\n\t\t\t\t<div class=\"elementor-element elementor-element-fe1a850 elementor-widget-divider--view-line elementor-widget elementor-widget-divider\" data-id=\"fe1a850\" data-element_type=\"widget\" data-widget_type=\"divider.default\">\n\t\t\t\t<div class=\"elementor-widget-container\">\n\t\t\t\t\t\t\t<div class=\"elementor-divider\">\n\t\t\t<span class=\"elementor-divider-separator\">\n\t\t\t\t\t\t<\/span>\n\t\t<\/div>\n\t\t\t\t\t\t<\/div>\n\t\t\t\t<\/div>\n\t\t\t\t<section class=\"elementor-section elementor-inner-section elementor-element elementor-element-dd966a4 elementor-section-boxed elementor-section-height-default elementor-section-height-default\" data-id=\"dd966a4\" data-element_type=\"section\">\n\t\t\t\t\t\t<div class=\"elementor-container elementor-column-gap-no\">\n\t\t\t\t\t<div class=\"elementor-column elementor-col-100 elementor-inner-column elementor-element elementor-element-137e706\" data-id=\"137e706\" data-element_type=\"column\">\n\t\t\t<div class=\"elementor-widget-wrap elementor-element-populated\">\n\t\t\t\t\t\t<div class=\"elementor-element elementor-element-91bda2b elementor-widget elementor-widget-image\" data-id=\"91bda2b\" data-element_type=\"widget\" data-widget_type=\"image.default\">\n\t\t\t\t<div class=\"elementor-widget-container\">\n\t\t\t\t\t\t\t\t\t\t\t\t<figure class=\"wp-caption\">\n\t\t\t\t\t\t\t\t\t\t<img fetchpriority=\"high\" decoding=\"async\" width=\"400\" height=\"400\" src=\"https:\/\/easyfairsassets.com\/sites\/79\/2024\/06\/global-exhibition-day-news.png\" class=\"attachment-medium_large size-medium_large wp-image-364239\" alt=\"global exhibition day\" srcset=\"https:\/\/easyfairsassets.com\/sites\/79\/2024\/06\/global-exhibition-day-news.png 400w, https:\/\/easyfairsassets.com\/sites\/79\/2024\/06\/global-exhibition-day-news-300x300.png 300w, https:\/\/easyfairsassets.com\/sites\/79\/2024\/06\/global-exhibition-day-news-150x150.png 150w\" sizes=\"(max-width: 400px) 100vw, 400px\" \/>\t\t\t\t\t\t\t\t\t\t\t<figcaption class=\"widget-image-caption wp-caption-text\"><\/figcaption>\n\t\t\t\t\t\t\t\t\t\t<\/figure>\n\t\t\t\t\t\t\t\t\t<\/div>\n\t\t\t\t<\/div>\n\t\t\t\t<div class=\"elementor-element elementor-element-a03c104 elementor-widget elementor-widget-text-editor\" data-id=\"a03c104\" data-element_type=\"widget\" data-widget_type=\"text-editor.default\">\n\t\t\t\t<div class=\"elementor-widget-container\">\n\t\t\t\t\t\t\t\t\t<ul>\n<li><strong>Este a\u00f1o se celebra la 9\u00ba edici\u00f3n del Global Exhibitions Day bajo el lema \u00abLas ferias son catalizadoras de un futuro sostenible\u00bb, constituyendo espacios donde confluyen ideas y proyectos innovadores para avanzar hacia modelos de producci\u00f3n m\u00e1s verdes y eficaces.<\/strong><\/li>\n<\/ul>\n<ul>\n<li><strong>Oscar Barranco, director general de Easyfairs Iberia, subraya la relevancia de Advanced Manufacturing, Empack y Logistics &amp; Automation, con sus diferentes ediciones en Madrid, Barcelona, Bilbao y Oporto, como motores de desarrollo y claros referentes en sus respectivas industrias.<\/strong><\/li>\n<\/ul>\n<ul>\n<li><strong>La compa\u00f1\u00eda ha sido galardonada por su estrategia en sostenibilidad con el Premio ESG de Exhibition News, as\u00ed como con el estatus de Best Managed Companies, otorgado por Deloitte, por sexto a\u00f1o consecutivo.<\/strong><\/li>\n<\/ul>\n<ul>\n<li><strong>Adem\u00e1s, Easyfairs ha conseguido recientemente una importante inversi\u00f3n por parte de Cobepa e Inflexion, un hito en la trayectoria de la compa\u00f1\u00eda que impulsar\u00e1 su crecimiento y desarrollo estrat\u00e9gico.<\/strong><\/li>\n<\/ul>\n<p><strong>&nbsp;<\/strong><\/p>\n<p><strong>Madrid, 3 de junio de 2024 &#8211;&nbsp;<\/strong><span style=\"font-weight: var( --e-global-typography-text-font-weight );\">Este 5 de junio se celebra la 9\u00aa edici\u00f3n del D\u00eda Mundial de las Ferias (Global Exhibitions Day), una cita global que pone en valor la importancia de estos eventos profesionales para impulsar el sector econ\u00f3mico, tur\u00edstico, empresarial y el talento tecnol\u00f3gico de cada pa\u00eds. Seg\u00fan los datos compartidos por la Asociaci\u00f3n de Ferias Espa\u00f1olas (AFE), la actividad de las ferias genera unos 13.000 millones de euros de impacto econ\u00f3mico anual y m\u00e1s de 123.000 empleos directos e indirectos en nuestro pa\u00eds. Espa\u00f1a lidera el sector de las ferias en Europa, junto con Alemania, Francia, Italia y Reino Unido. De hecho, el a\u00f1o pasado m\u00e1s de 6,5 millones de personas visitaron alguna de las 433 ferias celebradas en Espa\u00f1a.<\/span><\/p>\n<p>Desde Easyfairs, destacan la relevancia de la efem\u00e9ride con el fin de celebrar el gran potencial y las oportunidades que brindan los eventos como facilitadores de negocio, conocimientos y visibilizaci\u00f3n de la innovaci\u00f3n. Como muestra de ello y coincidiendo con esta cita mundial, la compa\u00f1\u00eda tambi\u00e9n celebra la reciente recepci\u00f3n de una importante inversi\u00f3n por parte de las empresas Cobepa e Inflexion. Esta transacci\u00f3n abre un nuevo cap\u00edtulo en toda la historia de Easyfairs, lo que permitir\u00e1 impulsar el crecimiento internacional del grupo en los pr\u00f3ximos a\u00f1os y mantener su liderazgo en el sector.<\/p>\n<p>\u201c<em>Estamos muy orgullosos por todo lo que estamos logrando y el emocionante futuro que construiremos juntos. Esta inversi\u00f3n por parte de Cobepa e Inflexion significa un gran crecimiento para Easyfairs a muchos niveles. Estamos deseando acelerar el lanzamiento de nuevos eventos, expandir nuestra presencia geogr\u00e1fica, as\u00ed como seguir a la cabeza del sector en la adopci\u00f3n de nuevas tecnolog\u00edas y de nuevas medidas para seguir promoviendo la sostenibilidad y alcanzando nuevos objetivos en esta materia<\/em>\u201d, <strong>afirma<\/strong> <strong>Oscar Barranco<\/strong>, <strong>director<\/strong> <strong>general de Easyfairs Iberia<\/strong>.<\/p>\n<p><\/p>\n<p><strong>Easyfairs, galardonada por su estrategia en sostenibilidad<\/strong><\/p>\n<p>Para esta edici\u00f3n del D\u00eda Mundial de las Ferias el lema designado por la Asociaci\u00f3n Global de la Industria de Exposiciones es \u00abLas ferias son catalizadoras de un futuro sostenible\u201d y, precisamente en este sentido, Easyfairs ha recibido el Premio ESG, concedido por Exhibition News, en reconocimiento de su estrategia de sostenibilidad, presente en el coraz\u00f3n de todas sus ferias, y sustentada en tres pilares: reducci\u00f3n de la huella de carbono, apoyo a las empresas participantes en sus eventos en su crecimiento y viaje hacia la red cero, y ser un empleador responsable, priorizando el bienestar y desarrollo de los empleados, mientras fomenta la diversidad y la inclusi\u00f3n en los equipos.<\/p>\n<p>Adem\u00e1s, por sexto a\u00f1o consecutivo, la compa\u00f1\u00eda ha sido reconocida por Deloitte con el estatus de \u201cBest Managed Company\u201d debido a su notable esfuerzo en la reducci\u00f3n de su huella de carbono, que disminuy\u00f3 en un 33% entre 2022-2023 y 2018-2019, as\u00ed como por su estrategia de mejora continua y excelencia. Todo ello se ha visto reflejado en su s\u00f3lido compromiso con la experiencia del cliente y la apuesta por mantenerse a la vanguardia de las nuevas tecnolog\u00edas a trav\u00e9s de sus eventos. &nbsp;<\/p>\n<p>Adem\u00e1s, estos valores se ponen en pr\u00e1ctica a trav\u00e9s de soluciones en sus ferias, como la tecnolog\u00eda Smart Badge, que permite una reducci\u00f3n significativa de papel por parte de sus expositores. As\u00ed mismo, su programa de contenidos y conferencias incluyen temas relacionados con la sostenibilidad, ofrecidos por profesionales referentes en el sector. Por \u00faltimo, Easyfairs opera de la mano de Climact, una firma de consultor\u00eda ambiental, para avanzar en su estrategia de excelencia.<\/p>\n<p>\u201c<em>El gran peso que ocupa la sostenibilidad dentro de la actualidad es ineludible, as\u00ed como la responsabilidad de las compa\u00f1\u00edas para avanzar hacia una econom\u00eda m\u00e1s respetuosa y reducir el impacto medioambiental en sus operaciones. Espa\u00f1a es un referente en la organizaci\u00f3n de ferias en sus diferentes sectores, lo que aporta un valor incalculable al crecimiento econ\u00f3mico, empresarial y laboral<\/em>\u201d, <strong>manifiesta<\/strong> <strong>el<\/strong> <strong>director<\/strong> <strong>general de Easyfairs Iberia.<\/strong><\/p>\n<p><\/p>\n<p><strong>El valor de las ferias como punto de encuentro profesional<\/strong><\/p>\n<p>Las ferias apoyan el progreso y crean plataformas para discutir y mostrar soluciones a los desaf\u00edos universales. As\u00ed mismo, facilitan el encuentro entre industrias y profesionales, ejerciendo como impulsoras de la creaci\u00f3n de empleo y motores del crecimiento econ\u00f3mico.<\/p>\n<p>Entre las ferias que organiza Easyfairs, se encuentran <strong>Advanced Manufacturing<\/strong>, que con su edici\u00f3n en Madrid desde hace m\u00e1s de 15 a\u00f1os es el n\u00facleo de la innovaci\u00f3n industrial en Espa\u00f1a, incluyendo dentro de su oferta expositiva los salones <strong>MetalMadrid, Robom\u00e1tica y Composites Madrid<\/strong>. Adem\u00e1s, desde el a\u00f1o pasado cuenta tambi\u00e9n con una edici\u00f3n en Barcelona, de periodicidad bienal.<\/p>\n<p>Easyfairs tambi\u00e9n lidera los encuentros para los sectores del packaging y la log\u00edstica de la mano de <strong>Empack y Logistics &amp; Automation <\/strong>que, adem\u00e1s de ser punto de referencia nacional con su edici\u00f3n de Madrid, cuenta con ferias anuales en Bilbao y Oporto. Como novedad, este 2024 abre sus puertas <strong>Logistic &amp; Industrial Build<\/strong>, una nueva feria que se celebrar\u00e1 junto a Logistics &amp; Automation Madrid, siendo este el primer evento destinado \u00edntegramente a la edificaci\u00f3n log\u00edstica e industrial de nuestro pa\u00eds.<\/p>\n<p><strong>Fechas de pr\u00f3ximas ferias<\/strong><\/p>\n<ul>\n<li><strong>Advanced Manufacturing Madrid: <\/strong>20 y 21 de noviembre, en IFEMA<\/li>\n<li><strong>Empack, Logistics &amp; Automation: <\/strong>27 y 28 de noviembre, en IFEMA<\/li>\n<\/ul>\n<p><strong><br><\/strong><\/p>\n<p><strong>Sobre Easyfairs <\/strong><\/p>\n<p>Easyfairs organiza eventos siendo puntos <strong>de encuentro para las comunidades<\/strong> que<strong> deseen visitar el futuro.<\/strong><\/p>\n<p>Actualmente organizamos 110 eventos presenciales en 12 pa\u00edses (Argelia, B\u00e9lgica, Finlandia, Francia, Alemania, Italia, Pa\u00edses Bajos, Portugal, Espa\u00f1a, Suecia, Suiza y Reino Unido) y gestionamos ocho recintos feriales en B\u00e9lgica, Holanda y Suecia (Amberes, Gante, Malinas-Bruselas Norte, Namur, Gorinchem, Hardenberg, Malm\u00f6 y Estocolmo).<\/p>\n<p>Nos apasiona \u00abfacilitar\u00bb la vida de nuestros clientes y aumentar el retorno de su inversi\u00f3n y de su tiempo a trav\u00e9s de nuestras f\u00f3rmulas integrales (all-in), tecnolog\u00eda avanzada y estrategia centrada en el cliente. <strong>Nuestra oferta digital<\/strong> <strong>adem\u00e1s brinda<\/strong> a estas comunidades excelentes oportunidades <strong>para establecer contactos de manera efectiva y hacer negocios durante<\/strong> todo el a\u00f1o.&nbsp;<\/p>\n<p>El Grupo Easyfairs emplea a m\u00e1s de 800 talentos altamente comprometidos, implementa las mejores herramientas de marketing y tecnolog\u00eda y desarrolla marcas con un fuerte atractivo para nuestros stakeholders.<\/p>\n<p>Por sexto a\u00f1o consecutivo, en 2024, Deloitte otorg\u00f3 nuevamente a Easyfairs el estatus de \u201cBest Managed Company\u201d.<\/p>\n<p>Estamos orgullosos de figurar como el 11\u00ba organizador de ferias del mundo, seg\u00fan la clasificaci\u00f3n anual realizada por STAX Consulting.<\/p>\n<p>Visita el futuro con Easyfairs y consulta m\u00e1s informaci\u00f3n en <a href=\"http:\/\/www.easyfairsgroup.com\">www.easyfairsgroup.com<\/a><u>.<\/u><\/p>\n<p><\/p>\n<p><strong>Para m\u00e1s informaci\u00f3n, por favor contacta con:<\/strong><\/p>\n<p><strong>evercom, agencia de comunicaci\u00f3n de Easyfairs<\/strong><\/p>\n<p>Javier Mart\u00ednez<\/p>\n<p><a href=\"mailto:javier.martinez@evercom.es\">javier.martinez@evercom.es<\/a><\/p>\n<p>Selena Badenas<\/p>\n<p><a href=\"mailto:selena.badenas@evercom.es\">selena.badenas@evercom.es<\/a><\/p>\n<p>Nacho G\u00f3mez<\/p>\n<p><a href=\"mailto:ignacio.gomez@evercom.es\">ignacio.gomez@evercom.es<\/a><\/p>\n<p>Tel. +34 915 77 92 72<\/p>\t\t\t\t\t\t\t\t<\/div>\n\t\t\t\t<\/div>\n\t\t\t\t\t<\/div>\n\t\t<\/div>\n\t\t\t\t\t<\/div>\n\t\t<\/section>\n\t\t\t\t\t<\/div>\n\t\t<\/div>\n\t\t\t\t\t<\/div>\n\t\t<\/section>\n\t\t\t\t<\/div>\n\t\t","protected":false},"excerpt":{"rendered":"<p>Este a\u00f1o se celebra la 9\u00ba edici\u00f3n del Global Exhibitions Day bajo el lema \u00abLas ferias son catalizadoras de un futuro sostenible\u00bb, constituyendo espacios donde confluyen ideas y proyectos innovadores para avanzar hacia modelos de producci\u00f3n m\u00e1s verdes y eficaces. Oscar Barranco, director general de Easyfairs Iberia, subraya la relevancia de Advanced Manufacturing, Empack y [&hellip;]<\/p>\n","protected":false},"author":118,"featured_media":364239,"comment_status":"open","ping_status":"open","sticky":false,"template":"","format":"standard","meta":{"_seopress_robots_primary_cat":"none","_seopress_titles_title":"Easyfairs reivindica el papel de las ferias como motores de la sostenibilidad en la industria","_seopress_titles_desc":"El 5 de junio, celebramos el #GED bajo el lema: el papel de las ferias como motores de la sostenibilidad en la industria","_seopress_robots_index":"","footnotes":""},"categories":[347],"tags":[2509,3279,656,3278,2199,621],"edition":[],"class_list":["post-364202","post","type-post","status-publish","format-standard","has-post-thumbnail","hentry","category-notas-de-prensa","tag-advanced-manufacturing-madrid","tag-dia-internacional","tag-ferias","tag-global-exhibition-day","tag-industria-2","tag-sostenibilidad"],"_links":{"self":[{"href":"https:\/\/www.advancedmanufacturingmadrid.com\/es\/wp-json\/wp\/v2\/posts\/364202","targetHints":{"allow":["GET"]}}],"collection":[{"href":"https:\/\/www.advancedmanufacturingmadrid.com\/es\/wp-json\/wp\/v2\/posts"}],"about":[{"href":"https:\/\/www.advancedmanufacturingmadrid.com\/es\/wp-json\/wp\/v2\/types\/post"}],"author":[{"embeddable":true,"href":"https:\/\/www.advancedmanufacturingmadrid.com\/es\/wp-json\/wp\/v2\/users\/118"}],"replies":[{"embeddable":true,"href":"https:\/\/www.advancedmanufacturingmadrid.com\/es\/wp-json\/wp\/v2\/comments?post=364202"}],"version-history":[{"count":5,"href":"https:\/\/www.advancedmanufacturingmadrid.com\/es\/wp-json\/wp\/v2\/posts\/364202\/revisions"}],"predecessor-version":[{"id":364625,"href":"https:\/\/www.advancedmanufacturingmadrid.com\/es\/wp-json\/wp\/v2\/posts\/364202\/revisions\/364625"}],"wp:featuredmedia":[{"embeddable":true,"href":"https:\/\/www.advancedmanufacturingmadrid.com\/es\/wp-json\/wp\/v2\/media\/364239"}],"wp:attachment":[{"href":"https:\/\/www.advancedmanufacturingmadrid.com\/es\/wp-json\/wp\/v2\/media?parent=364202"}],"wp:term":[{"taxonomy":"category","embeddable":true,"href":"https:\/\/www.advancedmanufacturingmadrid.com\/es\/wp-json\/wp\/v2\/categories?post=364202"},{"taxonomy":"post_tag","embeddable":true,"href":"https:\/\/www.advancedmanufacturingmadrid.com\/es\/wp-json\/wp\/v2\/tags?post=364202"},{"taxonomy":"edition","embeddable":true,"href":"https:\/\/www.advancedmanufacturingmadrid.com\/es\/wp-json\/wp\/v2\/edition?post=364202"}],"curies":[{"name":"wp","href":"https:\/\/api.w.org\/{rel}","templated":true}]}}