{"id":371454,"date":"2024-07-01T14:14:19","date_gmt":"2024-07-01T12:14:19","guid":{"rendered":"https:\/\/www.advancedmanufacturingmadrid.com\/?p=371454"},"modified":"2024-07-01T14:34:58","modified_gmt":"2024-07-01T12:34:58","slug":"en-septiembre-se-lanzara-una-convocatoria-de-140-millones-de-euros-dentro-del-perte-de-descarbonizacion","status":"publish","type":"post","link":"https:\/\/www.advancedmanufacturingmadrid.com\/es\/2024\/07\/01\/en-septiembre-se-lanzara-una-convocatoria-de-140-millones-de-euros-dentro-del-perte-de-descarbonizacion\/","title":{"rendered":"En septiembre se lanzar\u00e1 una convocatoria de 140 millones de euros dentro del PERTE de Descarbonizaci\u00f3n"},"content":{"rendered":"\t\t<div data-elementor-type=\"wp-post\" data-elementor-id=\"371454\" class=\"elementor elementor-371454\" data-elementor-post-type=\"post\">\n\t\t\t\t\t\t<section class=\"elementor-section elementor-top-section elementor-element elementor-element-24b5f91 elementor-section-boxed elementor-section-height-default elementor-section-height-default\" data-id=\"24b5f91\" data-element_type=\"section\">\n\t\t\t\t\t\t<div class=\"elementor-container elementor-column-gap-default\">\n\t\t\t\t\t<div class=\"elementor-column elementor-col-100 elementor-top-column elementor-element elementor-element-49eb7a8\" data-id=\"49eb7a8\" data-element_type=\"column\">\n\t\t\t<div class=\"elementor-widget-wrap elementor-element-populated\">\n\t\t\t\t\t\t<div class=\"elementor-element elementor-element-32695d4 elementor-widget elementor-widget-heading\" data-id=\"32695d4\" data-element_type=\"widget\" data-widget_type=\"heading.default\">\n\t\t\t\t<div class=\"elementor-widget-container\">\n\t\t\t\t\t<h2 class=\"elementor-heading-title elementor-size-default\">En septiembre se lanzar\u00e1 una convocatoria de 140 millones de euros dentro del PERTE de Descarbonizaci\u00f3n<\/h2>\t\t\t\t<\/div>\n\t\t\t\t<\/div>\n\t\t\t\t<div class=\"elementor-element elementor-element-406dec9 elementor-widget elementor-widget-image\" data-id=\"406dec9\" data-element_type=\"widget\" data-widget_type=\"image.default\">\n\t\t\t\t<div class=\"elementor-widget-container\">\n\t\t\t\t\t\t\t\t\t\t\t\t\t\t\t<img fetchpriority=\"high\" decoding=\"async\" width=\"800\" height=\"457\" src=\"https:\/\/easyfairsassets.com\/sites\/79\/2024\/07\/4726612.png.png\" class=\"attachment-large size-large wp-image-371490\" alt=\"sector industrial\" srcset=\"https:\/\/easyfairsassets.com\/sites\/79\/2024\/07\/4726612.png.png 875w, https:\/\/easyfairsassets.com\/sites\/79\/2024\/07\/4726612.png-300x171.png 300w, https:\/\/easyfairsassets.com\/sites\/79\/2024\/07\/4726612.png-768x439.png 768w\" sizes=\"(max-width: 800px) 100vw, 800px\" \/>\t\t\t\t\t\t\t\t\t\t\t\t\t\t\t<\/div>\n\t\t\t\t<\/div>\n\t\t\t\t<div class=\"elementor-element elementor-element-acba843 elementor-widget elementor-widget-text-editor\" data-id=\"acba843\" data-element_type=\"widget\" data-widget_type=\"text-editor.default\">\n\t\t\t\t<div class=\"elementor-widget-container\">\n\t\t\t\t\t\t\t\t\t<p>El pr\u00f3ximo mes de septiembre el Ministerio de Industria y Turismo lanzar\u00e1 la convocatoria de 140 millones de euros en ayudas dentro de la l\u00ednea 4 del PERTE de Descarbonizaci\u00f3n, seg\u00fan ha anunciado el ministro Jordi Hereu durante el acto de clausura de la Junta General de la Uni\u00f3n de Empresas Sider\u00fargicas, Unesid. Posteriormente, habr\u00e1 una segunda convocatoria, hasta completar un total de 250 millones de euros.<\/p><p>Esta l\u00ednea busca el apoyo al desarrollo de nuevas instalaciones manufactureras altamente eficientes y descarbonizadas. El objetivo es acompa\u00f1ar aquellos proyectos de inversi\u00f3n de especial efecto tractor para instalaciones industriales que usen la mejor tecnolog\u00eda en descarbonizaci\u00f3n de sus sectores.<\/p><p>Con la convocatoria de esta nueva l\u00ednea de ayudas, el Ministerio de Industria y Turismo avanza en su compromiso de potenciar la descarbonizaci\u00f3n industrial. Recientemente, se hac\u00eda p\u00fablica la aprobaci\u00f3n provisional de los primeros 19 proyectos de la l\u00ednea 1 del PERTE de Descarbonizaci\u00f3n por valor de 96 millones de euros y que movilizar\u00e1n m\u00e1s de 307 millones de euros y reducir\u00e1n 551.255 toneladas de CO2 al a\u00f1o.<\/p>\t\t\t\t\t\t\t\t<\/div>\n\t\t\t\t<\/div>\n\t\t\t\t<div class=\"elementor-element elementor-element-6189da5 elementor-widget elementor-widget-button\" data-id=\"6189da5\" data-element_type=\"widget\" data-widget_type=\"button.default\">\n\t\t\t\t<div class=\"elementor-widget-container\">\n\t\t\t\t\t\t\t\t\t<div class=\"elementor-button-wrapper\">\n\t\t\t\t\t<a class=\"elementor-button elementor-button-link elementor-size-sm\" href=\"https:\/\/www.interempresas.net\/MetalMecanica\/Articulos\/566246-En-septiembre-lanzara-convocatoria-140-millones-euros-dentro-PERTE-Descarbonizacion.html\" target=\"_blank\">\n\t\t\t\t\t\t<span class=\"elementor-button-content-wrapper\">\n\t\t\t\t\t\t\t\t\t<span class=\"elementor-button-text\">Leer m\u00e1s<\/span>\n\t\t\t\t\t<\/span>\n\t\t\t\t\t<\/a>\n\t\t\t\t<\/div>\n\t\t\t\t\t\t\t\t<\/div>\n\t\t\t\t<\/div>\n\t\t\t\t\t<\/div>\n\t\t<\/div>\n\t\t\t\t\t<\/div>\n\t\t<\/section>\n\t\t\t\t<\/div>\n\t\t","protected":false},"excerpt":{"rendered":"<p>El pr\u00f3ximo mes de septiembre el Ministerio de Industria y Turismo lanzar\u00e1 la convocatoria de 140 millones de euros en ayudas dentro de la l\u00ednea 4 del PERTE de Descarbonizaci\u00f3n, seg\u00fan ha anunciado el ministro Jordi Hereu durante el acto de clausura de la Junta General de la Uni\u00f3n de Empresas Sider\u00fargicas, Unesid. Posteriormente, habr\u00e1 [&hellip;]<\/p>\n","protected":false},"author":118,"featured_media":371457,"comment_status":"closed","ping_status":"closed","sticky":false,"template":"","format":"standard","meta":{"_seopress_robots_primary_cat":"none","_seopress_titles_title":"En septiembre se lanzar\u00e1 una convocatoria de 140 millones de euros dentro del PERTE de Descarbonizaci\u00f3n","_seopress_titles_desc":"El pr\u00f3ximo mes de septiembre el Ministerio de Industria y Turismo lanzar\u00e1 la convocatoria de 140 millones de euros en ayudas dentro de la l\u00ednea 4 del PERTE de Descarbonizaci\u00f3n.","_seopress_robots_index":"","footnotes":""},"categories":[460,342],"tags":[3288,2948,2874,2177,3289,3290],"edition":[],"class_list":["post-371454","post","type-post","status-publish","format-standard","has-post-thumbnail","hentry","category-additive","category-advanced-manfuctaring-news","tag-ayudas","tag-ministerio-de-industria","tag-perte","tag-sector-industrial","tag-septiembre","tag-subvencion"],"_links":{"self":[{"href":"https:\/\/www.advancedmanufacturingmadrid.com\/es\/wp-json\/wp\/v2\/posts\/371454","targetHints":{"allow":["GET"]}}],"collection":[{"href":"https:\/\/www.advancedmanufacturingmadrid.com\/es\/wp-json\/wp\/v2\/posts"}],"about":[{"href":"https:\/\/www.advancedmanufacturingmadrid.com\/es\/wp-json\/wp\/v2\/types\/post"}],"author":[{"embeddable":true,"href":"https:\/\/www.advancedmanufacturingmadrid.com\/es\/wp-json\/wp\/v2\/users\/118"}],"replies":[{"embeddable":true,"href":"https:\/\/www.advancedmanufacturingmadrid.com\/es\/wp-json\/wp\/v2\/comments?post=371454"}],"version-history":[{"count":5,"href":"https:\/\/www.advancedmanufacturingmadrid.com\/es\/wp-json\/wp\/v2\/posts\/371454\/revisions"}],"predecessor-version":[{"id":371495,"href":"https:\/\/www.advancedmanufacturingmadrid.com\/es\/wp-json\/wp\/v2\/posts\/371454\/revisions\/371495"}],"wp:featuredmedia":[{"embeddable":true,"href":"https:\/\/www.advancedmanufacturingmadrid.com\/es\/wp-json\/wp\/v2\/media\/371457"}],"wp:attachment":[{"href":"https:\/\/www.advancedmanufacturingmadrid.com\/es\/wp-json\/wp\/v2\/media?parent=371454"}],"wp:term":[{"taxonomy":"category","embeddable":true,"href":"https:\/\/www.advancedmanufacturingmadrid.com\/es\/wp-json\/wp\/v2\/categories?post=371454"},{"taxonomy":"post_tag","embeddable":true,"href":"https:\/\/www.advancedmanufacturingmadrid.com\/es\/wp-json\/wp\/v2\/tags?post=371454"},{"taxonomy":"edition","embeddable":true,"href":"https:\/\/www.advancedmanufacturingmadrid.com\/es\/wp-json\/wp\/v2\/edition?post=371454"}],"curies":[{"name":"wp","href":"https:\/\/api.w.org\/{rel}","templated":true}]}}