{"id":372142,"date":"2024-07-05T09:07:17","date_gmt":"2024-07-05T07:07:17","guid":{"rendered":"https:\/\/www.advancedmanufacturingmadrid.com\/?p=372142"},"modified":"2024-07-05T13:37:19","modified_gmt":"2024-07-05T11:37:19","slug":"el-ii-congreso-afe-apce-comienza-hoy-en-el-bec-con-mas-de-200-participantes","status":"publish","type":"post","link":"https:\/\/www.advancedmanufacturingmadrid.com\/es\/2024\/07\/05\/el-ii-congreso-afe-apce-comienza-hoy-en-el-bec-con-mas-de-200-participantes\/","title":{"rendered":"EL II CONGRESO AFE-APCE COMIENZA HOY EN EL BEC CON M\u00c1S DE 200 PARTICIPANTES"},"content":{"rendered":"\t\t<div data-elementor-type=\"wp-post\" data-elementor-id=\"372142\" class=\"elementor elementor-372142\" data-elementor-post-type=\"post\">\n\t\t\t\t\t\t<section class=\"elementor-section elementor-top-section elementor-element elementor-element-5581984 elementor-section-boxed elementor-section-height-default elementor-section-height-default\" data-id=\"5581984\" data-element_type=\"section\">\n\t\t\t\t\t\t<div class=\"elementor-container elementor-column-gap-default\">\n\t\t\t\t\t<div class=\"elementor-column elementor-col-100 elementor-top-column elementor-element elementor-element-18eb377\" data-id=\"18eb377\" data-element_type=\"column\">\n\t\t\t<div class=\"elementor-widget-wrap elementor-element-populated\">\n\t\t\t\t\t\t<div class=\"elementor-element elementor-element-780d446 elementor-widget elementor-widget-theme-post-title elementor-page-title elementor-widget-heading\" data-id=\"780d446\" data-element_type=\"widget\" data-widget_type=\"theme-post-title.default\">\n\t\t\t\t<div class=\"elementor-widget-container\">\n\t\t\t\t\t<h1 class=\"elementor-heading-title elementor-size-default\">EL II CONGRESO AFE-APCE COMIENZA HOY EN EL BEC CON M\u00c1S DE 200 PARTICIPANTES<\/h1>\t\t\t\t<\/div>\n\t\t\t\t<\/div>\n\t\t\t\t<section class=\"elementor-section elementor-inner-section elementor-element elementor-element-6bd3592 elementor-section-boxed elementor-section-height-default elementor-section-height-default\" data-id=\"6bd3592\" data-element_type=\"section\">\n\t\t\t\t\t\t<div class=\"elementor-container elementor-column-gap-default\">\n\t\t\t\t\t<div class=\"elementor-column elementor-col-100 elementor-inner-column elementor-element elementor-element-137e706\" data-id=\"137e706\" data-element_type=\"column\">\n\t\t\t<div class=\"elementor-widget-wrap elementor-element-populated\">\n\t\t\t\t\t\t<div class=\"elementor-element elementor-element-a03c104 elementor-widget elementor-widget-text-editor\" data-id=\"a03c104\" data-element_type=\"widget\" data-widget_type=\"text-editor.default\">\n\t\t\t\t<div class=\"elementor-widget-container\">\n\t\t\t\t\t\t\t\t\t<ul><li><strong>El segundo congreso conjunto de la Asociaci\u00f3n de Ferias Espa\u00f1olas (AFE) y de la Asociaci\u00f3n de Palacios de Congresos de Espa\u00f1a (APCE) se inaugura oficialmente hoy, jueves 4 de julio en Bilbao Exhibition Centre reafirmando el \u00e9xito de la colaboraci\u00f3n entre ambas asociaciones<\/strong><\/li><li><strong>El evento tiene como objetivo destacar el impacto positivo de los congresos y ferias comerciales, abordando diferentes desaf\u00edos a los que se enfrenta actualmente la industria ferial y congresual a nivel nacional. Con este prop\u00f3sito, se ha dise\u00f1ado un completo programa de contenidos con la intervenci\u00f3n de destacados expertos<\/strong><\/li><\/ul>\t\t\t\t\t\t\t\t<\/div>\n\t\t\t\t<\/div>\n\t\t\t\t\t<\/div>\n\t\t<\/div>\n\t\t\t\t\t<\/div>\n\t\t<\/section>\n\t\t\t\t<section class=\"elementor-section elementor-inner-section elementor-element elementor-element-72007db elementor-section-boxed elementor-section-height-default elementor-section-height-default\" data-id=\"72007db\" data-element_type=\"section\">\n\t\t\t\t\t\t<div class=\"elementor-container elementor-column-gap-default\">\n\t\t\t\t\t<div class=\"elementor-column elementor-col-100 elementor-inner-column elementor-element elementor-element-43442eb\" data-id=\"43442eb\" data-element_type=\"column\">\n\t\t\t<div class=\"elementor-widget-wrap elementor-element-populated\">\n\t\t\t\t\t\t<div class=\"elementor-element elementor-element-00de1ac elementor-widget elementor-widget-post-info\" data-id=\"00de1ac\" data-element_type=\"widget\" data-widget_type=\"post-info.default\">\n\t\t\t\t<div class=\"elementor-widget-container\">\n\t\t\t\t\t\t\t<ul class=\"elementor-inline-items elementor-icon-list-items elementor-post-info\">\n\t\t\t\t\t\t\t\t<li class=\"elementor-icon-list-item elementor-repeater-item-e3c1486 elementor-inline-item\" itemprop=\"datePublished\">\n\t\t\t\t\t\t<a href=\"https:\/\/www.advancedmanufacturingmadrid.com\/es\/2024\/07\/05\/\">\n\t\t\t\t\t\t\t\t\t\t\t<span class=\"elementor-icon-list-icon\">\n\t\t\t\t\t\t\t\t<i aria-hidden=\"true\" class=\"fas fa-calendar\"><\/i>\t\t\t\t\t\t\t<\/span>\n\t\t\t\t\t\t\t\t\t<span class=\"elementor-icon-list-text elementor-post-info__item elementor-post-info__item--type-date\">\n\t\t\t\t\t\t\t\t\t\t<time>julio 5, 2024<\/time>\t\t\t\t\t<\/span>\n\t\t\t\t\t\t\t\t\t<\/a>\n\t\t\t\t<\/li>\n\t\t\t\t<\/ul>\n\t\t\t\t\t\t<\/div>\n\t\t\t\t<\/div>\n\t\t\t\t<div class=\"elementor-element elementor-element-8187850 elementor-widget elementor-widget-image\" data-id=\"8187850\" data-element_type=\"widget\" data-widget_type=\"image.default\">\n\t\t\t\t<div class=\"elementor-widget-container\">\n\t\t\t\t\t\t\t\t\t\t\t\t\t\t\t<img fetchpriority=\"high\" decoding=\"async\" width=\"800\" height=\"600\" src=\"https:\/\/easyfairsassets.com\/sites\/79\/2024\/07\/1000003437-1024x768.jpg\" class=\"attachment-large size-large wp-image-372377\" alt=\"congreso afe\" srcset=\"https:\/\/easyfairsassets.com\/sites\/79\/2024\/07\/1000003437-1024x768.jpg 1024w, https:\/\/easyfairsassets.com\/sites\/79\/2024\/07\/1000003437-300x225.jpg 300w, https:\/\/easyfairsassets.com\/sites\/79\/2024\/07\/1000003437-768x576.jpg 768w, https:\/\/easyfairsassets.com\/sites\/79\/2024\/07\/1000003437-1536x1152.jpg 1536w, https:\/\/easyfairsassets.com\/sites\/79\/2024\/07\/1000003437.jpg 1600w\" sizes=\"(max-width: 800px) 100vw, 800px\" \/>\t\t\t\t\t\t\t\t\t\t\t\t\t\t\t<\/div>\n\t\t\t\t<\/div>\n\t\t\t\t\t<\/div>\n\t\t<\/div>\n\t\t\t\t\t<\/div>\n\t\t<\/section>\n\t\t\t\t<section class=\"elementor-section elementor-inner-section elementor-element elementor-element-249fae3 elementor-section-boxed elementor-section-height-default elementor-section-height-default\" data-id=\"249fae3\" data-element_type=\"section\">\n\t\t\t\t\t\t<div class=\"elementor-container elementor-column-gap-default\">\n\t\t\t\t\t<div class=\"elementor-column elementor-col-100 elementor-inner-column elementor-element elementor-element-fe9adc3\" data-id=\"fe9adc3\" data-element_type=\"column\">\n\t\t\t<div class=\"elementor-widget-wrap elementor-element-populated\">\n\t\t\t\t\t\t<div class=\"elementor-element elementor-element-0b06f4f elementor-widget elementor-widget-text-editor\" data-id=\"0b06f4f\" data-element_type=\"widget\" data-widget_type=\"text-editor.default\">\n\t\t\t\t<div class=\"elementor-widget-container\">\n\t\t\t\t\t\t\t\t\t<div class=\"elementor-element elementor-element-60127de elementor-widget elementor-widget-text-editor\" data-id=\"60127de\" data-element_type=\"widget\" data-widget_type=\"text-editor.default\"><div class=\"elementor-widget-container\"><p>El II Congreso conjunto AFE-APCE se inaugura oficialmente hoy en BEC y finaliza el 6 de julio. El encuentro, organizado por la Asociaci\u00f3n de Ferias Espa\u00f1olas (AFE) y por la Asociaci\u00f3n de Palacios de Congresos de Espa\u00f1a (APCE), re\u00fane a cerca de 220 participantes en total, superando con creces las previsiones iniciales y las cifras de la primera edici\u00f3n, en la que se contabilizaron alrededor de 180 participantes. BEC es a la vez la entidad sede y coorganizadora del congreso.<br \/>El presidente de AFE y director general de BEC, Xabier Basa\u00f1ez, ha se\u00f1alado<\/p><blockquote><p>\u201cEs un placer recibir en nuestras instalaciones a los profesionales del sector ferial y congresual espa\u00f1ol en esta segunda convocatoria de nuestro congreso, en el que hemos superado ampliamente las previsiones de participaci\u00f3n, poniendo ello de manifiesto el acierto en la decisi\u00f3n de organizarlo conjuntamente. Mayor satisfacci\u00f3n si cabe por poder compartir con todas y todos los asistentes la celebraci\u00f3n del 20\u00ba Aniversario de nuestro recinto ferial\u201d.<\/p><\/blockquote><p>La presidenta de APCE y directora gerente del Palacio de Congresos de Valencia, Sylvia Andr\u00e9s, por su parte, ha indicado<\/p><blockquote><p>\u201cEl II Congreso conjunto de AFE y APCE es una oportunidad \u00fanica para abordar los desaf\u00edos actuales de nuestro sector y compartir las mejores pr\u00e1cticas que nos permitir\u00e1n seguir avanzando. Este evento nos brinda la plataforma perfecta para intercambiar ideas innovadoras, fortalecer nuestras estrategias y crear sinergias que impulsen el crecimiento y la competitividad de nuestras organizaciones. Estoy convencida de que juntos podemos generar un impacto significativo y duradero en la industria ferial y congresual\u201d.<\/p><\/blockquote><p>El II Congreso AFE-APCE, bajo el lema \u201c<strong>Legados que transforman; Congresos y ferias: el impacto m\u00e1s all\u00e1 del evento<\/strong>\u201d, re\u00fane en un mismo espacio a representantes de ferias y palacios de congresos fundamentalmente de procedencia nacional, con el objetivo de crear sinergias, impulsar el fortalecimiento del sector y formular estrategias para generar un mayor impacto econ\u00f3mico. El programa de contenidos abarca temas fundamentales como son: el efecto econ\u00f3mico y social del MICE, la sostenibilidad, la Inteligencia Artificial, lo que valoran los clientes al elegir un recinto o un palacio de congresos, la gesti\u00f3n integral del marketing, la gesti\u00f3n y retenci\u00f3n del talento, el liderazgo o las compras y contrataciones como factor estrat\u00e9gico, as\u00ed como otros que afectan al presente y al futuro de la industria. Para ello, la agenda del encuentro se ha estructurado en diferentes ponencias y mesas de debate, que permitir\u00e1n a los asistentes el intercambio de buenas pr\u00e1cticas y experiencias, el dise\u00f1o de l\u00edneas estrat\u00e9gicas y acciones para fomentar el desarrollo de la actividad, as\u00ed como impulsar la optimizaci\u00f3n en la gesti\u00f3n y calidad de los servicios que presta el sector. Adem\u00e1s, el programa contempla espacios para el networking, la generaci\u00f3n de negocio y oportunidades de colaboraci\u00f3n, y un programa social, que comenz\u00f3 ayer, con una visita guiada al estadio San Mam\u00e9s y un coctel de bienvenida, que continuar\u00e1 hoy jueves con la cena oficial del congreso en el museo Guggenheim, y que seguir\u00e1 el viernes y s\u00e1bado con otras actividades para que los asistentes puedan descubrir y disfrutar de la ciudad anfitriona. En el marco de la cena oficial del congreso se har\u00e1 entrega de los premios AFE y APCE, que reconocen el m\u00e9rito y avalan la gesti\u00f3n de personas y entidades que contribuyen a dinamizar la actividad congresual y ferial.<\/p><p><strong>Ponentes expertos<\/strong><\/p><p>El congreso cuenta con la presencia de diferentes ponentes invitados y voces sectoriales de referencia, que dinamizar\u00e1n los contenidos del programa. As\u00ed, contar\u00e1 con la participaci\u00f3n de los m\u00e1ximos representantes de las entidades organizadoras, Sylvia Andr\u00e9s, presidenta de la Asociaci\u00f3n de Palacios de Congresos de Espa\u00f1a (APCE) y Xabier Basa\u00f1ez, presidente de la Asociaci\u00f3n de Ferias Espa\u00f1olas (AFE), junto a otros directivos de las empresas y organizaciones miembros de ambas asociaciones; y tambi\u00e9n destacados ponentes, como Kepa Olabarrieta, director de Bilbao Convention Bureau; Manuel Valero, economista del Servicio de Estudios de la C\u00e1mara de Comercio de Espa\u00f1a; Manuel Moreno, CEO de Fluge Barcelona; Oliver Wykes, COO de Wind Europe; Nick Dugdale-Moore, director regional de Europa de UFI (The Global Association of the Exhibition Industry); Jorge Garc\u00eda, director de Marketing y Comercial del Valencia C.F.; Pedo Pablo Ramos, formador y especialista en desarrollo de personas, equipos y organizaciones; o Amparo Garc\u00eda, COO de Zeus.<\/p><p>Participar\u00e1n asimismo Jos\u00e9 Domingo Mart\u00edn, director ejecutivo de la Sociedad Espa\u00f1ola de Radiolog\u00eda M\u00e9dica (SERAM); Ra\u00fal Quevedo, gerente de la Sociedad Espa\u00f1olas de Urolog\u00eda; Blanca Le\u00f3n, directora de Comunicaci\u00f3n y Relaciones Institucionales de la Asociaci\u00f3n para el Progreso de la Direcci\u00f3n; Pau Fern\u00e1ndez, Business Development Manager de AIM Group; Salvador Arag\u00f3n, Chief Innovation Officer y profesor de Innovaci\u00f3n de IE Business School; Javier Ll\u00e1cer, director de la Unidad de Servicios Tecnol\u00f3gicos del Instituto Tecnol\u00f3gico de Inform\u00e1tica (ITI); Jorge Sanz, Director Data Services de Integra Tecnolog\u00eda; Ra\u00fal Calleja, Events General Manager de SHOW2BE; y Gaizka Aseguinolaza, consejero ejecutivo de Grupo Iru\u00f1a. Patrocinios y apoyo institucional El evento est\u00e1 patrocinado por diferentes empresas e instituciones. En la categor\u00eda Platino: ASC\u00c9NDER, BOSCH, FLUGE Audiovisuales, Grupo MARVA, Montoro OR, Ondoan, On Site, S.L. y Panasonic Connect. En la categor\u00eda Oro: AURMAN, BIDICO, Extreme Networks, IberStand, Grupo Iru\u00f1a, Master Silla, Premium y Telesonic. En la categor\u00eda de colaboradores: CONTRASTE, Grupo Alse, Grupo Intermedio, IDOM, ISS, Kaiku Caf\u00e9 Latte y Xeria. Los media partners del evento son el Grupo Punto MICE y Eventoplus. Y el congreso cuenta asimismo con varios patrocinadores institucionales: el Gobierno Vasco, la Diputaci\u00f3n Foral de Bizkaia, el Ayuntamiento de Bilbao, el Ayuntamiento de Barakaldo y la C\u00e1mara de Comercio de Bilbao.<\/p><p><strong>Cifras del sector<\/strong><\/p><p>Por lo que concierne a la actividad del sector en 2023 podemos comentar las siguientes:<\/p><ul><li>N\u00famero total: Ferias 433, Congresos 375 y Convenciones 195.<\/li><li>Impacto econ\u00f3mico: 13.000 mill. de euros (producci\u00f3n directa, indirecta e inducida).<\/li><\/ul><p>La informaci\u00f3n del congreso est\u00e1 disponible en el sitio web\u00a0<a href=\"http:\/\/www.congresoafeapce.com\/\" data-cmp-ab=\"2\">www.congresoafeapce.com<\/a>\u00a0incluyendo el programa de contenidos, las actividades paralelas, formas de participaci\u00f3n, patrocinios e informaci\u00f3n pr\u00e1ctica, entre otras.<\/p><p>La\u00a0<strong>Asociaci\u00f3n de Palacios de Congresos de Espa\u00f1a<\/strong>\u00a0(APCE) se fund\u00f3 en 1995 para poner en marcha acciones comunes encaminadas a poner en valor la figura de los Palacios de Congresos como espacio f\u00edsico y estructura organizativa, que act\u00faa como eje vertebrador del turismo de congresos y reuniones en Espa\u00f1a. Igualmente, busca permitir el intercambio de experiencias e ideas, as\u00ed como elaborar propuestas y acuerdos con las administraciones. En la actualidad forman parte de la Asociaci\u00f3n 33 Palacios de Congresos.<\/p><p>La\u00a0<strong>Asociaci\u00f3n de Ferias Espa\u00f1olas<\/strong>\u00a0(AFE) es una entidad sin \u00e1nimo de lucro que se constituy\u00f3 en 1964, cuenta actualmente con 39 miembros asociados y representa al sector ferial en Espa\u00f1a y a nivel internacional. En materia de actividad ferial, Espa\u00f1a se encuentra entre los principales pa\u00edses de Europa, junto con Alemania, Francia, Italia y Reino Unido.<\/p><\/div><\/div><div class=\"elementor-element elementor-element-7cd2da9 elementor-widget elementor-widget-gallery\" data-id=\"7cd2da9\" data-element_type=\"widget\" data-settings=\"{&quot;columns&quot;:3,&quot;lazyload&quot;:&quot;yes&quot;,&quot;gallery_layout&quot;:&quot;grid&quot;,&quot;columns_tablet&quot;:2,&quot;columns_mobile&quot;:1,&quot;gap&quot;:{&quot;unit&quot;:&quot;px&quot;,&quot;size&quot;:10,&quot;sizes&quot;:[]},&quot;gap_tablet&quot;:{&quot;unit&quot;:&quot;px&quot;,&quot;size&quot;:10,&quot;sizes&quot;:[]},&quot;gap_mobile&quot;:{&quot;unit&quot;:&quot;px&quot;,&quot;size&quot;:10,&quot;sizes&quot;:[]},&quot;link_to&quot;:&quot;file&quot;,&quot;aspect_ratio&quot;:&quot;3:2&quot;,&quot;overlay_background&quot;:&quot;yes&quot;,&quot;content_hover_animation&quot;:&quot;fade-in&quot;}\" data-widget_type=\"gallery.default\"><div class=\"elementor-widget-container\"><div class=\"elementor-gallery__container e-gallery-container e-gallery-grid e-gallery--ltr e-gallery--lazyload\"><div class=\"e-gallery-image elementor-gallery-item__image e-gallery-image-loaded\" role=\"img\" data-thumbnail=\"https:\/\/easyfairsassets.com\/sites\/199\/2024\/07\/AFE-BEC-2-300x225.jpg\" data-width=\"300\" data-height=\"225\" aria-label=\"AFE BEC 2\">\u00a0<\/div><div class=\"elementor-gallery-item__overlay\">\u00a0<\/div><div class=\"e-gallery-image elementor-gallery-item__image e-gallery-image-loaded\" role=\"img\" data-thumbnail=\"https:\/\/easyfairsassets.com\/sites\/199\/2024\/07\/AFE-BEC-3-300x225.jpg\" data-width=\"300\" data-height=\"225\" aria-label=\"AFE BEC 3\">\u00a0<\/div><\/div><\/div><\/div>\t\t\t\t\t\t\t\t<\/div>\n\t\t\t\t<\/div>\n\t\t\t\t\t<\/div>\n\t\t<\/div>\n\t\t\t\t\t<\/div>\n\t\t<\/section>\n\t\t\t\t<section class=\"elementor-section elementor-inner-section elementor-element elementor-element-dd966a4 elementor-section-boxed elementor-section-height-default elementor-section-height-default\" data-id=\"dd966a4\" data-element_type=\"section\">\n\t\t\t\t\t\t<div class=\"elementor-container elementor-column-gap-no\">\n\t\t\t\t\t<div class=\"elementor-column elementor-col-100 elementor-inner-column elementor-element elementor-element-25add0d\" data-id=\"25add0d\" data-element_type=\"column\">\n\t\t\t<div class=\"elementor-widget-wrap\">\n\t\t\t\t\t\t\t<\/div>\n\t\t<\/div>\n\t\t\t\t\t<\/div>\n\t\t<\/section>\n\t\t\t\t\t<\/div>\n\t\t<\/div>\n\t\t\t\t\t<\/div>\n\t\t<\/section>\n\t\t\t\t<\/div>\n\t\t","protected":false},"excerpt":{"rendered":"<p>El segundo congreso conjunto de la Asociaci\u00f3n de Ferias Espa\u00f1olas (AFE) y de la Asociaci\u00f3n de Palacios de Congresos de Espa\u00f1a (APCE) se inaugura oficialmente hoy, jueves 4 de julio en Bilbao Exhibition Centre reafirmando el \u00e9xito de la colaboraci\u00f3n entre ambas asociaciones El evento tiene como objetivo destacar el impacto positivo de los congresos [&hellip;]<\/p>\n","protected":false},"author":118,"featured_media":372374,"comment_status":"open","ping_status":"open","sticky":false,"template":"","format":"standard","meta":{"_seopress_robots_primary_cat":"347","_seopress_titles_title":"EL II CONGRESO AFE-APCE COMIENZA HOY EN EL BEC CON M\u00c1S DE 200 PARTICIPANTES","_seopress_titles_desc":"El segundo congreso conjunto de la Asociaci\u00f3n de Ferias Espa\u00f1olas (AFE) y de la Asociaci\u00f3n de Palacios de Congresos de Espa\u00f1a (APCE) se inaugura oficialmente hoy, jueves 4 de julio en Bilbao Exhibition Centre reafirmando el \u00e9xito de la colaboraci\u00f3n entre ambas asociaciones","_seopress_robots_index":"","footnotes":""},"categories":[347],"tags":[1683,3295,3296,1951,2745],"edition":[],"class_list":["post-372142","post","type-post","status-publish","format-standard","has-post-thumbnail","hentry","category-notas-de-prensa","tag-afe","tag-apce","tag-bec","tag-congreso","tag-eventos"],"_links":{"self":[{"href":"https:\/\/www.advancedmanufacturingmadrid.com\/es\/wp-json\/wp\/v2\/posts\/372142","targetHints":{"allow":["GET"]}}],"collection":[{"href":"https:\/\/www.advancedmanufacturingmadrid.com\/es\/wp-json\/wp\/v2\/posts"}],"about":[{"href":"https:\/\/www.advancedmanufacturingmadrid.com\/es\/wp-json\/wp\/v2\/types\/post"}],"author":[{"embeddable":true,"href":"https:\/\/www.advancedmanufacturingmadrid.com\/es\/wp-json\/wp\/v2\/users\/118"}],"replies":[{"embeddable":true,"href":"https:\/\/www.advancedmanufacturingmadrid.com\/es\/wp-json\/wp\/v2\/comments?post=372142"}],"version-history":[{"count":5,"href":"https:\/\/www.advancedmanufacturingmadrid.com\/es\/wp-json\/wp\/v2\/posts\/372142\/revisions"}],"predecessor-version":[{"id":372447,"href":"https:\/\/www.advancedmanufacturingmadrid.com\/es\/wp-json\/wp\/v2\/posts\/372142\/revisions\/372447"}],"wp:featuredmedia":[{"embeddable":true,"href":"https:\/\/www.advancedmanufacturingmadrid.com\/es\/wp-json\/wp\/v2\/media\/372374"}],"wp:attachment":[{"href":"https:\/\/www.advancedmanufacturingmadrid.com\/es\/wp-json\/wp\/v2\/media?parent=372142"}],"wp:term":[{"taxonomy":"category","embeddable":true,"href":"https:\/\/www.advancedmanufacturingmadrid.com\/es\/wp-json\/wp\/v2\/categories?post=372142"},{"taxonomy":"post_tag","embeddable":true,"href":"https:\/\/www.advancedmanufacturingmadrid.com\/es\/wp-json\/wp\/v2\/tags?post=372142"},{"taxonomy":"edition","embeddable":true,"href":"https:\/\/www.advancedmanufacturingmadrid.com\/es\/wp-json\/wp\/v2\/edition?post=372142"}],"curies":[{"name":"wp","href":"https:\/\/api.w.org\/{rel}","templated":true}]}}