{"id":373909,"date":"2024-07-17T12:12:11","date_gmt":"2024-07-17T10:12:11","guid":{"rendered":"https:\/\/www.advancedmanufacturingmadrid.com\/?p=373909"},"modified":"2024-07-17T12:33:39","modified_gmt":"2024-07-17T10:33:39","slug":"advanced-manufacturing-madrid-desvela-todas-las-novedades-de-su-16a-edicion","status":"publish","type":"post","link":"https:\/\/www.advancedmanufacturingmadrid.com\/es\/2024\/07\/17\/advanced-manufacturing-madrid-desvela-todas-las-novedades-de-su-16a-edicion\/","title":{"rendered":"Advanced Manufacturing Madrid desvela todas las novedades de su 16\u00aa edici\u00f3n"},"content":{"rendered":"\t\t<div data-elementor-type=\"wp-post\" data-elementor-id=\"373909\" class=\"elementor elementor-373909\" data-elementor-post-type=\"post\">\n\t\t\t\t\t\t<section class=\"elementor-section elementor-top-section elementor-element elementor-element-5581984 elementor-section-boxed elementor-section-height-default elementor-section-height-default\" data-id=\"5581984\" data-element_type=\"section\">\n\t\t\t\t\t\t<div class=\"elementor-container elementor-column-gap-default\">\n\t\t\t\t\t<div class=\"elementor-column elementor-col-100 elementor-top-column elementor-element elementor-element-18eb377\" data-id=\"18eb377\" data-element_type=\"column\">\n\t\t\t<div class=\"elementor-widget-wrap elementor-element-populated\">\n\t\t\t\t\t\t<div class=\"elementor-element elementor-element-780d446 elementor-widget elementor-widget-theme-post-title elementor-page-title elementor-widget-heading\" data-id=\"780d446\" data-element_type=\"widget\" data-widget_type=\"theme-post-title.default\">\n\t\t\t\t<div class=\"elementor-widget-container\">\n\t\t\t\t\t<h1 class=\"elementor-heading-title elementor-size-default\">Advanced Manufacturing Madrid desvela todas las novedades de su 16\u00aa edici\u00f3n<\/h1>\t\t\t\t<\/div>\n\t\t\t\t<\/div>\n\t\t\t\t<section class=\"elementor-section elementor-inner-section elementor-element elementor-element-6bd3592 elementor-section-boxed elementor-section-height-default elementor-section-height-default\" data-id=\"6bd3592\" data-element_type=\"section\">\n\t\t\t\t\t\t<div class=\"elementor-container elementor-column-gap-default\">\n\t\t\t\t\t<div class=\"elementor-column elementor-col-100 elementor-inner-column elementor-element elementor-element-137e706\" data-id=\"137e706\" data-element_type=\"column\">\n\t\t\t<div class=\"elementor-widget-wrap elementor-element-populated\">\n\t\t\t\t\t\t<div class=\"elementor-element elementor-element-a03c104 elementor-widget elementor-widget-text-editor\" data-id=\"a03c104\" data-element_type=\"widget\" data-widget_type=\"text-editor.default\">\n\t\t\t\t<div class=\"elementor-widget-container\">\n\t\t\t\t\t\t\t\t\t<ul><li><b>Entre los puntos fuertes y m\u00e1s novedosos de este a\u00f1o, la feria organizada por Easyfairs crea el Tech Forum, un espacio destinado a las \u00faltimas tendencias en innovaci\u00f3n tecnol\u00f3gica para la cadena de suministro, con demostraciones de maquinaria en funcionamiento y las ponencias m\u00e1s inspiradoras.\u00a0<\/b><\/li><li><b>Tambi\u00e9n por primera vez, la feria acoger\u00e1 el congreso Universidad Pyme, enfocado a la digitalizaci\u00f3n de las peque\u00f1as y medianas empresas del sector metal, impulsado por FUNDAE.\u00a0<\/b><\/li><li><b>Por \u00faltimo, regresar\u00e1n los contenidos m\u00e1s populares de MetalMadrid, Composites y Robom\u00e1tica: el TECH CONGRESS 4.0, con un nuevo programa de conferencias protagonizadas por expertos y empresas; los Innovations Tours, para mostrar las soluciones m\u00e1s prometedoras de la industria; el Composites \u00c1gora, un espacio exclusivo para los materiales avanzados y compuestos, as\u00ed como la esperada gala de los Advanced Manufacturing Awards.<\/b><\/li><\/ul>\t\t\t\t\t\t\t\t<\/div>\n\t\t\t\t<\/div>\n\t\t\t\t<div class=\"elementor-element elementor-element-1246ef6 elementor-widget elementor-widget-button\" data-id=\"1246ef6\" data-element_type=\"widget\" data-widget_type=\"button.default\">\n\t\t\t\t<div class=\"elementor-widget-container\">\n\t\t\t\t\t\t\t\t\t<div class=\"elementor-button-wrapper\">\n\t\t\t\t\t<a class=\"elementor-button elementor-button-link elementor-size-sm\" href=\"https:\/\/www.advancedmanufacturingmadrid.com\/es\/?utm_source=referral&#038;utm_medium=media-partner&#038;utm_campaign=NdP&#038;utm_content=lanzamiento-registro&#038;utm_term=AMM24&#038;actioncode=122\">\n\t\t\t\t\t\t<span class=\"elementor-button-content-wrapper\">\n\t\t\t\t\t\t\t\t\t<span class=\"elementor-button-text\">Reg\u00edstrate<\/span>\n\t\t\t\t\t<\/span>\n\t\t\t\t\t<\/a>\n\t\t\t\t<\/div>\n\t\t\t\t\t\t\t\t<\/div>\n\t\t\t\t<\/div>\n\t\t\t\t<div class=\"elementor-element elementor-element-462d40c elementor-widget elementor-widget-spacer\" data-id=\"462d40c\" data-element_type=\"widget\" data-widget_type=\"spacer.default\">\n\t\t\t\t<div class=\"elementor-widget-container\">\n\t\t\t\t\t\t\t<div class=\"elementor-spacer\">\n\t\t\t<div class=\"elementor-spacer-inner\"><\/div>\n\t\t<\/div>\n\t\t\t\t\t\t<\/div>\n\t\t\t\t<\/div>\n\t\t\t\t\t<\/div>\n\t\t<\/div>\n\t\t\t\t\t<\/div>\n\t\t<\/section>\n\t\t\t\t<section class=\"elementor-section elementor-inner-section elementor-element elementor-element-72007db elementor-section-boxed elementor-section-height-default elementor-section-height-default\" data-id=\"72007db\" data-element_type=\"section\">\n\t\t\t\t\t\t<div class=\"elementor-container elementor-column-gap-default\">\n\t\t\t\t\t<div class=\"elementor-column elementor-col-100 elementor-inner-column elementor-element elementor-element-43442eb\" data-id=\"43442eb\" data-element_type=\"column\">\n\t\t\t<div class=\"elementor-widget-wrap elementor-element-populated\">\n\t\t\t\t\t\t<div class=\"elementor-element elementor-element-00de1ac elementor-widget elementor-widget-post-info\" data-id=\"00de1ac\" data-element_type=\"widget\" data-widget_type=\"post-info.default\">\n\t\t\t\t<div class=\"elementor-widget-container\">\n\t\t\t\t\t\t\t<ul class=\"elementor-inline-items elementor-icon-list-items elementor-post-info\">\n\t\t\t\t\t\t\t\t<li class=\"elementor-icon-list-item elementor-repeater-item-e3c1486 elementor-inline-item\" itemprop=\"datePublished\">\n\t\t\t\t\t\t<a href=\"https:\/\/www.advancedmanufacturingmadrid.com\/es\/2024\/07\/17\/\">\n\t\t\t\t\t\t\t\t\t\t\t<span class=\"elementor-icon-list-icon\">\n\t\t\t\t\t\t\t\t<i aria-hidden=\"true\" class=\"fas fa-calendar\"><\/i>\t\t\t\t\t\t\t<\/span>\n\t\t\t\t\t\t\t\t\t<span class=\"elementor-icon-list-text elementor-post-info__item elementor-post-info__item--type-date\">\n\t\t\t\t\t\t\t\t\t\t<time>julio 17, 2024<\/time>\t\t\t\t\t<\/span>\n\t\t\t\t\t\t\t\t\t<\/a>\n\t\t\t\t<\/li>\n\t\t\t\t<\/ul>\n\t\t\t\t\t\t<\/div>\n\t\t\t\t<\/div>\n\t\t\t\t\t<\/div>\n\t\t<\/div>\n\t\t\t\t\t<\/div>\n\t\t<\/section>\n\t\t\t\t<section class=\"elementor-section elementor-inner-section elementor-element elementor-element-249fae3 elementor-section-boxed elementor-section-height-default elementor-section-height-default\" data-id=\"249fae3\" data-element_type=\"section\">\n\t\t\t\t\t\t<div class=\"elementor-container elementor-column-gap-default\">\n\t\t\t\t\t<div class=\"elementor-column elementor-col-100 elementor-inner-column elementor-element elementor-element-fe9adc3\" data-id=\"fe9adc3\" data-element_type=\"column\">\n\t\t\t<div class=\"elementor-widget-wrap elementor-element-populated\">\n\t\t\t\t\t\t<div class=\"elementor-element elementor-element-8187850 elementor-widget elementor-widget-image\" data-id=\"8187850\" data-element_type=\"widget\" data-widget_type=\"image.default\">\n\t\t\t\t<div class=\"elementor-widget-container\">\n\t\t\t\t\t\t\t\t\t\t\t\t\t\t\t<img fetchpriority=\"high\" decoding=\"async\" width=\"800\" height=\"534\" src=\"https:\/\/easyfairsassets.com\/sites\/79\/2024\/07\/Foto_Easyfairs_Apertura-1024x683.jpg\" class=\"attachment-large size-large wp-image-373910\" alt=\"Advanced Manufacturing Madrid\" srcset=\"https:\/\/easyfairsassets.com\/sites\/79\/2024\/07\/Foto_Easyfairs_Apertura-1024x683.jpg 1024w, https:\/\/easyfairsassets.com\/sites\/79\/2024\/07\/Foto_Easyfairs_Apertura-300x200.jpg 300w, https:\/\/easyfairsassets.com\/sites\/79\/2024\/07\/Foto_Easyfairs_Apertura-768x512.jpg 768w, https:\/\/easyfairsassets.com\/sites\/79\/2024\/07\/Foto_Easyfairs_Apertura-1536x1024.jpg 1536w, https:\/\/easyfairsassets.com\/sites\/79\/2024\/07\/Foto_Easyfairs_Apertura.jpg 1920w\" sizes=\"(max-width: 800px) 100vw, 800px\" \/>\t\t\t\t\t\t\t\t\t\t\t\t\t\t\t<\/div>\n\t\t\t\t<\/div>\n\t\t\t\t<div class=\"elementor-element elementor-element-0b06f4f elementor-widget elementor-widget-text-editor\" data-id=\"0b06f4f\" data-element_type=\"widget\" data-widget_type=\"text-editor.default\">\n\t\t\t\t<div class=\"elementor-widget-container\">\n\t\t\t\t\t\t\t\t\t<div data-id=\"60127de\" data-element_type=\"widget\" data-widget_type=\"text-editor.default\">\n<div>\n<p>Comienza la cuenta atr\u00e1s para la 16\u00aa edici\u00f3n de Advanced Manufacturing Madrid, la feria l\u00edder del sector industrial organizada por Easyfairs, que este a\u00f1o regresa el 20 y 21 de noviembre a IFEMA cargada de muchas novedades. Con una pasada edici\u00f3n en la que alcanz\u00f3 la cifra de 13.475 visitantes \u00fanicos, la m\u00e1s alta de su historia, ahora vuelve a abrir sus puertas con una nueva entrega en la que reunir\u00e1 a m\u00e1s de 600 empresas expositoras.&nbsp;<\/p>\n<p>Con el objetivo de ofrecer a las compa\u00f1\u00edas y profesionales un espacio clave para el negocio y la transferencia de conocimientos, el evento ampl\u00eda los contenidos en sus tres \u00e1reas tem\u00e1ticas: MetalMadrid, Composites y Robom\u00e1tica Madrid. Adem\u00e1s de la zona expositiva que reunir\u00e1 a las empresas m\u00e1s destacadas de estos sectores para mostrar sus novedades, Advanced Manufacturing Madrid vuelve con un programa de ponencias y actividades que podr\u00e1n disfrutar todos los asistentes con temas protagonistas como la rob\u00f3tica y automatizaci\u00f3n, la Inteligencia Artificial (IA), la sostenibilidad, los gemelos digitales o la metalurgia.&nbsp;&nbsp;<\/p>\n<p>Tambi\u00e9n volver\u00e1 el TECH CONGRESS con un total de cuatro salas para la formaci\u00f3n. Junto con la Sala Schaeffler o el Composites \u00c1gora, se sumar\u00e1n nuevas salas como el Congreso Universidad Pyme por FUNDAE enfocado a impulsar la innovaci\u00f3n tecnol\u00f3gica y la digitalizaci\u00f3n de las peque\u00f1as y medianas empresas, o el Tech Forum, un foro completamente dedicado a las nuevas tecnolog\u00edas para la cadena de suministro, con maquinaria en vivo, as\u00ed como conferencias impartidas por referentes de la industria.&nbsp;<\/p>\n<p><b style=\"color: var( --e-global-color-text ); font-family: var( --e-global-typography-text-font-family ), Sans-serif; font-size: var( --e-global-typography-text-font-size );\">&nbsp;<\/b><\/p>\n<p><b style=\"color: var( --e-global-color-text ); font-family: var( --e-global-typography-text-font-family ), Sans-serif; font-size: var( --e-global-typography-text-font-size );\">Tech Forum<\/b><span style=\"color: var( --e-global-color-text ); font-family: var( --e-global-typography-text-font-family ), Sans-serif; font-size: var( --e-global-typography-text-font-size ); font-weight: var( --e-global-typography-text-font-weight );\">: creando una industria a la vanguardia tecnol\u00f3gica&nbsp;<\/span><\/p>\n<p>La integraci\u00f3n de soluciones tecnol\u00f3gicas dentro de la cadena de suministro ha demostrado tener un impacto realmente potencial sobre la competitividad y eficiencia industrial, trazando el que ser\u00e1 un futuro prometedor para el sector. Conscientes del crecimiento de la demanda profesional en nuevas tecnolog\u00edas, Advanced Manufacturing MadridEasyfairs acoger\u00e1 por primera vez un espacio dedicado a las \u00faltimas tendencias en rob\u00f3tica y digitalizaci\u00f3n, donde los visitantes podr\u00e1n interactuar y aprender c\u00f3mo las tecnolog\u00edas y los m\u00e9todos apoyan a la mejora de la eficiencia, productividad y ergonom\u00eda en la operativa global.&nbsp;<\/p>\n<p>El Tech Forum, patrocinado por Dassault Syst\u00e8mes y organizado junto con Global Lean, ofrecer\u00e1 durante las dos jornadas de feria una zona de demostraciones con tecnolog\u00eda, as\u00ed como otra sala para la transferencia de conocimientos en nuevos procesos. Todo ello permitir\u00e1 a los visitantes observar c\u00f3mo la automatizaci\u00f3n y la rob\u00f3tica colaborativa act\u00faan en todas las fases de la cadena de suministro, desde el mecanizado de la pieza, pasando por el modelado, hasta el testeo de su calidad. Adem\u00e1s, en esta \u00e1rea tendr\u00e1 lugar el I Foro de Excelencia Operacional Sector automoci\u00f3n, integrando a los suministradores con los actores de la cadena de suministro global.&nbsp;<\/p><p><br><\/p>\n<p><\/p>\n<\/div>\n<p><b>Universidad Pyme<\/b>: oportunidades para la digitalizaci\u00f3n empresarial del metal&nbsp;<\/p>\n<p>Este a\u00f1o, AMM ser\u00e1 el escenario de la reconocida Universidad Pyme organizada por FUNDAE (Fundaci\u00f3n Estatal para la Formaci\u00f3n en el Empleo), d\u00f3nde los aut\u00f3nomos y emprendedores podr\u00e1n formarse en competencias para la digitalizaci\u00f3n de las peque\u00f1as y medianas empresas del sector del metal. Durante los dos d\u00edas de feria, este espacio ofrecer\u00e1 diferentes charlas con contenidos formativos para inspirar y fomentar el intercambio de conocimientos y sinergias entre los profesionales de las pymes.&nbsp;<\/p><p><br><\/p>\n<p><\/p>\n<p><b>TECH CONGRESS 4.0<\/b>: la cita por excelencia con el futuro de la industria&nbsp;<\/p>\n<p>C\u00f3mo cada a\u00f1o, Advanced Manufacturing organiza el TECH CONGRESS con el fin de transmitir las \u00faltimas tendencias, retos y novedades del sector manufacturero, as\u00ed como casos de \u00e9xito a trav\u00e9s de mesas redondas y ponencias protagonizadas por empresas punteras, como HispaRob, CT Ingenieros o Schaeffler. En esta edici\u00f3n no faltar\u00e1n los espacios de discusi\u00f3n protagonizados por la automoci\u00f3n, IA, sostenibilidad, rob\u00f3tica y automatizaci\u00f3n, tratamiento de superficies, metalurgia, eficiencia energ\u00e9tica, gemelos digitales e industria conectada, entre muchos m\u00e1s que se ir\u00e1n desvelando en los pr\u00f3ximos meses.&nbsp;<\/p>\n<p>La <b>Sala Schaeffler<\/b>, el gran auditorio de AMM 2024 enmarcado en el congreso, ser\u00e1 el escenario que acoger\u00e1 la Keynote Session, la ponencia central del evento, que este a\u00f1o ser\u00e1 impartida por una de las voces referentes en el terreno de las nuevas tecnolog\u00edas, Silvia Leal. Adem\u00e1s, en este auditorio se celebrar\u00e1 la Jornada con AIAS (Asociaci\u00f3n de Industrias de Acabados de Superficies) protagonizada por contenidos como los smart materials aplicados al sector ferroviario, con casos de \u00e9xito encabezados por OEMs e integradores, entre otras empresas y sectores.&nbsp;<\/p>\n<p><b>Composites \u00c1gora<\/b> re\u00fane el talento industrial de los materiales compuestos de Espa\u00f1a&nbsp;<\/p>\n<p>Advanced Manufacturing Madrid, a trav\u00e9s de Composites Madrid, es la \u00fanica feria de nuestro pa\u00eds dedicada a los materiales compuestos y sus aplicaciones. Dentro de esta, la Sala Composites \u00c1gora constituir\u00e1 un espacio expositivo, de networking y de conferencias, que pondr\u00e1 al alcance de todos los visitantes la innovaci\u00f3n de la industria de los materiales compuestos.<\/p>\n<p>El primer d\u00eda contar\u00e1 con varias mesas redondas y charlas, como la protagonizada por Enrique Garc\u00eda, responsable del departamento tecnol\u00f3gico del Centro Nacional de Composites de Reino Unido, as\u00ed como la participaci\u00f3n en el programa expositivo de la asociaci\u00f3n SAMPE Europe, entre muchas m\u00e1s empresas y asociaciones que se ir\u00e1n conociendo. Adem\u00e1s, el segundo d\u00eda del evento tendr\u00e1 lugar la 5\u00aa Edici\u00f3n de la Jornada de Materiales Compuestos, organizada por AEMAC, la Asociaci\u00f3n Espa\u00f1ola de Materias Compuestos.&nbsp;<\/p>\n<p><b>Innovation Tours y Lives! Demo Machinery<\/b>: las soluciones m\u00e1s prometedoras del mercado&nbsp;<\/p>\n<p>En esta edici\u00f3n vuelven los Innovation Tours que mostrar\u00e1n a los asistentes las tecnolog\u00edas y productos m\u00e1s innovadores de su sector presentados y explicados por las compa\u00f1\u00edas nominadas en los Advanced Manufacturing Awards, los premios a la excelencia industrial organizados por Easyfairs. Esta edici\u00f3n tendr\u00e1 rutas tem\u00e1ticas en sostenibilidad, composites y materiales, industria conectada, automatizaci\u00f3n y rob\u00f3tica, y novedades en producci\u00f3n y acabado. Adem\u00e1s, los asistentes tambi\u00e9n podr\u00e1n participar en los Lives! Demo Machinery, para descubrir toda la m\u00e1quina-herramienta en movimiento del evento.&nbsp;<\/p>\n<p>Entrega de los <b>Advanced Manufacturing Awards<\/b>&nbsp;<\/p>\n<p>La esperada ceremonia de los Advanced Manufacturing Awards, patrocinada por Emka, dar\u00e1 a conocer en directo a los ganadores de sus siete categor\u00edas durante la primera tarde de la feria. Asimismo, Easyfairs organizar\u00e1 una exposici\u00f3n central con todos proyectos nominados de la edici\u00f3n, para inspirar al p\u00fablico con el talento y la innovaci\u00f3n desarrollados por las empresas participantes.&nbsp;<\/p>\n<p><\/p>\n<p><b>Link registro Advanced Manufacturing Madrid:&nbsp;<\/b><\/p>\n<p><a style=\"font-weight: var( --e-global-typography-text-font-weight ); background-color: #ffffff;\" href=\"https:\/\/www.advancedmanufacturingmadrid.com\/es\/?utm_source=referral&amp;utm_medium=media-partner&amp;utm_campaign=NdP&amp;utm_content=lanzamiento-registro&amp;utm_term=AMM24&amp;actioncode=122\" target=\"_blank\" rel=\"noopener\" data-cmp-ab=\"2\">https:\/\/www.advancedmanufacturingmadrid.com\/es\/<\/a><\/p>\n<div>\n<div>&nbsp;<\/div>\n<div><br><\/div>\n<div><br><\/div>\n<\/div>\n<\/div>\n<div data-id=\"60127de\" data-element_type=\"widget\" data-widget_type=\"text-editor.default\"><b>Sobre Easyfairs&nbsp;&nbsp;<\/b><\/div>\n<div data-id=\"60127de\" data-element_type=\"widget\" data-widget_type=\"text-editor.default\">&nbsp;<\/div>\n<div data-id=\"60127de\" data-element_type=\"widget\" data-widget_type=\"text-editor.default\">Easyfairs organiza eventos siendo puntos de encuentro para las comunidades que deseen visitar el futuro.&nbsp;<\/div>\n<div data-id=\"60127de\" data-element_type=\"widget\" data-widget_type=\"text-editor.default\">&nbsp;<\/div>\n<div data-id=\"60127de\" data-element_type=\"widget\" data-widget_type=\"text-editor.default\">Actualmente organizamos 110 eventos presenciales en 12 pa\u00edses (Argelia, B\u00e9lgica, Finlandia, Francia, Alemania, Italia, Pa\u00edses Bajos, Portugal, Espa\u00f1a, Suecia, Suiza y Reino Unido) y gestionamos ocho recintos feriales en B\u00e9lgica, Holanda y Suecia (Amberes, Gante, Malinas-Bruselas Norte, Namur, Gorinchem, Hardenberg, Malm\u00f6 y Estocolmo).&nbsp;<\/div>\n<div data-id=\"60127de\" data-element_type=\"widget\" data-widget_type=\"text-editor.default\">&nbsp;<\/div>\n<div data-id=\"60127de\" data-element_type=\"widget\" data-widget_type=\"text-editor.default\">Nos apasiona \u00abfacilitar\u00bb la vida de nuestros clientes y aumentar el retorno de su inversi\u00f3n y de su tiempo a trav\u00e9s de nuestras f\u00f3rmulas integrales (all-in), tecnolog\u00eda avanzada y estrategia centrada en el cliente. Nuestra oferta digital adem\u00e1s ofrece a estas comunidades excelentes oportunidades para establecer contactos de manera efectiva y hacer negocios durante todo el a\u00f1o.&nbsp; &nbsp;<\/div>\n<div data-id=\"60127de\" data-element_type=\"widget\" data-widget_type=\"text-editor.default\">&nbsp;<\/div>\n<div data-id=\"60127de\" data-element_type=\"widget\" data-widget_type=\"text-editor.default\">El Grupo Easyfairs emplea a m\u00e1s de 800 talentos altamente comprometidos, implementa las mejores herramientas de marketing y tecnolog\u00eda y desarrolla marcas con un fuerte atractivo para nuestros stakeholders.&nbsp;<\/div>\n<div data-id=\"60127de\" data-element_type=\"widget\" data-widget_type=\"text-editor.default\">&nbsp;<\/div>\n<div data-id=\"60127de\" data-element_type=\"widget\" data-widget_type=\"text-editor.default\">Por sexto a\u00f1o consecutivo, en 2024, Deloitte otorg\u00f3 nuevamente a Easyfairs el estatus de \u201cBest Managed Company\u201d.&nbsp;<\/div>\n<div data-id=\"60127de\" data-element_type=\"widget\" data-widget_type=\"text-editor.default\">&nbsp;<\/div>\n<div data-id=\"60127de\" data-element_type=\"widget\" data-widget_type=\"text-editor.default\">Estamos orgullosos de figurar como el 11\u00ba organizador de ferias del mundo, seg\u00fan la clasificaci\u00f3n anual realizada por STAX Consulting.&nbsp;<\/div>\n<div data-id=\"60127de\" data-element_type=\"widget\" data-widget_type=\"text-editor.default\">&nbsp;<\/div>\n<div data-id=\"60127de\" data-element_type=\"widget\" data-widget_type=\"text-editor.default\">Visita el futuro con Easyfairs y consulta m\u00e1s informaci\u00f3n en&nbsp;<a href=\"http:\/\/www.easyfairsgroup.com\" target=\"_blank\">www.easyfairsgroup.com<\/a>.&nbsp;<\/div>\n<div data-id=\"60127de\" data-element_type=\"widget\" data-widget_type=\"text-editor.default\">&nbsp;<\/div>\n<div data-id=\"60127de\" data-element_type=\"widget\" data-widget_type=\"text-editor.default\">&nbsp;<\/div>\n<div data-id=\"60127de\" data-element_type=\"widget\" data-widget_type=\"text-editor.default\">&nbsp;<\/div>\n<div data-id=\"60127de\" data-element_type=\"widget\" data-widget_type=\"text-editor.default\"><b>Para m\u00e1s informaci\u00f3n, por favor contacta con:&nbsp;<\/b><\/div>\n<div data-id=\"60127de\" data-element_type=\"widget\" data-widget_type=\"text-editor.default\">&nbsp;<\/div>\n<div data-id=\"60127de\" data-element_type=\"widget\" data-widget_type=\"text-editor.default\">evercom, agencia de comunicaci\u00f3n de Easyfairs&nbsp;<\/div>\n<div data-id=\"60127de\" data-element_type=\"widget\" data-widget_type=\"text-editor.default\">&nbsp;<\/div>\n<div data-id=\"60127de\" data-element_type=\"widget\" data-widget_type=\"text-editor.default\">Javier Mart\u00ednez&nbsp;<\/div>\n<div data-id=\"60127de\" data-element_type=\"widget\" data-widget_type=\"text-editor.default\">&nbsp;<\/div>\n<div data-id=\"60127de\" data-element_type=\"widget\" data-widget_type=\"text-editor.default\"><a href=\"mailto:javier.martinez@evercom.es\" target=\"_blank\" data-cmp-ab=\"2\">javier.martinez@evercom.es&nbsp;<\/a><br><\/div>\n<div data-id=\"60127de\" data-element_type=\"widget\" data-widget_type=\"text-editor.default\">&nbsp;<\/div>\n<div data-id=\"60127de\" data-element_type=\"widget\" data-widget_type=\"text-editor.default\">Selena Badenas&nbsp;<\/div>\n<div data-id=\"60127de\" data-element_type=\"widget\" data-widget_type=\"text-editor.default\">&nbsp;<\/div>\n<div data-id=\"60127de\" data-element_type=\"widget\" data-widget_type=\"text-editor.default\">s<a href=\"mailto:selena.badenas@evercom.es\" target=\"_blank\" data-cmp-ab=\"2\">elena.badenas@evercom.es<\/a>&nbsp;&nbsp;<\/div>\n<div data-id=\"60127de\" data-element_type=\"widget\" data-widget_type=\"text-editor.default\">&nbsp;<\/div>\n<div data-id=\"60127de\" data-element_type=\"widget\" data-widget_type=\"text-editor.default\">Nacho G\u00f3mez&nbsp;<\/div>\n<div data-id=\"60127de\" data-element_type=\"widget\" data-widget_type=\"text-editor.default\">&nbsp;<\/div>\n<div data-id=\"60127de\" data-element_type=\"widget\" data-widget_type=\"text-editor.default\"><a href=\"mailto:ignacio.gomez@evercom.es\" target=\"_blank\" style=\"font-weight: var( --e-global-typography-text-font-weight ); background-color: rgb(255, 255, 255);\">ignacio.gomez@evercom.es<\/a>&nbsp;&nbsp;<\/div>\n<div data-id=\"60127de\" data-element_type=\"widget\" data-widget_type=\"text-editor.default\">&nbsp;<\/div>\n<div data-id=\"60127de\" data-element_type=\"widget\" data-widget_type=\"text-editor.default\">Tel. +34 915 77 92 72&nbsp;<\/div>\t\t\t\t\t\t\t\t<\/div>\n\t\t\t\t<\/div>\n\t\t\t\t\t<\/div>\n\t\t<\/div>\n\t\t\t\t\t<\/div>\n\t\t<\/section>\n\t\t\t\t\t<\/div>\n\t\t<\/div>\n\t\t\t\t\t<\/div>\n\t\t<\/section>\n\t\t\t\t<\/div>\n\t\t","protected":false},"excerpt":{"rendered":"<p>Entre los puntos fuertes y m\u00e1s novedosos de este a\u00f1o, la feria organizada por Easyfairs crea el Tech Forum, un espacio destinado a las \u00faltimas tendencias en innovaci\u00f3n tecnol\u00f3gica para la cadena de suministro, con demostraciones de maquinaria en funcionamiento y las ponencias m\u00e1s inspiradoras.\u00a0 Tambi\u00e9n por primera vez, la feria acoger\u00e1 el congreso Universidad [&hellip;]<\/p>\n","protected":false},"author":103,"featured_media":373910,"comment_status":"open","ping_status":"open","sticky":false,"template":"","format":"standard","meta":{"_seopress_robots_primary_cat":"347","_seopress_titles_title":"Advanced Manufacturing Madrid desvela todas las novedades de su 16\u00aa edici\u00f3n","_seopress_titles_desc":"Comienza la cuenta atr\u00e1s para la 16\u00aa edici\u00f3n de Advanced Manufacturing Madrid, la feria l\u00edder del sector industrial organizada por Easyfairs, que este a\u00f1o regresa el 20 y 21 de noviembre a IFEMA cargada de muchas novedades.","_seopress_robots_index":"","footnotes":""},"categories":[347],"tags":[1654,1478,1951,2745,538,1655],"edition":[],"class_list":["post-373909","post","type-post","status-publish","format-standard","has-post-thumbnail","hentry","category-notas-de-prensa","tag-advanced-manufacturing","tag-composites","tag-congreso","tag-eventos","tag-metalmadrid-2","tag-robomatica"],"_links":{"self":[{"href":"https:\/\/www.advancedmanufacturingmadrid.com\/es\/wp-json\/wp\/v2\/posts\/373909","targetHints":{"allow":["GET"]}}],"collection":[{"href":"https:\/\/www.advancedmanufacturingmadrid.com\/es\/wp-json\/wp\/v2\/posts"}],"about":[{"href":"https:\/\/www.advancedmanufacturingmadrid.com\/es\/wp-json\/wp\/v2\/types\/post"}],"author":[{"embeddable":true,"href":"https:\/\/www.advancedmanufacturingmadrid.com\/es\/wp-json\/wp\/v2\/users\/103"}],"replies":[{"embeddable":true,"href":"https:\/\/www.advancedmanufacturingmadrid.com\/es\/wp-json\/wp\/v2\/comments?post=373909"}],"version-history":[{"count":5,"href":"https:\/\/www.advancedmanufacturingmadrid.com\/es\/wp-json\/wp\/v2\/posts\/373909\/revisions"}],"predecessor-version":[{"id":373920,"href":"https:\/\/www.advancedmanufacturingmadrid.com\/es\/wp-json\/wp\/v2\/posts\/373909\/revisions\/373920"}],"wp:featuredmedia":[{"embeddable":true,"href":"https:\/\/www.advancedmanufacturingmadrid.com\/es\/wp-json\/wp\/v2\/media\/373910"}],"wp:attachment":[{"href":"https:\/\/www.advancedmanufacturingmadrid.com\/es\/wp-json\/wp\/v2\/media?parent=373909"}],"wp:term":[{"taxonomy":"category","embeddable":true,"href":"https:\/\/www.advancedmanufacturingmadrid.com\/es\/wp-json\/wp\/v2\/categories?post=373909"},{"taxonomy":"post_tag","embeddable":true,"href":"https:\/\/www.advancedmanufacturingmadrid.com\/es\/wp-json\/wp\/v2\/tags?post=373909"},{"taxonomy":"edition","embeddable":true,"href":"https:\/\/www.advancedmanufacturingmadrid.com\/es\/wp-json\/wp\/v2\/edition?post=373909"}],"curies":[{"name":"wp","href":"https:\/\/api.w.org\/{rel}","templated":true}]}}