{"id":404525,"date":"2024-10-28T08:29:16","date_gmt":"2024-10-28T07:29:16","guid":{"rendered":"https:\/\/www.advancedmanufacturingmadrid.com\/?p=404525"},"modified":"2024-11-08T10:19:15","modified_gmt":"2024-11-08T09:19:15","slug":"advanced-manufacturing-madrid-aumenta-un-67-las-empresas-expositoras-del-sector-de-los-composites","status":"publish","type":"post","link":"https:\/\/www.advancedmanufacturingmadrid.com\/es\/2024\/10\/28\/advanced-manufacturing-madrid-aumenta-un-67-las-empresas-expositoras-del-sector-de-los-composites\/","title":{"rendered":"Advanced Manufacturing Madrid aumenta un 67% las empresas expositoras del sector de los composites"},"content":{"rendered":"\t\t<div data-elementor-type=\"wp-post\" data-elementor-id=\"404525\" class=\"elementor elementor-404525\" data-elementor-post-type=\"post\">\n\t\t\t\t\t\t<section class=\"elementor-section elementor-top-section elementor-element elementor-element-5581984 elementor-section-boxed elementor-section-height-default elementor-section-height-default\" data-id=\"5581984\" data-element_type=\"section\">\n\t\t\t\t\t\t<div class=\"elementor-container elementor-column-gap-default\">\n\t\t\t\t\t<div class=\"elementor-column elementor-col-100 elementor-top-column elementor-element elementor-element-18eb377\" data-id=\"18eb377\" data-element_type=\"column\">\n\t\t\t<div class=\"elementor-widget-wrap elementor-element-populated\">\n\t\t\t\t\t\t<div class=\"elementor-element elementor-element-780d446 elementor-widget elementor-widget-theme-post-title elementor-page-title elementor-widget-heading\" data-id=\"780d446\" data-element_type=\"widget\" data-widget_type=\"theme-post-title.default\">\n\t\t\t\t<div class=\"elementor-widget-container\">\n\t\t\t\t\t<h1 class=\"elementor-heading-title elementor-size-default\">Advanced Manufacturing Madrid aumenta un 67% las empresas expositoras del sector de los composites<\/h1>\t\t\t\t<\/div>\n\t\t\t\t<\/div>\n\t\t\t\t<section class=\"elementor-section elementor-inner-section elementor-element elementor-element-6bd3592 elementor-section-boxed elementor-section-height-default elementor-section-height-default\" data-id=\"6bd3592\" data-element_type=\"section\">\n\t\t\t\t\t\t<div class=\"elementor-container elementor-column-gap-default\">\n\t\t\t\t\t<div class=\"elementor-column elementor-col-100 elementor-inner-column elementor-element elementor-element-137e706\" data-id=\"137e706\" data-element_type=\"column\">\n\t\t\t<div class=\"elementor-widget-wrap elementor-element-populated\">\n\t\t\t\t\t\t<div class=\"elementor-element elementor-element-a03c104 elementor-widget elementor-widget-text-editor\" data-id=\"a03c104\" data-element_type=\"widget\" data-widget_type=\"text-editor.default\">\n\t\t\t\t<div class=\"elementor-widget-container\">\n\t\t\t\t\t\t\t\t\t<ul><li><b>Los d\u00edas 20 y 21 de noviembre regresa la feria de referencia en la industria manufacturera a los pabellones 7 y 9 de IFEMA, para mostrar las \u00faltimas novedades en sus salones MetalMadrid, Composites y Robom\u00e1tica Madrid.\u00a0<\/b><\/li><li><b>Este a\u00f1o, el evento organizado por Easyfairs ha incrementado su apuesta por el sector de los composites a trav\u00e9s de sus populares formatos de contenido como su sal\u00f3n de congresos y networking, Composites \u00c1gora, sus Innovation Tours, as\u00ed como la celebraci\u00f3n de la 5\u00aa Jornada AEMAC.\u00a0<\/b><\/li><li><b>Airbus, Hexcel, AOC Resins o FIDAMC son solo algunas de las empresas expositoras que presentar\u00e1n las soluciones m\u00e1s avanzadas y abordar los principales retos y oportunidades del mercado.\u00a0<\/b><\/li><\/ul>\t\t\t\t\t\t\t\t<\/div>\n\t\t\t\t<\/div>\n\t\t\t\t<div class=\"elementor-element elementor-element-462d40c elementor-widget elementor-widget-spacer\" data-id=\"462d40c\" data-element_type=\"widget\" data-widget_type=\"spacer.default\">\n\t\t\t\t<div class=\"elementor-widget-container\">\n\t\t\t\t\t\t\t<div class=\"elementor-spacer\">\n\t\t\t<div class=\"elementor-spacer-inner\"><\/div>\n\t\t<\/div>\n\t\t\t\t\t\t<\/div>\n\t\t\t\t<\/div>\n\t\t\t\t\t<\/div>\n\t\t<\/div>\n\t\t\t\t\t<\/div>\n\t\t<\/section>\n\t\t\t\t<section class=\"elementor-section elementor-inner-section elementor-element elementor-element-72007db elementor-section-boxed elementor-section-height-default elementor-section-height-default\" data-id=\"72007db\" data-element_type=\"section\">\n\t\t\t\t\t\t<div class=\"elementor-container elementor-column-gap-default\">\n\t\t\t\t\t<div class=\"elementor-column elementor-col-100 elementor-inner-column elementor-element elementor-element-43442eb\" data-id=\"43442eb\" data-element_type=\"column\">\n\t\t\t<div class=\"elementor-widget-wrap elementor-element-populated\">\n\t\t\t\t\t\t<div class=\"elementor-element elementor-element-00de1ac elementor-widget elementor-widget-post-info\" data-id=\"00de1ac\" data-element_type=\"widget\" data-widget_type=\"post-info.default\">\n\t\t\t\t<div class=\"elementor-widget-container\">\n\t\t\t\t\t\t\t<ul class=\"elementor-inline-items elementor-icon-list-items elementor-post-info\">\n\t\t\t\t\t\t\t\t<li class=\"elementor-icon-list-item elementor-repeater-item-e3c1486 elementor-inline-item\" itemprop=\"datePublished\">\n\t\t\t\t\t\t<a href=\"https:\/\/www.advancedmanufacturingmadrid.com\/es\/2024\/10\/28\/\">\n\t\t\t\t\t\t\t\t\t\t\t<span class=\"elementor-icon-list-icon\">\n\t\t\t\t\t\t\t\t<i aria-hidden=\"true\" class=\"fas fa-calendar\"><\/i>\t\t\t\t\t\t\t<\/span>\n\t\t\t\t\t\t\t\t\t<span class=\"elementor-icon-list-text elementor-post-info__item elementor-post-info__item--type-date\">\n\t\t\t\t\t\t\t\t\t\t<time>octubre 28, 2024<\/time>\t\t\t\t\t<\/span>\n\t\t\t\t\t\t\t\t\t<\/a>\n\t\t\t\t<\/li>\n\t\t\t\t<\/ul>\n\t\t\t\t\t\t<\/div>\n\t\t\t\t<\/div>\n\t\t\t\t\t<\/div>\n\t\t<\/div>\n\t\t\t\t\t<\/div>\n\t\t<\/section>\n\t\t\t\t<section class=\"elementor-section elementor-inner-section elementor-element elementor-element-249fae3 elementor-section-boxed elementor-section-height-default elementor-section-height-default\" data-id=\"249fae3\" data-element_type=\"section\">\n\t\t\t\t\t\t<div class=\"elementor-container elementor-column-gap-default\">\n\t\t\t\t\t<div class=\"elementor-column elementor-col-100 elementor-inner-column elementor-element elementor-element-fe9adc3\" data-id=\"fe9adc3\" data-element_type=\"column\">\n\t\t\t<div class=\"elementor-widget-wrap elementor-element-populated\">\n\t\t\t\t\t\t<div class=\"elementor-element elementor-element-8187850 elementor-widget__width-initial elementor-widget elementor-widget-image\" data-id=\"8187850\" data-element_type=\"widget\" data-widget_type=\"image.default\">\n\t\t\t\t<div class=\"elementor-widget-container\">\n\t\t\t\t\t\t\t\t\t\t\t\t\t\t\t<img fetchpriority=\"high\" decoding=\"async\" width=\"800\" height=\"534\" src=\"https:\/\/easyfairsassets.com\/sites\/79\/2024\/10\/MM-23-15-nov-144-1-1024x683.jpg\" class=\"attachment-large size-large wp-image-404529\" alt=\"\" srcset=\"https:\/\/easyfairsassets.com\/sites\/79\/2024\/10\/MM-23-15-nov-144-1-1024x683.jpg 1024w, https:\/\/easyfairsassets.com\/sites\/79\/2024\/10\/MM-23-15-nov-144-1-300x200.jpg 300w, https:\/\/easyfairsassets.com\/sites\/79\/2024\/10\/MM-23-15-nov-144-1-768x512.jpg 768w, https:\/\/easyfairsassets.com\/sites\/79\/2024\/10\/MM-23-15-nov-144-1-1536x1024.jpg 1536w, https:\/\/easyfairsassets.com\/sites\/79\/2024\/10\/MM-23-15-nov-144-1.jpg 1920w\" sizes=\"(max-width: 800px) 100vw, 800px\" \/>\t\t\t\t\t\t\t\t\t\t\t\t\t\t\t<\/div>\n\t\t\t\t<\/div>\n\t\t\t\t<div class=\"elementor-element elementor-element-7880733 elementor-widget elementor-widget-spacer\" data-id=\"7880733\" data-element_type=\"widget\" data-widget_type=\"spacer.default\">\n\t\t\t\t<div class=\"elementor-widget-container\">\n\t\t\t\t\t\t\t<div class=\"elementor-spacer\">\n\t\t\t<div class=\"elementor-spacer-inner\"><\/div>\n\t\t<\/div>\n\t\t\t\t\t\t<\/div>\n\t\t\t\t<\/div>\n\t\t\t\t<div class=\"elementor-element elementor-element-0b06f4f elementor-widget elementor-widget-text-editor\" data-id=\"0b06f4f\" data-element_type=\"widget\" data-widget_type=\"text-editor.default\">\n\t\t\t\t<div class=\"elementor-widget-container\">\n\t\t\t\t\t\t\t\t\t<div data-id=\"60127de\" data-element_type=\"widget\" data-widget_type=\"text-editor.default\"><p><b><span data-contrast=\"none\">Madrid, 28 de octubre de 2024. <\/span><\/b><span data-contrast=\"auto\">El sector de los materiales compuestos en Espa\u00f1a vuelve a mostrar toda su fuerza a trav\u00e9s de Composites Madrid, el evento que forma parte de la feria l\u00edder en la industria manufacturera, <\/span><a href=\"https:\/\/www.advancedmanufacturingmadrid.com\/es\/\"><span data-contrast=\"none\">Advanced Manufacturing Madrid<\/span><\/a><span data-contrast=\"auto\">. La 16\u00aa edici\u00f3n del evento, organizado por Easyfairs, retorna a IFEMA los d\u00edas 20 y 21 de noviembre para reunir todo el potencial y la innovaci\u00f3n de las principales empresas del sector a trav\u00e9s de sus salones MetalMadrid, Composites y Robom\u00e1tica Madrid.<\/span><span data-ccp-props=\"{&quot;335551550&quot;:6,&quot;335551620&quot;:6}\">\u00a0<\/span><\/p><p><span data-contrast=\"auto\">La apuesta de AMM por el sector de los materiales compuestos no ha dejado de crecer desde la creaci\u00f3n de Composites en 2014, como consecuencia del gran desarrollo, demanda e innovaci\u00f3n que est\u00e1 surgiendo en este mercado. Un reflejo de ello ser\u00e1 la pr\u00f3xima edici\u00f3n de la feria que ha aumentado el n\u00famero de empresas expositoras un 67% con respecto a 2023.\u00a0<\/span><span data-ccp-props=\"{&quot;335551550&quot;:6,&quot;335551620&quot;:6}\">\u00a0<\/span><\/p><p><span data-contrast=\"auto\">\u201c<\/span><i><span data-contrast=\"auto\">Advanced Manufacturing Madrid reafirma su liderazgo como la \u00fanica feria en el pa\u00eds que dedica un evento exclusivo a los materiales compuestos. Grandes keyplayers estar\u00e1n exponiendo, como Airbus o Hexcel, y las buenas cifras de empresas expositoras que hemos alcanzado este a\u00f1o son solo una muestra de c\u00f3mo Composites Madrid es una plataforma esencial para las empresas y profesionales de los materiales compuestos. Buscamos ofrecer un espacio \u00fanico para conocer las \u00faltimas innovaciones en este campo y sus grandes aplicaciones en sectores clave como la automoci\u00f3n, la construcci\u00f3n, la aviaci\u00f3n y las energ\u00edas renovables<\/span><\/i><span data-contrast=\"auto\">\u201d, afirma <\/span><b><span data-contrast=\"auto\">Oscar Barranco, director general de Easyfairs Iberia<\/span><\/b><span data-contrast=\"auto\">.\u00a0<\/span><span data-ccp-props=\"{&quot;335551550&quot;:6,&quot;335551620&quot;:6}\">\u00a0<\/span><\/p><p><span data-contrast=\"auto\">AMM ha anunciado que este a\u00f1o volver\u00e1 el Composites \u00c1gora, su espacio de conferencias, networking entre profesionales y exposici\u00f3n de soluciones novedosas lanzado en 2023 y que obtuvo una excelente acogida por parte del p\u00fablico. En \u00e9l se reunir\u00e1 el talento del sector en Espa\u00f1a para mostrar los \u00faltimos avances tecnol\u00f3gicos en la industria de los materiales compuestos, adem\u00e1s de funcionar como centro neur\u00e1lgico donde los visitantes podr\u00e1n acceder a contenidos especializados y conferencias con ponentes de alto nivel durante los dos d\u00edas del evento. El espacio de networking se acompa\u00f1ar\u00e1 de caf\u00e9 durante los dos d\u00edas y las jornadas matutinas cerrar\u00e1n con un catering para todos los asistentes a Composites Madrid .<\/span><span data-ccp-props=\"{&quot;335551550&quot;:6,&quot;335551620&quot;:6}\">\u00a0<\/span><\/p><p><span data-ccp-props=\"{&quot;335551550&quot;:6,&quot;335551620&quot;:6}\">\u00a0<\/span><\/p><p><b><span data-contrast=\"none\">Programa de ponencias de Composites \u00c1gora: una puerta a la innovaci\u00f3n<\/span><\/b><span data-ccp-props=\"{}\">\u00a0<\/span><\/p><p><span data-contrast=\"auto\">El programa de contenidos del Composites \u00c1gora arrancar\u00e1 el primer d\u00eda con varias mesas redondas y conferencias. Una de las m\u00e1s esperadas ser\u00e1 la ponencia de Enrique Garc\u00eda, Chief Technology Officer del National Composites Centre del Reino Unido, quien desvelar\u00e1 las tendencias y perspectivas sobre el futuro de los materiales compuestos en la industria.<\/span><b><span data-contrast=\"auto\">\u00a0<\/span><\/b><span data-ccp-props=\"{&quot;335551550&quot;:6,&quot;335551620&quot;:6}\">\u00a0<\/span><\/p><p><span data-contrast=\"auto\">A continuaci\u00f3n, vendr\u00e1 la mesa redonda organizada por Materplat y que estar\u00e1 centrada en los materiales como eje central del sector transporte. Esta contar\u00e1 con la participaci\u00f3n de empresas l\u00edderes como CTAG, representada por Raquel Ledo, responsable del \u00c1rea de Innovaci\u00f3n en materiales y evaluadora de proyectos europeos, y por Tecnalia, con Sonia Florez, responsable de materiales multifuncionales. Ambas debatir\u00e1n sobre los avances y desaf\u00edos en el \u00e1mbito de la movilidad.\u00a0<\/span><span data-ccp-props=\"{&quot;335551550&quot;:6,&quot;335551620&quot;:6}\">\u00a0<\/span><\/p><p><span data-contrast=\"auto\">Tambi\u00e9n se celebrar\u00e1 una mesa redonda sobre los retos actuales en la aviaci\u00f3n, con la participaci\u00f3n de gigantes del sector como Airbus y Boeing, donde se explorar\u00e1n las tecnolog\u00edas emergentes y las soluciones m\u00e1s prometedoras para mejorar la sostenibilidad y eficiencia en la fabricaci\u00f3n de aeronaves. En ella participar\u00e1n profesionales del sector como M\u00aa Dolores V\u00e1zquez, Manufacturing Technology Specialist en Boeing y Tamara Blanco, Composite Materials &amp; Processes Engineer &amp; Expert en Airbus.<\/span><span data-ccp-props=\"{&quot;335551550&quot;:6,&quot;335551620&quot;:6}\">\u00a0<\/span><\/p><p><span data-contrast=\"auto\">Para clausurar la primera jornada del congreso, tendr\u00e1 lugar la mesa redonda \u201cPYMES5.0, Liderando la innovaci\u00f3n, eficiencia y la sostenibilidad\u201d, organizada por EIT Manufacturing, que aportar\u00e1 claves inspiradoras para impulsar las peque\u00f1as empresas del sector a un nuevo nivel. En ella participar\u00e1n expertos como Ignacio Montero Castro, R&amp;D Strategy Leader y Digital, Sustainable and Humane Technologies en AIMEN Technology Centre, que moderar\u00e1 el panel, con claves inspiradoras para impulsar las peque\u00f1as empresas del sector a un nuevo nivel.\u00a0<\/span><span data-ccp-props=\"{&quot;335551550&quot;:6,&quot;335551620&quot;:6}\">\u00a0<\/span><\/p><p><span data-contrast=\"auto\">El segundo d\u00eda, los asistentes podr\u00e1n disfrutar de la 5\u00aa Edici\u00f3n de la Jornada de Materiales Compuestos, organizada por AEMAC, la Asociaci\u00f3n Espa\u00f1ola de Materiales Compuestos, que pondr\u00e1 el foco en los \u00faltimos desarrollos e innovaciones en la investigaci\u00f3n de estos materiales, ofreciendo un programa de conferencias inspiradoras.<\/span><span data-ccp-props=\"{&quot;335551550&quot;:6,&quot;335551620&quot;:6}\">\u00a0<\/span><\/p><p><span data-ccp-props=\"{&quot;335551550&quot;:6,&quot;335551620&quot;:6}\">\u00a0<\/span><\/p><p><b><span data-contrast=\"none\">M\u00e1s de 14.000 empresas y profesionales presentes<\/span><\/b><span data-ccp-props=\"{&quot;335551550&quot;:6,&quot;335551620&quot;:6}\">\u00a0<\/span><\/p><p><span data-contrast=\"auto\">Adem\u00e1s del programa de charlas, los visitantes tendr\u00e1n la oportunidad de descubrir una amplia variedad de soluciones avanzadas en composites y materiales compuestos, atendiendo todos los aspectos de la producci\u00f3n, desde la maquinaria, los materiales, hasta el dise\u00f1o de producto.\u00a0<\/span><span data-ccp-props=\"{&quot;335551550&quot;:6,&quot;335551620&quot;:6}\">\u00a0<\/span><\/p><p><span data-contrast=\"auto\">Los asistentes podr\u00e1n encontrar desde estructuras fabricadas en fibra de carbono, termopl\u00e1sticos y filamentos para impresi\u00f3n 3D, hasta maquinaria para corte y transformado de materiales compuestos, pasando por maquinaria de termoformado, entre muchas m\u00e1s soluciones. Tambi\u00e9n, la sostenibilidad en los materiales tendr\u00e1 un papel relevante con propuestas m\u00e1s ligeras, resistentes y respetuosas como las elaboraciones a partir del deshecho de fibra de carbono.\u00a0<\/span><span data-ccp-props=\"{&quot;335551550&quot;:6,&quot;335551620&quot;:6}\">\u00a0<\/span><\/p><p><span data-contrast=\"auto\">Entre los expositores que ya est\u00e1n confirmados para esta edici\u00f3n figuran importantes empresas como Airbus, Hexcel, Global Composites, AOC Resins, Fidamc, Biesse Ib\u00e9rica, Z\u00fcnd, A5 Project Group, Airtech, Alai Extrusion, Atom Espa\u00f1a, Bermaq,, Biesterfeld Iberica, Birka Composites, Carbonveneta Iberica, Ensinger, Fairmat, Ferpa Graphic, y muchas m\u00e1s, que estar\u00e1n presentando sus soluciones y productos m\u00e1s novedosos.\u00a0<\/span><span data-ccp-props=\"{&quot;335551550&quot;:6,&quot;335551620&quot;:6}\">\u00a0<\/span><\/p><p><span data-contrast=\"auto\">Por \u00faltimo, toda la innovaci\u00f3n del sector se mostrar\u00e1 al p\u00fablico a trav\u00e9s de los Innovation Tours, con rutas guiadas para que los asistentes puedan conocer de primera mano las \u00faltimas soluciones del sector y ampliar su red de contactos con las empresas expositoras. El Innovation Tour de composites y materiales compuestos tendr\u00e1 lugar el d\u00eda 21 de noviembre a las 11.00h. Los visitantes podr\u00e1n ver durante el recorrido las resinas reciclables de Ez Ciclo de Swancor en el stand de Global Composites, las herramientas y resinas para impresi\u00f3n 3D a gran escala de Airtech, la cabeza de corte IRON 30 de FK Group, la mesa de corte KNF50 de de Ferpa Graphic, as\u00ed como la Z\u00fcnd G3, una mesa de corte digital de alto rendimiento de Z\u00fcnd.<\/span><span data-ccp-props=\"{&quot;335551550&quot;:6,&quot;335551620&quot;:6}\">\u00a0<\/span><\/p><p><span data-contrast=\"auto\">Adem\u00e1s, la feria acoger\u00e1 de nuevo los Advanced Manufacturing Awards, los prestigiosos galardones a la innovaci\u00f3n industrial, y que entre sus siete categor\u00edas premiar\u00e1n \u201cLa tecnolog\u00eda m\u00e1s innovadora en la fabricaci\u00f3n de composites\u201d. Los ganadores se dar\u00e1n a conocer durante la ceremonia de entrega de los premios, el 20 de noviembre a las 16:30 en IFEMA.\u00a0<\/span><span data-ccp-props=\"{&quot;335551550&quot;:6,&quot;335551620&quot;:6}\">\u00a0<\/span><\/p><p>\u00a0<\/p><\/div><div data-id=\"60127de\" data-element_type=\"widget\" data-widget_type=\"text-editor.default\"><span style=\"font-size: 17.6px;\"><b>Link registro Advanced Manufacturing Madrid:<\/b> <a href=\"https:\/\/www.advancedmanufacturingmadrid.com\/es\/?utm_source=referral&amp;utm_medium=media-partner&amp;utm_campaign=NdP&amp;utm_content=lanzamiento-registro&amp;utm_term=AMM24&amp;actioncode=122\">https:\/\/www.advancedmanufacturingmadrid.com\/es\/?utm_source=referral&amp;utm_medium=media-partner&amp;utm_campaign=NdP&amp;utm_content=lanzamiento-registro&amp;utm_term=AMM24&amp;actioncode=122<\/a><\/span><\/div><div data-id=\"60127de\" data-element_type=\"widget\" data-widget_type=\"text-editor.default\">\u00a0<\/div><div data-id=\"60127de\" data-element_type=\"widget\" data-widget_type=\"text-editor.default\">\u00a0<\/div><div data-id=\"60127de\" data-element_type=\"widget\" data-widget_type=\"text-editor.default\"><div data-id=\"60127de\" data-element_type=\"widget\" data-widget_type=\"text-editor.default\"><span style=\"font-size: 17.6px;\"><b>Sobre Easyfairs<\/b><\/span><\/div><div data-id=\"60127de\" data-element_type=\"widget\" data-widget_type=\"text-editor.default\"><span style=\"font-size: 17.6px;\"><b>\u00a0<\/b><\/span><\/div><div data-id=\"60127de\" data-element_type=\"widget\" data-widget_type=\"text-editor.default\"><span style=\"font-size: 17.6px;\">Easyfairs organiza eventos siendo <b>puntos de encuentro para las comunidades que deseen visitar el futuro<\/b>.<\/span><\/div><div data-id=\"60127de\" data-element_type=\"widget\" data-widget_type=\"text-editor.default\"><span style=\"font-size: 17.6px;\">\u00a0<\/span><\/div><div data-id=\"60127de\" data-element_type=\"widget\" data-widget_type=\"text-editor.default\"><span style=\"font-size: 17.6px;\">Actualmente organizamos 110 eventos presenciales en 12 pa\u00edses (Argelia, B\u00e9lgica, Finlandia, Francia, Alemania, Italia, Pa\u00edses Bajos, Portugal, Espa\u00f1a, Suecia, Suiza y Reino Unido) y gestionamos ocho recintos feriales en B\u00e9lgica, Holanda y Suecia (Amberes, Gante, Malinas-Bruselas Norte, Namur, Gorinchem, Hardenberg, Malm\u00f6 y Estocolmo).<\/span><\/div><div data-id=\"60127de\" data-element_type=\"widget\" data-widget_type=\"text-editor.default\"><span style=\"font-size: 17.6px;\">\u00a0<\/span><\/div><div data-id=\"60127de\" data-element_type=\"widget\" data-widget_type=\"text-editor.default\"><span style=\"font-size: 17.6px;\">Nos apasiona \u00abfacilitar\u00bb la vida de nuestros clientes y aumentar el retorno de su inversi\u00f3n y de su tiempo a trav\u00e9s de nuestras f\u00f3rmulas integrales (all-in), tecnolog\u00eda avanzada y estrategia centrada en el cliente. <b>Nuestra oferta digital adem\u00e1s brinda a estas comunidades excelentes oportunidades para establecer contactos de manera efectiva y hacer negocios durante todo el a\u00f1o.<\/b><\/span><\/div><div data-id=\"60127de\" data-element_type=\"widget\" data-widget_type=\"text-editor.default\"><span style=\"font-size: 17.6px;\">\u00a0<\/span><\/div><div data-id=\"60127de\" data-element_type=\"widget\" data-widget_type=\"text-editor.default\"><span style=\"font-size: 17.6px;\">El Grupo Easyfairs emplea a m\u00e1s de 800 talentos altamente comprometidos, implementa las mejores herramientas de marketing y tecnolog\u00eda y desarrolla marcas con un fuerte atractivo para nuestros stakeholders.<\/span><\/div><div data-id=\"60127de\" data-element_type=\"widget\" data-widget_type=\"text-editor.default\"><span style=\"font-size: 17.6px;\">\u00a0<\/span><\/div><div data-id=\"60127de\" data-element_type=\"widget\" data-widget_type=\"text-editor.default\"><span style=\"font-size: 17.6px;\">Por sexto a\u00f1o consecutivo, en 2024, Deloitte otorg\u00f3 nuevamente a Easyfairs el estatus de \u201cBest Managed Company\u201d.<\/span><\/div><div data-id=\"60127de\" data-element_type=\"widget\" data-widget_type=\"text-editor.default\"><span style=\"font-size: 17.6px;\">\u00a0<\/span><\/div><div data-id=\"60127de\" data-element_type=\"widget\" data-widget_type=\"text-editor.default\"><span style=\"font-size: 17.6px;\">Estamos orgullosos de figurar como el 11\u00ba organizador de ferias del mundo, seg\u00fan la clasificaci\u00f3n anual realizada por STAX Consulting. Visita el futuro con Easyfairs y consulta m\u00e1s informaci\u00f3n en <a href=\"http:\/\/www.easyfairsgroup.com\" data-cmp-ab=\"2\">www.easyfairsgroup.com<\/a>.<\/span><\/div><div data-id=\"60127de\" data-element_type=\"widget\" data-widget_type=\"text-editor.default\"><span style=\"font-size: 17.6px;\">\u00a0<\/span><\/div><\/div><div data-id=\"60127de\" data-element_type=\"widget\" data-widget_type=\"text-editor.default\">\u00a0<\/div><div data-id=\"60127de\" data-element_type=\"widget\" data-widget_type=\"text-editor.default\"><b>Para m\u00e1s informaci\u00f3n, por favor contacta con:\u00a0<\/b><\/div><div data-id=\"60127de\" data-element_type=\"widget\" data-widget_type=\"text-editor.default\">\u00a0<\/div><div data-id=\"60127de\" data-element_type=\"widget\" data-widget_type=\"text-editor.default\"><b><i>evercom, agencia de comunicaci\u00f3n de Easyfairs<\/i>\u00a0<\/b><\/div><div data-id=\"60127de\" data-element_type=\"widget\" data-widget_type=\"text-editor.default\">\u00a0<\/div><div data-id=\"60127de\" data-element_type=\"widget\" data-widget_type=\"text-editor.default\">Javier Mart\u00ednez\u00a0<\/div><div data-id=\"60127de\" data-element_type=\"widget\" data-widget_type=\"text-editor.default\">\u00a0<\/div><div data-id=\"60127de\" data-element_type=\"widget\" data-widget_type=\"text-editor.default\"><a href=\"mailto:javier.martinez@evercom.es\" target=\"_blank\" rel=\"noopener\" data-cmp-ab=\"2\">javier.martinez@evercom.es\u00a0<\/a><\/div><div data-id=\"60127de\" data-element_type=\"widget\" data-widget_type=\"text-editor.default\">\u00a0<\/div><div data-id=\"60127de\" data-element_type=\"widget\" data-widget_type=\"text-editor.default\">Selena Badenas\u00a0<\/div><div data-id=\"60127de\" data-element_type=\"widget\" data-widget_type=\"text-editor.default\">\u00a0<\/div><div data-id=\"60127de\" data-element_type=\"widget\" data-widget_type=\"text-editor.default\">s<a href=\"mailto:selena.badenas@evercom.es\" target=\"_blank\" rel=\"noopener\" data-cmp-ab=\"2\">elena.badenas@evercom.es<\/a>\u00a0\u00a0<\/div><div data-id=\"60127de\" data-element_type=\"widget\" data-widget_type=\"text-editor.default\">\u00a0<\/div><div data-id=\"60127de\" data-element_type=\"widget\" data-widget_type=\"text-editor.default\">Nacho G\u00f3mez\u00a0<\/div><div data-id=\"60127de\" data-element_type=\"widget\" data-widget_type=\"text-editor.default\">\u00a0<\/div><div data-id=\"60127de\" data-element_type=\"widget\" data-widget_type=\"text-editor.default\"><a style=\"font-weight: var( --e-global-typography-text-font-weight ); background-color: #ffffff;\" href=\"mailto:ignacio.gomez@evercom.es\" target=\"_blank\" rel=\"noopener\">ignacio.gomez@evercom.es<\/a>\u00a0\u00a0<\/div><div data-id=\"60127de\" data-element_type=\"widget\" data-widget_type=\"text-editor.default\">\u00a0<\/div><div data-id=\"60127de\" data-element_type=\"widget\" data-widget_type=\"text-editor.default\">Tel. +34 915 77 92 72\u00a0<\/div>\t\t\t\t\t\t\t\t<\/div>\n\t\t\t\t<\/div>\n\t\t\t\t\t<\/div>\n\t\t<\/div>\n\t\t\t\t\t<\/div>\n\t\t<\/section>\n\t\t\t\t\t<\/div>\n\t\t<\/div>\n\t\t\t\t\t<\/div>\n\t\t<\/section>\n\t\t\t\t<\/div>\n\t\t","protected":false},"excerpt":{"rendered":"<p>Los d\u00edas 20 y 21 de noviembre regresa la feria de referencia en la industria manufacturera a los pabellones 7 y 9 de IFEMA, para mostrar las \u00faltimas novedades en sus salones MetalMadrid, Composites y Robom\u00e1tica Madrid.&nbsp; Este a\u00f1o, el evento organizado por Easyfairs ha incrementado su apuesta por el sector de los composites a [&hellip;]<\/p>\n","protected":false},"author":103,"featured_media":409621,"comment_status":"open","ping_status":"open","sticky":false,"template":"","format":"standard","meta":{"_seopress_robots_primary_cat":"347","_seopress_titles_title":"Advanced Manufacturing Madrid aumenta un 67% las empresas expositoras del sector de los composites","_seopress_titles_desc":"Los d\u00edas 20 y 21 de noviembre regresa la feria de referencia en la industria manufacturera a los pabellones 7 y 9 de IFEMA, para mostrar las \u00faltimas novedades en sus salones MetalMadrid, Composites y Robom\u00e1tica Madrid. \r\n\r\nEste a\u00f1o, el evento organizado por Easyfairs ha incrementado su apuesta por el sector de los composites a trav\u00e9s de sus populares formatos de contenido como su sal\u00f3n de congresos y networking, Composites \u00c1gora, sus Innovation Tours, as\u00ed como la celebraci\u00f3n de la 5\u00aa Jornada AEMAC. \r\n\r\nAirbus, Hexcel, AOC Resins o FIDAMC son solo algunas de las empresas expositoras que presentar\u00e1n las soluciones m\u00e1s avanzadas y abordar los principales retos y oportunidades del mercado. ","_seopress_robots_index":"","footnotes":""},"categories":[347],"tags":[1654,1478,1951,2745,538],"edition":[],"class_list":["post-404525","post","type-post","status-publish","format-standard","has-post-thumbnail","hentry","category-notas-de-prensa","tag-advanced-manufacturing","tag-composites","tag-congreso","tag-eventos","tag-metalmadrid-2"],"_links":{"self":[{"href":"https:\/\/www.advancedmanufacturingmadrid.com\/es\/wp-json\/wp\/v2\/posts\/404525","targetHints":{"allow":["GET"]}}],"collection":[{"href":"https:\/\/www.advancedmanufacturingmadrid.com\/es\/wp-json\/wp\/v2\/posts"}],"about":[{"href":"https:\/\/www.advancedmanufacturingmadrid.com\/es\/wp-json\/wp\/v2\/types\/post"}],"author":[{"embeddable":true,"href":"https:\/\/www.advancedmanufacturingmadrid.com\/es\/wp-json\/wp\/v2\/users\/103"}],"replies":[{"embeddable":true,"href":"https:\/\/www.advancedmanufacturingmadrid.com\/es\/wp-json\/wp\/v2\/comments?post=404525"}],"version-history":[{"count":5,"href":"https:\/\/www.advancedmanufacturingmadrid.com\/es\/wp-json\/wp\/v2\/posts\/404525\/revisions"}],"predecessor-version":[{"id":409623,"href":"https:\/\/www.advancedmanufacturingmadrid.com\/es\/wp-json\/wp\/v2\/posts\/404525\/revisions\/409623"}],"wp:featuredmedia":[{"embeddable":true,"href":"https:\/\/www.advancedmanufacturingmadrid.com\/es\/wp-json\/wp\/v2\/media\/409621"}],"wp:attachment":[{"href":"https:\/\/www.advancedmanufacturingmadrid.com\/es\/wp-json\/wp\/v2\/media?parent=404525"}],"wp:term":[{"taxonomy":"category","embeddable":true,"href":"https:\/\/www.advancedmanufacturingmadrid.com\/es\/wp-json\/wp\/v2\/categories?post=404525"},{"taxonomy":"post_tag","embeddable":true,"href":"https:\/\/www.advancedmanufacturingmadrid.com\/es\/wp-json\/wp\/v2\/tags?post=404525"},{"taxonomy":"edition","embeddable":true,"href":"https:\/\/www.advancedmanufacturingmadrid.com\/es\/wp-json\/wp\/v2\/edition?post=404525"}],"curies":[{"name":"wp","href":"https:\/\/api.w.org\/{rel}","templated":true}]}}