{"id":409438,"date":"2024-11-08T09:14:05","date_gmt":"2024-11-08T08:14:05","guid":{"rendered":"https:\/\/www.advancedmanufacturingmadrid.com\/?p=409438"},"modified":"2024-11-08T09:19:20","modified_gmt":"2024-11-08T08:19:20","slug":"advanced-manufacturing-madrid-pone-en-marcha-su-mayor-programa-sobre-tecnologia-e-innovacion-enfocado-a-la-industria","status":"publish","type":"post","link":"https:\/\/www.advancedmanufacturingmadrid.com\/es\/2024\/11\/08\/advanced-manufacturing-madrid-pone-en-marcha-su-mayor-programa-sobre-tecnologia-e-innovacion-enfocado-a-la-industria\/","title":{"rendered":"Advanced Manufacturing Madrid pone en marcha su mayor programa sobre tecnolog\u00eda e innovaci\u00f3n enfocado a la industria"},"content":{"rendered":"\t\t<div data-elementor-type=\"wp-post\" data-elementor-id=\"409438\" class=\"elementor elementor-409438\" data-elementor-post-type=\"post\">\n\t\t\t\t\t\t<section class=\"elementor-section elementor-top-section elementor-element elementor-element-5581984 elementor-section-boxed elementor-section-height-default elementor-section-height-default\" data-id=\"5581984\" data-element_type=\"section\">\n\t\t\t\t\t\t<div class=\"elementor-container elementor-column-gap-default\">\n\t\t\t\t\t<div class=\"elementor-column elementor-col-100 elementor-top-column elementor-element elementor-element-18eb377\" data-id=\"18eb377\" data-element_type=\"column\">\n\t\t\t<div class=\"elementor-widget-wrap elementor-element-populated\">\n\t\t\t\t\t\t<div class=\"elementor-element elementor-element-780d446 elementor-widget elementor-widget-theme-post-title elementor-page-title elementor-widget-heading\" data-id=\"780d446\" data-element_type=\"widget\" data-widget_type=\"theme-post-title.default\">\n\t\t\t\t<div class=\"elementor-widget-container\">\n\t\t\t\t\t<h1 class=\"elementor-heading-title elementor-size-default\">Advanced Manufacturing Madrid pone en marcha su mayor programa sobre tecnolog\u00eda e innovaci\u00f3n enfocado a la industria<\/h1>\t\t\t\t<\/div>\n\t\t\t\t<\/div>\n\t\t\t\t<section class=\"elementor-section elementor-inner-section elementor-element elementor-element-6bd3592 elementor-section-boxed elementor-section-height-default elementor-section-height-default\" data-id=\"6bd3592\" data-element_type=\"section\">\n\t\t\t\t\t\t<div class=\"elementor-container elementor-column-gap-default\">\n\t\t\t\t\t<div class=\"elementor-column elementor-col-100 elementor-inner-column elementor-element elementor-element-137e706\" data-id=\"137e706\" data-element_type=\"column\">\n\t\t\t<div class=\"elementor-widget-wrap elementor-element-populated\">\n\t\t\t\t\t\t<div class=\"elementor-element elementor-element-a03c104 elementor-widget elementor-widget-text-editor\" data-id=\"a03c104\" data-element_type=\"widget\" data-widget_type=\"text-editor.default\">\n\t\t\t\t<div class=\"elementor-widget-container\">\n\t\t\t\t\t\t\t\t\t<ul><li><b>El evento de referencia en el sector manufacturero, organizado anualmente por Easyfairs, desvela su programaci\u00f3n de contenidos did\u00e1cticos e inspiradores, liderados por los expertos y referentes en la industria.\u00a0<\/b><\/li><li><b>La experta en tendencias e Inteligencia Artificial, Silvia Leal, ser\u00e1 la Keynote Speaker de esta nueva edici\u00f3n, con una ponencia magistral sobre el potencial de la IA en las empresas.\u00a0<\/b><\/li><li><b>Las cuatro salas de conferencias acoger\u00e1n un amplio programa de charlas y mesas redondas, as\u00ed como islas con demostraciones tecnol\u00f3gicas en vivo para todo tipo de procesos.\u00a0<\/b><\/li><\/ul>\t\t\t\t\t\t\t\t<\/div>\n\t\t\t\t<\/div>\n\t\t\t\t<div class=\"elementor-element elementor-element-462d40c elementor-widget elementor-widget-spacer\" data-id=\"462d40c\" data-element_type=\"widget\" data-widget_type=\"spacer.default\">\n\t\t\t\t<div class=\"elementor-widget-container\">\n\t\t\t\t\t\t\t<div class=\"elementor-spacer\">\n\t\t\t<div class=\"elementor-spacer-inner\"><\/div>\n\t\t<\/div>\n\t\t\t\t\t\t<\/div>\n\t\t\t\t<\/div>\n\t\t\t\t\t<\/div>\n\t\t<\/div>\n\t\t\t\t\t<\/div>\n\t\t<\/section>\n\t\t\t\t<section class=\"elementor-section elementor-inner-section elementor-element elementor-element-72007db elementor-section-boxed elementor-section-height-default elementor-section-height-default\" data-id=\"72007db\" data-element_type=\"section\">\n\t\t\t\t\t\t<div class=\"elementor-container elementor-column-gap-default\">\n\t\t\t\t\t<div class=\"elementor-column elementor-col-100 elementor-inner-column elementor-element elementor-element-43442eb\" data-id=\"43442eb\" data-element_type=\"column\">\n\t\t\t<div class=\"elementor-widget-wrap elementor-element-populated\">\n\t\t\t\t\t\t<div class=\"elementor-element elementor-element-00de1ac elementor-widget elementor-widget-post-info\" data-id=\"00de1ac\" data-element_type=\"widget\" data-widget_type=\"post-info.default\">\n\t\t\t\t<div class=\"elementor-widget-container\">\n\t\t\t\t\t\t\t<ul class=\"elementor-inline-items elementor-icon-list-items elementor-post-info\">\n\t\t\t\t\t\t\t\t<li class=\"elementor-icon-list-item elementor-repeater-item-e3c1486 elementor-inline-item\" itemprop=\"datePublished\">\n\t\t\t\t\t\t<a href=\"https:\/\/www.advancedmanufacturingmadrid.com\/es\/2024\/11\/08\/\">\n\t\t\t\t\t\t\t\t\t\t\t<span class=\"elementor-icon-list-icon\">\n\t\t\t\t\t\t\t\t<i aria-hidden=\"true\" class=\"fas fa-calendar\"><\/i>\t\t\t\t\t\t\t<\/span>\n\t\t\t\t\t\t\t\t\t<span class=\"elementor-icon-list-text elementor-post-info__item elementor-post-info__item--type-date\">\n\t\t\t\t\t\t\t\t\t\t<time>noviembre 8, 2024<\/time>\t\t\t\t\t<\/span>\n\t\t\t\t\t\t\t\t\t<\/a>\n\t\t\t\t<\/li>\n\t\t\t\t<\/ul>\n\t\t\t\t\t\t<\/div>\n\t\t\t\t<\/div>\n\t\t\t\t\t<\/div>\n\t\t<\/div>\n\t\t\t\t\t<\/div>\n\t\t<\/section>\n\t\t\t\t<section class=\"elementor-section elementor-inner-section elementor-element elementor-element-249fae3 elementor-section-boxed elementor-section-height-default elementor-section-height-default\" data-id=\"249fae3\" data-element_type=\"section\">\n\t\t\t\t\t\t<div class=\"elementor-container elementor-column-gap-default\">\n\t\t\t\t\t<div class=\"elementor-column elementor-col-100 elementor-inner-column elementor-element elementor-element-fe9adc3\" data-id=\"fe9adc3\" data-element_type=\"column\">\n\t\t\t<div class=\"elementor-widget-wrap elementor-element-populated\">\n\t\t\t\t\t\t<div class=\"elementor-element elementor-element-8187850 elementor-widget__width-initial elementor-widget elementor-widget-image\" data-id=\"8187850\" data-element_type=\"widget\" data-widget_type=\"image.default\">\n\t\t\t\t<div class=\"elementor-widget-container\">\n\t\t\t\t\t\t\t\t\t\t\t\t\t\t\t<img fetchpriority=\"high\" decoding=\"async\" width=\"800\" height=\"534\" src=\"https:\/\/easyfairsassets.com\/sites\/79\/2024\/11\/MM-23-15-nov-083-1024x683.jpg\" class=\"attachment-large size-large wp-image-409451\" alt=\"advanced manufacturing madrid composites\" srcset=\"https:\/\/easyfairsassets.com\/sites\/79\/2024\/11\/MM-23-15-nov-083-1024x683.jpg 1024w, https:\/\/easyfairsassets.com\/sites\/79\/2024\/11\/MM-23-15-nov-083-300x200.jpg 300w, https:\/\/easyfairsassets.com\/sites\/79\/2024\/11\/MM-23-15-nov-083-768x512.jpg 768w, https:\/\/easyfairsassets.com\/sites\/79\/2024\/11\/MM-23-15-nov-083-1536x1024.jpg 1536w, https:\/\/easyfairsassets.com\/sites\/79\/2024\/11\/MM-23-15-nov-083.jpg 1920w\" sizes=\"(max-width: 800px) 100vw, 800px\" \/>\t\t\t\t\t\t\t\t\t\t\t\t\t\t\t<\/div>\n\t\t\t\t<\/div>\n\t\t\t\t<div class=\"elementor-element elementor-element-7880733 elementor-widget elementor-widget-spacer\" data-id=\"7880733\" data-element_type=\"widget\" data-widget_type=\"spacer.default\">\n\t\t\t\t<div class=\"elementor-widget-container\">\n\t\t\t\t\t\t\t<div class=\"elementor-spacer\">\n\t\t\t<div class=\"elementor-spacer-inner\"><\/div>\n\t\t<\/div>\n\t\t\t\t\t\t<\/div>\n\t\t\t\t<\/div>\n\t\t\t\t<div class=\"elementor-element elementor-element-0b06f4f elementor-widget elementor-widget-text-editor\" data-id=\"0b06f4f\" data-element_type=\"widget\" data-widget_type=\"text-editor.default\">\n\t\t\t\t<div class=\"elementor-widget-container\">\n\t\t\t\t\t\t\t\t\t<div data-id=\"60127de\" data-element_type=\"widget\" data-widget_type=\"text-editor.default\"><p><b><span data-contrast=\"none\">Madrid, 08 de noviembre de 2024. <\/span><\/b><span data-contrast=\"auto\">La 16\u00aa edici\u00f3n de<\/span> <b><span data-contrast=\"auto\">Advanced Manufacturing Madrid<\/span><\/b><span data-contrast=\"auto\"> arranca motores para abrir sus puertas a toda la innovaci\u00f3n industrial los pr\u00f3ximos <\/span><b><span data-contrast=\"auto\">20 y 21 de noviembre en IFEMA<\/span><\/b><span data-contrast=\"auto\">. Organizada por <\/span><b><span data-contrast=\"auto\">Easyfairs<\/span><\/b><span data-contrast=\"auto\">, la feria promete ser un a\u00f1o m\u00e1s un punto de encuentro esencial para el sector manufacturero, cuya inauguraci\u00f3n oficial ser\u00e1 el 20 de noviembre a las 12:00, con un recorrido por los stands y una charla en la Sala Universidad PYME. Entre las diferentes actividades destaca un extenso programa de conferencias que incluye la participaci\u00f3n de ponentes como <\/span><b><span data-contrast=\"auto\">Silvia Leal, experta en tendencias y tecnolog\u00eda, que ser\u00e1 la Keynote Speaker de esta edici\u00f3n<\/span><\/b><span data-contrast=\"auto\">.<\/span><span data-ccp-props=\"{&quot;335551550&quot;:6,&quot;335551620&quot;:6}\">\u00a0<\/span><\/p><p><span data-contrast=\"auto\">Asimismo, contar\u00e1 con un programa de actividades centrado en las tendencias m\u00e1s punteras en fabricaci\u00f3n avanzada, rob\u00f3tica, automatizaci\u00f3n y sostenibilidad, incluyendo el <\/span><b><span data-contrast=\"auto\">Tech Congress 4.0<\/span><\/b><span data-contrast=\"auto\">, que ser\u00e1 la columna vertebral del contenido formativo del evento y que estar\u00e1 dividido en cuatro espacios: Sala Schaeffler, Sala Tech Forum 4.0 \u2013 Dassault Syst\u00e8mes &amp; ASECOS, Sala Composites \u00c1gora y Sala Universidad PYME de FUNDAE. Los asistentes podr\u00e1n disfrutar tambi\u00e9n de los<\/span><b><span data-contrast=\"auto\"> Innovation Tours<\/span><\/b><span data-contrast=\"auto\">, de la entrega de los prestigiosos <\/span><b><span data-contrast=\"auto\">Advanced Manufacturing Awards<\/span><\/b><span data-contrast=\"auto\"> y de m\u00faltiples oportunidades de <\/span><b><span data-contrast=\"auto\">networking<\/span><\/b><span data-contrast=\"auto\"> con m\u00e1s de 600 expositores.\u00a0<\/span><span data-ccp-props=\"{&quot;335551550&quot;:6,&quot;335551620&quot;:6}\">\u00a0<\/span><\/p><\/div><p><b><span data-contrast=\"auto\">Sala Tech Forum 4.0 \u2013 Dassault Syst\u00e8mes &amp; ASECOS: una ventana a la revoluci\u00f3n tecnol\u00f3gica<\/span><\/b><span data-ccp-props=\"{&quot;335551550&quot;:6,&quot;335551620&quot;:6}\">\u00a0<\/span><\/p><p><span data-contrast=\"auto\">La Sala Tech Forum 4.0 \u2013 Dassault Syst\u00e8mes &amp; ASECOS, organizada por Global Lean, incluir\u00e1 tanto charlas inspiradoras como demostraciones pr\u00e1cticas a trav\u00e9s de las cinco islas tecnol\u00f3gicas de la zona demo. As\u00ed, los asistentes podr\u00e1n disfrutar de <\/span><span data-contrast=\"auto\">foros como<\/span><span data-contrast=\"auto\"> el <\/span><span data-contrast=\"auto\">I Foro de Excelencia <\/span><span data-contrast=\"auto\">en los suministros <\/span><span data-contrast=\"auto\">Tie<\/span><span data-contrast=\"auto\">r<\/span><span data-contrast=\"auto\"> del sector de automoci\u00f3n<\/span><span data-contrast=\"auto\">, protagonizado por I<\/span><span data-contrast=\"auto\">VECO, CEFA, <\/span><span data-contrast=\"auto\">Mecacontrol<\/span><span data-contrast=\"auto\">, <\/span><span data-contrast=\"auto\">Mann <\/span><span data-contrast=\"auto\">Hummel<\/span><span data-contrast=\"auto\"> Iberica y Global Lean; o el foro<\/span><\/p><p><span data-contrast=\"auto\">\u201cLa Revoluci\u00f3n de los Materiales: Materiales del Futuro\u201d, moderada por Carlos Capdevila del CSIC-CENIM<\/span><span data-contrast=\"auto\">,<\/span><span data-contrast=\"auto\"> y con la participaci\u00f3n de <\/span><span data-contrast=\"auto\">Intrustial<\/span><span data-contrast=\"auto\">, la Agenda Estatal de Investigaci\u00f3n, Global Lean y UNISED.<\/span><span data-contrast=\"auto\">.<\/span><span data-ccp-props=\"{&quot;335551550&quot;:6,&quot;335551620&quot;:6}\">\u00a0<\/span><\/p><p><span data-contrast=\"auto\">En cuanto a <\/span><b><span data-contrast=\"auto\">la zona demo<\/span><\/b><span data-contrast=\"auto\">, \u00e9sta contar\u00e1 con la Isla de Dise\u00f1o e I+D, donde se presentar\u00e1n innovaciones como la plataforma CATIA 3DEXPERIENCE de Dassault Syst\u00e8mes, para dise\u00f1o avanzado en 3D. La Isla de Operaciones y Producci\u00f3n ofrecer\u00e1, por su parte, tecnolog\u00edas como la m\u00e1quina de mecanizado de Universal Robots, dise\u00f1ada para colaborar con humanos.<\/span><\/p><p><span class=\"TextRun SCXW154469201 BCX8\" lang=\"ES-ES\" xml:lang=\"ES-ES\" data-contrast=\"auto\"><span class=\"NormalTextRun SCXW154469201 BCX8\">L<\/span><span class=\"NormalTextRun SCXW154469201 BCX8\">a <\/span><span class=\"NormalTextRun SCXW154469201 BCX8\">Isla de <\/span><\/span><span class=\"TrackChangeTextInsertion TrackedChange SCXW154469201 BCX8\"><span class=\"TextRun SCXW154469201 BCX8\" lang=\"ES-ES\" xml:lang=\"ES-ES\" data-contrast=\"auto\"><span class=\"NormalTextRun SCXW154469201 BCX8\">Calidad, Gesti\u00f3n de Residuos y mejora continua<\/span><\/span><\/span><\/p><p><span data-contrast=\"auto\">exhibir\u00e1 soluciones como el clasificador de residuos de Iberoptics, que utiliza tecnolog\u00eda hiperespectral para separar materiales con precisi\u00f3n, mientras que la Isla de Integraci\u00f3n Colaborativa incluir\u00e1 innovaciones como el Cobot Arc Welding de ABB para soldaduras de alta precisi\u00f3n. Por \u00faltimo, la Isla de Seguridad y Ergonom\u00eda mostrar\u00e1 los exoesqueletos de LM Solutions y BISAFETY, dise\u00f1ados para mejorar la ergonom\u00eda y reducir el riesgo de lesiones en el trabajo, entre muchas otras innovaciones.<\/span><span data-ccp-props=\"{&quot;335551550&quot;:6,&quot;335551620&quot;:6}\">\u00a0<\/span><\/p><p><b><span data-contrast=\"auto\">Una mirada al futuro del sector composites y de las pymes del metal<\/span><\/b><span data-ccp-props=\"{&quot;335551550&quot;:6,&quot;335551620&quot;:6}\">\u00a0<\/span><\/p><p><span data-contrast=\"auto\">Una de las novedades de esta edici\u00f3n ser\u00e1 la incorporaci\u00f3n de la <\/span><b><span data-contrast=\"auto\">Sala Universidad Pyme<\/span><\/b><span data-contrast=\"auto\">, orientada a facilitar el acceso de pymes al conocimiento y tecnolog\u00edas clave para su transformaci\u00f3n digital.\u00a0<\/span><span data-ccp-props=\"{&quot;335551550&quot;:6,&quot;335551620&quot;:6}\">\u00a0<\/span><\/p><p><span data-contrast=\"auto\">Por otra parte, volver\u00e1 el aclamado <\/span><b><span data-contrast=\"auto\">Composites \u00c1gora<\/span><\/b><span data-contrast=\"auto\">, un espacio dedicado al uso de materiales compuestos. Esta sala abordar\u00e1<\/span><span data-contrast=\"auto\"> durante los dos d\u00edas del evento<\/span><span data-contrast=\"auto\"> las aplicaciones y avances en el dise\u00f1o y fabricaci\u00f3n de componentes de alto rendimiento, vitales para sectores como la automoci\u00f3n y la aeron\u00e1utica<\/span><span data-contrast=\"auto\">, as\u00ed c<\/span><span data-contrast=\"auto\">o<\/span><span data-contrast=\"auto\">mo la Jor<\/span><span data-contrast=\"auto\">nada Materiales Compuestos de <\/span><span data-contrast=\"auto\">AeMAC<\/span><span data-contrast=\"auto\">, entre muchos otros contenidos.<\/span><span data-contrast=\"auto\">.<\/span><span data-ccp-props=\"{&quot;335551550&quot;:6,&quot;335551620&quot;:6}\">\u00a0<\/span><\/p><p><b><span data-contrast=\"auto\">Innovation Tours, visitas guiadas de tecnolog\u00eda en acci\u00f3n<\/span><\/b><span data-ccp-props=\"{&quot;335551550&quot;:6,&quot;335551620&quot;:6}\">\u00a0<\/span><\/p><p><span data-contrast=\"auto\">Los asistentes tambi\u00e9n podr\u00e1n sumarse a los Innovation Tours, recorridos tem\u00e1ticos para conocer de cerca las \u00faltimas innovaciones. El d\u00eda 20 se realizar\u00e1n el Tour Tecnol\u00f3gico de VALMETAL, el Tour de Producci\u00f3n y Acabados y un tercero que visitar\u00e1 los \u00abLives! Demo Machinery\u00bb, donde se podr\u00e1 ver maquinaria en funcionamiento.<\/span><span data-ccp-props=\"{&quot;335551550&quot;:6,&quot;335551620&quot;:6}\">\u00a0<\/span><\/p><p><span data-contrast=\"auto\">El 21 de noviembre, los tours se centrar\u00e1n en las propuestas innovadoras de los expositores del sector composites, un recorrido dedicado exclusivamente a automatizaci\u00f3n y digitalizaci\u00f3n, y otro sobre soluciones y avances en sostenibilidad.<\/span><span data-contrast=\"auto\"> Todos los tours partir\u00e1n del punto de informaci\u00f3n del <\/span><span data-contrast=\"auto\">pabell\u00f3n 9.<\/span><span data-ccp-props=\"{&quot;335551550&quot;:6,&quot;335551620&quot;:6}\">\u00a0<\/span><\/p><p><span data-contrast=\"auto\">A trav\u00e9s de la app oficial de Advanced Manufacturing Madrid, los visitantes podr\u00e1n acceder al programa detallado de actividades y congreso<\/span><span data-contrast=\"auto\">: <\/span><a href=\"https:\/\/js86d.app.link\/AdvancedManufacturingMadrid2024\"><span data-contrast=\"auto\">https:\/\/js86d.app.link\/AdvancedManufacturingMadrid2024<\/span><\/a><\/p><p>\u00a0<\/p><div data-id=\"60127de\" data-element_type=\"widget\" data-widget_type=\"text-editor.default\"><span style=\"font-size: 17.6px;\"><b>Link registro Advanced Manufacturing Madrid:<\/b> <a href=\"https:\/\/www.advancedmanufacturingmadrid.com\/es\/?utm_source=referral&amp;utm_medium=media-partner&amp;utm_campaign=NdP&amp;utm_content=lanzamiento-registro&amp;utm_term=AMM24&amp;actioncode=122\">https:\/\/www.advancedmanufacturingmadrid.com\/es\/?utm_source=referral&amp;utm_medium=media-partner&amp;utm_campaign=NdP&amp;utm_content=lanzamiento-registro&amp;utm_term=AMM24&amp;actioncode=122<\/a><\/span><\/div><div data-id=\"60127de\" data-element_type=\"widget\" data-widget_type=\"text-editor.default\">\u00a0<\/div><div data-id=\"60127de\" data-element_type=\"widget\" data-widget_type=\"text-editor.default\">\u00a0<\/div><div data-id=\"60127de\" data-element_type=\"widget\" data-widget_type=\"text-editor.default\"><div data-id=\"60127de\" data-element_type=\"widget\" data-widget_type=\"text-editor.default\"><span style=\"font-size: 17.6px;\"><b>Sobre Easyfairs<\/b><\/span><\/div><div data-id=\"60127de\" data-element_type=\"widget\" data-widget_type=\"text-editor.default\"><span style=\"font-size: 17.6px;\"><b>\u00a0<\/b><\/span><\/div><div data-id=\"60127de\" data-element_type=\"widget\" data-widget_type=\"text-editor.default\"><span style=\"font-size: 17.6px;\">Easyfairs organiza eventos siendo <b>puntos de encuentro para las comunidades que deseen visitar el futuro<\/b>.<\/span><\/div><div data-id=\"60127de\" data-element_type=\"widget\" data-widget_type=\"text-editor.default\"><span style=\"font-size: 17.6px;\">\u00a0<\/span><\/div><div data-id=\"60127de\" data-element_type=\"widget\" data-widget_type=\"text-editor.default\"><span style=\"font-size: 17.6px;\">Actualmente organizamos 110 eventos presenciales en 12 pa\u00edses (Argelia, B\u00e9lgica, Finlandia, Francia, Alemania, Italia, Pa\u00edses Bajos, Portugal, Espa\u00f1a, Suecia, Suiza y Reino Unido) y gestionamos ocho recintos feriales en B\u00e9lgica, Holanda y Suecia (Amberes, Gante, Malinas-Bruselas Norte, Namur, Gorinchem, Hardenberg, Malm\u00f6 y Estocolmo).<\/span><\/div><div data-id=\"60127de\" data-element_type=\"widget\" data-widget_type=\"text-editor.default\"><span style=\"font-size: 17.6px;\">\u00a0<\/span><\/div><div data-id=\"60127de\" data-element_type=\"widget\" data-widget_type=\"text-editor.default\"><span style=\"font-size: 17.6px;\">Nos apasiona \u00abfacilitar\u00bb la vida de nuestros clientes y aumentar el retorno de su inversi\u00f3n y de su tiempo a trav\u00e9s de nuestras f\u00f3rmulas integrales (all-in), tecnolog\u00eda avanzada y estrategia centrada en el cliente. <b>Nuestra oferta digital adem\u00e1s brinda a estas comunidades excelentes oportunidades para establecer contactos de manera efectiva y hacer negocios durante todo el a\u00f1o.<\/b><\/span><\/div><div data-id=\"60127de\" data-element_type=\"widget\" data-widget_type=\"text-editor.default\"><span style=\"font-size: 17.6px;\">\u00a0<\/span><\/div><div data-id=\"60127de\" data-element_type=\"widget\" data-widget_type=\"text-editor.default\"><span style=\"font-size: 17.6px;\">El Grupo Easyfairs emplea a m\u00e1s de 800 talentos altamente comprometidos, implementa las mejores herramientas de marketing y tecnolog\u00eda y desarrolla marcas con un fuerte atractivo para nuestros stakeholders.<\/span><\/div><div data-id=\"60127de\" data-element_type=\"widget\" data-widget_type=\"text-editor.default\"><span style=\"font-size: 17.6px;\">\u00a0<\/span><\/div><div data-id=\"60127de\" data-element_type=\"widget\" data-widget_type=\"text-editor.default\"><span style=\"font-size: 17.6px;\">Por sexto a\u00f1o consecutivo, en 2024, Deloitte otorg\u00f3 nuevamente a Easyfairs el estatus de \u201cBest Managed Company\u201d.<\/span><\/div><div data-id=\"60127de\" data-element_type=\"widget\" data-widget_type=\"text-editor.default\"><span style=\"font-size: 17.6px;\">\u00a0<\/span><\/div><div data-id=\"60127de\" data-element_type=\"widget\" data-widget_type=\"text-editor.default\"><span style=\"font-size: 17.6px;\">Estamos orgullosos de figurar como el 11\u00ba organizador de ferias del mundo, seg\u00fan la clasificaci\u00f3n anual realizada por STAX Consulting. Visita el futuro con Easyfairs y consulta m\u00e1s informaci\u00f3n en <a href=\"http:\/\/www.easyfairsgroup.com\" data-cmp-ab=\"2\">www.easyfairsgroup.com<\/a>.<\/span><\/div><div data-id=\"60127de\" data-element_type=\"widget\" data-widget_type=\"text-editor.default\"><span style=\"font-size: 17.6px;\">\u00a0<\/span><\/div><\/div><div data-id=\"60127de\" data-element_type=\"widget\" data-widget_type=\"text-editor.default\">\u00a0<\/div><div data-id=\"60127de\" data-element_type=\"widget\" data-widget_type=\"text-editor.default\"><b>Para m\u00e1s informaci\u00f3n, por favor contacta con:\u00a0<\/b><\/div><div data-id=\"60127de\" data-element_type=\"widget\" data-widget_type=\"text-editor.default\">\u00a0<\/div><div data-id=\"60127de\" data-element_type=\"widget\" data-widget_type=\"text-editor.default\"><b><i>evercom, agencia de comunicaci\u00f3n de Easyfairs<\/i>\u00a0<\/b><\/div><div data-id=\"60127de\" data-element_type=\"widget\" data-widget_type=\"text-editor.default\">\u00a0<\/div><div data-id=\"60127de\" data-element_type=\"widget\" data-widget_type=\"text-editor.default\">Javier Mart\u00ednez\u00a0<\/div><div data-id=\"60127de\" data-element_type=\"widget\" data-widget_type=\"text-editor.default\">\u00a0<\/div><div data-id=\"60127de\" data-element_type=\"widget\" data-widget_type=\"text-editor.default\"><a href=\"mailto:javier.martinez@evercom.es\" target=\"_blank\" rel=\"noopener\" data-cmp-ab=\"2\">javier.martinez@evercom.es\u00a0<\/a><\/div><div data-id=\"60127de\" data-element_type=\"widget\" data-widget_type=\"text-editor.default\">\u00a0<\/div><div data-id=\"60127de\" data-element_type=\"widget\" data-widget_type=\"text-editor.default\">Selena Badenas\u00a0<\/div><div data-id=\"60127de\" data-element_type=\"widget\" data-widget_type=\"text-editor.default\">\u00a0<\/div><div data-id=\"60127de\" data-element_type=\"widget\" data-widget_type=\"text-editor.default\">s<a href=\"mailto:selena.badenas@evercom.es\" target=\"_blank\" rel=\"noopener\" data-cmp-ab=\"2\">elena.badenas@evercom.es<\/a>\u00a0\u00a0<\/div><div data-id=\"60127de\" data-element_type=\"widget\" data-widget_type=\"text-editor.default\">\u00a0<\/div><div data-id=\"60127de\" data-element_type=\"widget\" data-widget_type=\"text-editor.default\">Nacho G\u00f3mez\u00a0<\/div><div data-id=\"60127de\" data-element_type=\"widget\" data-widget_type=\"text-editor.default\">\u00a0<\/div><div data-id=\"60127de\" data-element_type=\"widget\" data-widget_type=\"text-editor.default\"><a style=\"font-weight: var( --e-global-typography-text-font-weight ); background-color: #ffffff;\" href=\"mailto:ignacio.gomez@evercom.es\" target=\"_blank\" rel=\"noopener\">ignacio.gomez@evercom.es<\/a>\u00a0\u00a0<\/div><div data-id=\"60127de\" data-element_type=\"widget\" data-widget_type=\"text-editor.default\">\u00a0<\/div><div data-id=\"60127de\" data-element_type=\"widget\" data-widget_type=\"text-editor.default\">Tel. +34 915 77 92 72\u00a0<\/div>\t\t\t\t\t\t\t\t<\/div>\n\t\t\t\t<\/div>\n\t\t\t\t\t<\/div>\n\t\t<\/div>\n\t\t\t\t\t<\/div>\n\t\t<\/section>\n\t\t\t\t\t<\/div>\n\t\t<\/div>\n\t\t\t\t\t<\/div>\n\t\t<\/section>\n\t\t\t\t<\/div>\n\t\t","protected":false},"excerpt":{"rendered":"<p>El evento de referencia en el sector manufacturero, organizado anualmente por Easyfairs, desvela su programaci\u00f3n de contenidos did\u00e1cticos e inspiradores, liderados por los expertos y referentes en la industria.\u00a0 La experta en tendencias e Inteligencia Artificial, Silvia Leal, ser\u00e1 la Keynote Speaker de esta nueva edici\u00f3n, con una ponencia magistral sobre el potencial de la [&hellip;]<\/p>\n","protected":false},"author":103,"featured_media":409439,"comment_status":"open","ping_status":"open","sticky":false,"template":"","format":"standard","meta":{"_seopress_robots_primary_cat":"347","_seopress_titles_title":"Advanced Manufacturing Madrid pone en marcha su mayor programa sobre tecnolog\u00eda e innovaci\u00f3n enfocado a la industria ","_seopress_titles_desc":"El evento de referencia en el sector manufacturero, organizado anualmente por Easyfairs, desvela su programaci\u00f3n de contenidos did\u00e1cticos e inspiradores, liderados por los expertos y referentes en la industria. \r\n\r\nLa experta en tendencias e Inteligencia Artificial, Silvia Leal, ser\u00e1 la Keynote Speaker de esta nueva edici\u00f3n, con una ponencia magistral sobre el potencial de la IA en las empresas. \r\n\r\nLas cuatro salas de conferencias acoger\u00e1n un amplio programa de charlas y mesas redondas, as\u00ed como islas con demostraciones tecnol\u00f3gicas en vivo para todo tipo de procesos. ","_seopress_robots_index":"","footnotes":""},"categories":[347],"tags":[3345,1654,2724,1951,2745,538,2217,1953],"edition":[],"class_list":["post-409438","post","type-post","status-publish","format-standard","has-post-thumbnail","hentry","category-notas-de-prensa","tag-actividades","tag-advanced-manufacturing","tag-awards","tag-congreso","tag-eventos","tag-metalmadrid-2","tag-programa","tag-tours"],"_links":{"self":[{"href":"https:\/\/www.advancedmanufacturingmadrid.com\/es\/wp-json\/wp\/v2\/posts\/409438","targetHints":{"allow":["GET"]}}],"collection":[{"href":"https:\/\/www.advancedmanufacturingmadrid.com\/es\/wp-json\/wp\/v2\/posts"}],"about":[{"href":"https:\/\/www.advancedmanufacturingmadrid.com\/es\/wp-json\/wp\/v2\/types\/post"}],"author":[{"embeddable":true,"href":"https:\/\/www.advancedmanufacturingmadrid.com\/es\/wp-json\/wp\/v2\/users\/103"}],"replies":[{"embeddable":true,"href":"https:\/\/www.advancedmanufacturingmadrid.com\/es\/wp-json\/wp\/v2\/comments?post=409438"}],"version-history":[{"count":5,"href":"https:\/\/www.advancedmanufacturingmadrid.com\/es\/wp-json\/wp\/v2\/posts\/409438\/revisions"}],"predecessor-version":[{"id":409459,"href":"https:\/\/www.advancedmanufacturingmadrid.com\/es\/wp-json\/wp\/v2\/posts\/409438\/revisions\/409459"}],"wp:featuredmedia":[{"embeddable":true,"href":"https:\/\/www.advancedmanufacturingmadrid.com\/es\/wp-json\/wp\/v2\/media\/409439"}],"wp:attachment":[{"href":"https:\/\/www.advancedmanufacturingmadrid.com\/es\/wp-json\/wp\/v2\/media?parent=409438"}],"wp:term":[{"taxonomy":"category","embeddable":true,"href":"https:\/\/www.advancedmanufacturingmadrid.com\/es\/wp-json\/wp\/v2\/categories?post=409438"},{"taxonomy":"post_tag","embeddable":true,"href":"https:\/\/www.advancedmanufacturingmadrid.com\/es\/wp-json\/wp\/v2\/tags?post=409438"},{"taxonomy":"edition","embeddable":true,"href":"https:\/\/www.advancedmanufacturingmadrid.com\/es\/wp-json\/wp\/v2\/edition?post=409438"}],"curies":[{"name":"wp","href":"https:\/\/api.w.org\/{rel}","templated":true}]}}