{"id":414090,"date":"2024-11-25T15:30:28","date_gmt":"2024-11-25T14:30:28","guid":{"rendered":"https:\/\/www.advancedmanufacturingmadrid.com\/?p=414090"},"modified":"2024-11-25T15:34:14","modified_gmt":"2024-11-25T14:34:14","slug":"advanced-manufacturing-madrid-cierra-con-exito-su-16a-edicion-con-mas-de-13-500-asistentes","status":"publish","type":"post","link":"https:\/\/www.advancedmanufacturingmadrid.com\/es\/2024\/11\/25\/advanced-manufacturing-madrid-cierra-con-exito-su-16a-edicion-con-mas-de-13-500-asistentes\/","title":{"rendered":"Advanced Manufacturing Madrid cierra con \u00e9xito su 16\u00aa edici\u00f3n, con m\u00e1s de 13.500 asistentes"},"content":{"rendered":"\t\t<div data-elementor-type=\"wp-post\" data-elementor-id=\"414090\" class=\"elementor elementor-414090\" data-elementor-post-type=\"post\">\n\t\t\t\t\t\t<section class=\"elementor-section elementor-top-section elementor-element elementor-element-5581984 elementor-section-boxed elementor-section-height-default elementor-section-height-default\" data-id=\"5581984\" data-element_type=\"section\">\n\t\t\t\t\t\t<div class=\"elementor-container elementor-column-gap-default\">\n\t\t\t\t\t<div class=\"elementor-column elementor-col-100 elementor-top-column elementor-element elementor-element-18eb377\" data-id=\"18eb377\" data-element_type=\"column\">\n\t\t\t<div class=\"elementor-widget-wrap elementor-element-populated\">\n\t\t\t\t\t\t<div class=\"elementor-element elementor-element-780d446 elementor-widget elementor-widget-theme-post-title elementor-page-title elementor-widget-heading\" data-id=\"780d446\" data-element_type=\"widget\" data-widget_type=\"theme-post-title.default\">\n\t\t\t\t<div class=\"elementor-widget-container\">\n\t\t\t\t\t<h1 class=\"elementor-heading-title elementor-size-default\">Advanced Manufacturing Madrid cierra con \u00e9xito su 16\u00aa edici\u00f3n, con m\u00e1s de 13.500 asistentes<\/h1>\t\t\t\t<\/div>\n\t\t\t\t<\/div>\n\t\t\t\t<section class=\"elementor-section elementor-inner-section elementor-element elementor-element-6bd3592 elementor-section-boxed elementor-section-height-default elementor-section-height-default\" data-id=\"6bd3592\" data-element_type=\"section\">\n\t\t\t\t\t\t<div class=\"elementor-container elementor-column-gap-default\">\n\t\t\t\t\t<div class=\"elementor-column elementor-col-100 elementor-inner-column elementor-element elementor-element-137e706\" data-id=\"137e706\" data-element_type=\"column\">\n\t\t\t<div class=\"elementor-widget-wrap elementor-element-populated\">\n\t\t\t\t\t\t<div class=\"elementor-element elementor-element-a03c104 elementor-widget elementor-widget-text-editor\" data-id=\"a03c104\" data-element_type=\"widget\" data-widget_type=\"text-editor.default\">\n\t\t\t\t<div class=\"elementor-widget-container\">\n\t\t\t\t\t\t\t\t\t<ul><li data-leveltext=\"\uf0b7\" data-font=\"Symbol\" data-listid=\"1\" data-list-defn-props=\"{&quot;335552541&quot;:1,&quot;335559685&quot;:720,&quot;335559991&quot;:360,&quot;469769226&quot;:&quot;Symbol&quot;,&quot;469769242&quot;:[8226],&quot;469777803&quot;:&quot;left&quot;,&quot;469777804&quot;:&quot;\uf0b7&quot;,&quot;469777815&quot;:&quot;hybridMultilevel&quot;}\" aria-setsize=\"-1\" data-aria-posinset=\"1\" data-aria-level=\"1\"><b><span data-contrast=\"auto\">Con 625 empresas expositoras, la feria ha registrado durante las dos jornadas de duraci\u00f3n, 58.424 interacciones comerciales.<\/span><\/b><span data-ccp-props=\"{&quot;201341983&quot;:0,&quot;335551550&quot;:6,&quot;335551620&quot;:6,&quot;335559739&quot;:0,&quot;335559740&quot;:276}\">\u00a0<\/span><\/li><\/ul><ul><li data-leveltext=\"\uf0b7\" data-font=\"Symbol\" data-listid=\"1\" data-list-defn-props=\"{&quot;335552541&quot;:1,&quot;335559685&quot;:720,&quot;335559991&quot;:360,&quot;469769226&quot;:&quot;Symbol&quot;,&quot;469769242&quot;:[8226],&quot;469777803&quot;:&quot;left&quot;,&quot;469777804&quot;:&quot;\uf0b7&quot;,&quot;469777815&quot;:&quot;hybridMultilevel&quot;}\" aria-setsize=\"-1\" data-aria-posinset=\"2\" data-aria-level=\"1\"><b><span data-contrast=\"auto\">El Tech Congress 4.0, la expansi\u00f3n del Composites \u00c1gora o los Innovation Tours han sido algunas de las actividades estrella de esta edici\u00f3n.<\/span><\/b><span data-ccp-props=\"{&quot;201341983&quot;:0,&quot;335551550&quot;:6,&quot;335551620&quot;:6,&quot;335559739&quot;:0,&quot;335559740&quot;:276}\">\u00a0<\/span><\/li><\/ul><ul><li data-leveltext=\"\uf0b7\" data-font=\"Symbol\" data-listid=\"1\" data-list-defn-props=\"{&quot;335552541&quot;:1,&quot;335559685&quot;:720,&quot;335559991&quot;:360,&quot;469769226&quot;:&quot;Symbol&quot;,&quot;469769242&quot;:[8226],&quot;469777803&quot;:&quot;left&quot;,&quot;469777804&quot;:&quot;\uf0b7&quot;,&quot;469777815&quot;:&quot;hybridMultilevel&quot;}\" aria-setsize=\"-1\" data-aria-posinset=\"3\" data-aria-level=\"1\"><b><span data-contrast=\"auto\">La pr\u00f3xima edici\u00f3n de Advanced Manufacturing Madrid que se celebrar\u00e1 los pr\u00f3ximos 5 y 6 de noviembre de 2025 ya cuenta con el 68% del espacio reservado.<\/span><\/b><span data-ccp-props=\"{&quot;201341983&quot;:0,&quot;335551550&quot;:6,&quot;335551620&quot;:6,&quot;335559739&quot;:0,&quot;335559740&quot;:276}\">\u00a0<\/span><\/li><\/ul>\t\t\t\t\t\t\t\t<\/div>\n\t\t\t\t<\/div>\n\t\t\t\t<div class=\"elementor-element elementor-element-462d40c elementor-widget elementor-widget-spacer\" data-id=\"462d40c\" data-element_type=\"widget\" data-widget_type=\"spacer.default\">\n\t\t\t\t<div class=\"elementor-widget-container\">\n\t\t\t\t\t\t\t<div class=\"elementor-spacer\">\n\t\t\t<div class=\"elementor-spacer-inner\"><\/div>\n\t\t<\/div>\n\t\t\t\t\t\t<\/div>\n\t\t\t\t<\/div>\n\t\t\t\t\t<\/div>\n\t\t<\/div>\n\t\t\t\t\t<\/div>\n\t\t<\/section>\n\t\t\t\t<section class=\"elementor-section elementor-inner-section elementor-element elementor-element-72007db elementor-section-boxed elementor-section-height-default elementor-section-height-default\" data-id=\"72007db\" data-element_type=\"section\">\n\t\t\t\t\t\t<div class=\"elementor-container elementor-column-gap-default\">\n\t\t\t\t\t<div class=\"elementor-column elementor-col-100 elementor-inner-column elementor-element elementor-element-43442eb\" data-id=\"43442eb\" data-element_type=\"column\">\n\t\t\t<div class=\"elementor-widget-wrap elementor-element-populated\">\n\t\t\t\t\t\t<div class=\"elementor-element elementor-element-00de1ac elementor-widget elementor-widget-post-info\" data-id=\"00de1ac\" data-element_type=\"widget\" data-widget_type=\"post-info.default\">\n\t\t\t\t<div class=\"elementor-widget-container\">\n\t\t\t\t\t\t\t<ul class=\"elementor-inline-items elementor-icon-list-items elementor-post-info\">\n\t\t\t\t\t\t\t\t<li class=\"elementor-icon-list-item elementor-repeater-item-e3c1486 elementor-inline-item\" itemprop=\"datePublished\">\n\t\t\t\t\t\t<a href=\"https:\/\/www.advancedmanufacturingmadrid.com\/es\/2024\/11\/25\/\">\n\t\t\t\t\t\t\t\t\t\t\t<span class=\"elementor-icon-list-icon\">\n\t\t\t\t\t\t\t\t<i aria-hidden=\"true\" class=\"fas fa-calendar\"><\/i>\t\t\t\t\t\t\t<\/span>\n\t\t\t\t\t\t\t\t\t<span class=\"elementor-icon-list-text elementor-post-info__item elementor-post-info__item--type-date\">\n\t\t\t\t\t\t\t\t\t\t<time>noviembre 25, 2024<\/time>\t\t\t\t\t<\/span>\n\t\t\t\t\t\t\t\t\t<\/a>\n\t\t\t\t<\/li>\n\t\t\t\t<\/ul>\n\t\t\t\t\t\t<\/div>\n\t\t\t\t<\/div>\n\t\t\t\t\t<\/div>\n\t\t<\/div>\n\t\t\t\t\t<\/div>\n\t\t<\/section>\n\t\t\t\t<section class=\"elementor-section elementor-inner-section elementor-element elementor-element-249fae3 elementor-section-boxed elementor-section-height-default elementor-section-height-default\" data-id=\"249fae3\" data-element_type=\"section\">\n\t\t\t\t\t\t<div class=\"elementor-container elementor-column-gap-default\">\n\t\t\t\t\t<div class=\"elementor-column elementor-col-100 elementor-inner-column elementor-element elementor-element-fe9adc3\" data-id=\"fe9adc3\" data-element_type=\"column\">\n\t\t\t<div class=\"elementor-widget-wrap elementor-element-populated\">\n\t\t\t\t\t\t<div class=\"elementor-element elementor-element-8187850 elementor-widget__width-initial elementor-widget elementor-widget-image\" data-id=\"8187850\" data-element_type=\"widget\" data-widget_type=\"image.default\">\n\t\t\t\t<div class=\"elementor-widget-container\">\n\t\t\t\t\t\t\t\t\t\t\t\t\t\t\t<img fetchpriority=\"high\" decoding=\"async\" width=\"800\" height=\"534\" src=\"https:\/\/easyfairsassets.com\/sites\/79\/2024\/11\/metalMadrid24-033-1024x683.jpg\" class=\"attachment-large size-large wp-image-414091\" alt=\"metal madrid 2024\" srcset=\"https:\/\/easyfairsassets.com\/sites\/79\/2024\/11\/metalMadrid24-033-1024x683.jpg 1024w, https:\/\/easyfairsassets.com\/sites\/79\/2024\/11\/metalMadrid24-033-300x200.jpg 300w, https:\/\/easyfairsassets.com\/sites\/79\/2024\/11\/metalMadrid24-033-768x512.jpg 768w, https:\/\/easyfairsassets.com\/sites\/79\/2024\/11\/metalMadrid24-033-1536x1024.jpg 1536w, https:\/\/easyfairsassets.com\/sites\/79\/2024\/11\/metalMadrid24-033.jpg 1920w\" sizes=\"(max-width: 800px) 100vw, 800px\" \/>\t\t\t\t\t\t\t\t\t\t\t\t\t\t\t<\/div>\n\t\t\t\t<\/div>\n\t\t\t\t<div class=\"elementor-element elementor-element-7880733 elementor-widget elementor-widget-spacer\" data-id=\"7880733\" data-element_type=\"widget\" data-widget_type=\"spacer.default\">\n\t\t\t\t<div class=\"elementor-widget-container\">\n\t\t\t\t\t\t\t<div class=\"elementor-spacer\">\n\t\t\t<div class=\"elementor-spacer-inner\"><\/div>\n\t\t<\/div>\n\t\t\t\t\t\t<\/div>\n\t\t\t\t<\/div>\n\t\t\t\t<div class=\"elementor-element elementor-element-0b06f4f elementor-widget elementor-widget-text-editor\" data-id=\"0b06f4f\" data-element_type=\"widget\" data-widget_type=\"text-editor.default\">\n\t\t\t\t<div class=\"elementor-widget-container\">\n\t\t\t\t\t\t\t\t\t<div data-id=\"60127de\" data-element_type=\"widget\" data-widget_type=\"text-editor.default\"><p><b><span data-contrast=\"none\">Madrid, 22 de noviembre de 2024.<\/span><\/b><b><\/b> <a href=\"https:\/\/www.advancedmanufacturingmadrid.com\/es\/\"><b><span data-contrast=\"none\">Advanced Manufacturing Madrid<\/span><\/b><\/a><span data-contrast=\"auto\"> ha concluido con \u00e9xito su decimosexta edici\u00f3n, reafirmando su liderazgo como cita imprescindible para los sectores de la industria avanzada y la innovaci\u00f3n tecnol\u00f3gica. La feria, que re\u00fane los salones MetalMadrid, Composites Madrid y Robom\u00e1tica Madrid, ha servido una vez m\u00e1s como motor de oportunidades para la industria manufacturera. En concreto, ha contado con la asistencia de m\u00e1s de 13.500 asistentes, la realizaci\u00f3n de 58.424 interacciones comerciales y la participaci\u00f3n de 625 empresas expositoras.<\/span><span data-ccp-props=\"{&quot;335551550&quot;:6,&quot;335551620&quot;:6,&quot;335559685&quot;:708,&quot;335559991&quot;:708}\">\u00a0<\/span><\/p><p><span data-contrast=\"auto\">\u201c<\/span><i><span data-contrast=\"auto\">Este a\u00f1o, Advanced Manufacturing Madrid no solo ha consolidado su relevancia en el \u00e1mbito nacional, sino que tambi\u00e9n ha demostrado una vez m\u00e1s, ser un foro imprescindible y enriquecedor para el sector que act\u00faa como puente entre proveedores y compradores.\u00a0 Hemos creado un espacio donde convergen innovaci\u00f3n, tecnolog\u00eda y negocio, lo que es clave para seguir impulsando la competitividad del sector industrial<\/span><\/i><span data-contrast=\"auto\">\u201d, ha se\u00f1alado Oscar Barranco, director general de Easyfairs Iberia.<\/span><span data-ccp-props=\"{&quot;335551550&quot;:6,&quot;335551620&quot;:6}\">\u00a0<\/span><\/p><p><span data-contrast=\"auto\">La inteligencia artificial y su impacto en la industria han sido uno de los protagonistas destacados en esta edici\u00f3n. Sobre este punto, Silvia Leal, experta en transformaci\u00f3n digital y Keynote Speaker, ha puesto de manifiesto que el impacto de la inteligencia artificial en la industria manufacturera no es algo nuevo, ya que este sector est\u00e1 liderando en gran medida la integraci\u00f3n de la IA en otros \u00e1mbitos.\u00a0<\/span><span data-ccp-props=\"{&quot;335551550&quot;:6,&quot;335551620&quot;:6}\">\u00a0<\/span><\/p><p><span data-contrast=\"auto\">\u201c<\/span><i><span data-contrast=\"auto\">Actualmente, hay una tendencia creciente a pensar que la IA viene a eliminar empleos, cuando en realidad la mayor\u00eda de los informes oficiales indican que generar\u00e1 m\u00e1s empleo del que destruir\u00e1. Lo que ocurrir\u00e1 es que se automatizar\u00e1n ciertas tareas que hoy realizan las personas, pero surgir\u00e1n muchas nuevas que seguir\u00e1n requiriendo intervenci\u00f3n humana<\/span><\/i><span data-contrast=\"auto\">\u201d, ha asegurado Leal.<\/span><span data-ccp-props=\"{&quot;335551550&quot;:6,&quot;335551620&quot;:6}\">\u00a0<\/span><\/p><p><span data-contrast=\"auto\">Por su parte, Beatriz de Dios, Total Delivery Cost &amp; Strategy Manager of Iberia Manufacturing Pole en Renault Group Espa\u00f1a, ha valorado la feria como una cita imprescindible gracias, entre otros aspectos, al programa de conferencias: \u201c<\/span><i><span data-contrast=\"auto\">La experiencia en Advanced Manufacturing Madrid 2024 ha sido muy positiva. Especialmente destaco la alta calidad de las presentaciones. Para compa\u00f1\u00edas como Renault Group, con una estrategia de Manufacturing 4.0, es fundamental mantenerse al d\u00eda con las \u00faltimas innovaciones y ferias como esta son clave para ello<\/span><\/i><span data-contrast=\"auto\">\u201d.<\/span><span data-ccp-props=\"{&quot;335551550&quot;:6,&quot;335551620&quot;:6}\">\u00a0<\/span><\/p><p><span data-contrast=\"auto\">Adem\u00e1s, Oscar Barranco ha a\u00f1adido: \u201c<\/span><i><span data-contrast=\"auto\">Las iniciativas sostenibles no solo son necesarias, sino que tambi\u00e9n generan ventajas competitivas en el mercado. Advanced Manufacturing Madrid demuestra el valor de crear espacios para debatir y avanzar en este \u00e1mbito<\/span><\/i><span data-contrast=\"auto\">\u201d.<\/span><span data-ccp-props=\"{&quot;335551550&quot;:6,&quot;335551620&quot;:6}\">\u00a0<\/span><\/p><p><span data-ccp-props=\"{&quot;335551550&quot;:6,&quot;335551620&quot;:6}\">\u00a0<\/span><\/p><p><b><span data-contrast=\"none\">Actividades destacadas y novedades<\/span><\/b><span data-ccp-props=\"{&quot;201341983&quot;:0,&quot;335551550&quot;:6,&quot;335551620&quot;:6,&quot;335559740&quot;:256}\">\u00a0<\/span><\/p><p><span data-contrast=\"auto\">Advanced Manufacturing Madrid 2024 ha reforzado su posici\u00f3n como el principal encuentro de innovaci\u00f3n industrial, ofreciendo un programa de actividades dise\u00f1ado para fomentar el aprendizaje y el intercambio de conocimiento.<\/span><span data-ccp-props=\"{&quot;335551550&quot;:6,&quot;335551620&quot;:6}\">\u00a0<\/span><\/p><p><span data-contrast=\"auto\">El Tech Congress 4.0 ha sido el epicentro formativo del evento, estructurado en espacios tem\u00e1ticos como la Sala Schaeffler, que explor\u00f3 los \u00faltimos avances en rob\u00f3tica e inteligencia artificial, la Sala Tech Forum 4.0 \u2013 Dassault Syst\u00e8mes &amp; ASECOS, donde las islas tecnol\u00f3gicas permitieron a los asistentes interactuar con soluciones pr\u00e1cticas como exoesqueletos y cobots de \u00faltima generaci\u00f3n o la Sala Universidad Pyme, que cont\u00f3 con importantes influencers del motor y charlas centradas en la digitalizaci\u00f3n del tejido industrial espa\u00f1ol.<\/span><span data-ccp-props=\"{&quot;335551550&quot;:6,&quot;335551620&quot;:6}\">\u00a0<\/span><\/p><p><span data-contrast=\"auto\">Una de las principales novedades ha sido la expansi\u00f3n del Composites \u00c1gora que se ha consolidado como el espacio de referencia en materiales compuestos con un crecimiento del 60% en su \u00e1rea expositiva. Este a\u00f1o, se han incorporado contenidos especializados en dise\u00f1o de alto rendimiento y fabricaci\u00f3n avanzada, esenciales para sectores como la automoci\u00f3n y la aeron\u00e1utica, adem\u00e1s de un enfoque especial en sostenibilidad aplicada a estos materiales.<\/span><span data-ccp-props=\"{&quot;335551550&quot;:6,&quot;335551620&quot;:6}\">\u00a0<\/span><\/p><p><span data-contrast=\"auto\">Por \u00faltimo, el \u00e9xito de los Innovation Tours y los Lives! Demo Machinery han sido un hecho, cientos de profesionales se apuntaron a los recorridos guiados que destacaron las innovaciones m\u00e1s punteras en fabricaci\u00f3n, automatizaci\u00f3n, digitalizaci\u00f3n, materiales y sostenibilidad, ofreciendo una experiencia inmersiva que ha conectado teor\u00eda y pr\u00e1ctica de manera \u00fanica.<\/span><span data-ccp-props=\"{&quot;335551550&quot;:6,&quot;335551620&quot;:6}\">\u00a0<\/span><\/p><p><span data-ccp-props=\"{&quot;335551550&quot;:6,&quot;335551620&quot;:6}\">\u00a0<\/span><\/p><p><b><span data-contrast=\"none\">Preparando la edici\u00f3n 2025<\/span><\/b><span data-ccp-props=\"{&quot;201341983&quot;:0,&quot;335551550&quot;:6,&quot;335551620&quot;:6,&quot;335559740&quot;:256}\">\u00a0<\/span><\/p><p><span data-contrast=\"auto\">El pr\u00f3ximo a\u00f1o Advanced Manufacturing presentar\u00e1 su nueva imagen y seguir\u00e1 marcando la agenda del sector industrial con parada doble para los profesionales de la manufactura avanzada. A la edici\u00f3n de Madrid que se celebrar\u00e1 los d\u00edas 5 y 6 de noviembre de 2025 en IFEMA y que ya cuenta con un 68% de la superficie reservada, se unir\u00e1 Advanced Manufacturing Barcelona, que celebrar\u00e1 su segunda edici\u00f3n los d\u00edas 1 y 2 de octubre y que ya cuenta con 119 expositores confirmados.<\/span><span data-ccp-props=\"{&quot;335551550&quot;:6,&quot;335551620&quot;:6}\">\u00a0<\/span><\/p><p><span data-contrast=\"auto\">\u201c<\/span><i><span data-contrast=\"auto\">La edici\u00f3n de 2025 ser\u00e1 un paso m\u00e1s en nuestra misi\u00f3n de impulsar la transformaci\u00f3n del sector industrial. Con un nuevo branding, seguiremos apostando por la innovaci\u00f3n, la sostenibilidad y la conexi\u00f3n entre profesionales y empresas, consolid\u00e1ndonos como el evento l\u00edder para descubrir las tendencias y tecnolog\u00edas que marcar\u00e1n el futuro de la industria<\/span><\/i><span data-contrast=\"auto\">\u201d, concluye \u00d3scar Barranco.<\/span><span data-ccp-props=\"{&quot;335551550&quot;:6,&quot;335551620&quot;:6}\">\u00a0<\/span><\/p><p>\u00a0<\/p><\/div><div data-id=\"60127de\" data-element_type=\"widget\" data-widget_type=\"text-editor.default\"><span style=\"font-size: 17.6px;\"><b>Sobre Easyfairs<\/b><\/span><\/div><div data-id=\"60127de\" data-element_type=\"widget\" data-widget_type=\"text-editor.default\"><span style=\"font-size: 17.6px;\"><b>\u00a0<\/b><\/span><\/div><div data-id=\"60127de\" data-element_type=\"widget\" data-widget_type=\"text-editor.default\"><span style=\"font-size: 17.6px;\">Easyfairs organiza eventos siendo <b>puntos de encuentro para las comunidades que deseen visitar el futuro<\/b>.<\/span><\/div><div data-id=\"60127de\" data-element_type=\"widget\" data-widget_type=\"text-editor.default\"><span style=\"font-size: 17.6px;\">\u00a0<\/span><\/div><div data-id=\"60127de\" data-element_type=\"widget\" data-widget_type=\"text-editor.default\"><span style=\"font-size: 17.6px;\">Actualmente organizamos 110 eventos presenciales en 12 pa\u00edses (Argelia, B\u00e9lgica, Finlandia, Francia, Alemania, Italia, Pa\u00edses Bajos, Portugal, Espa\u00f1a, Suecia, Suiza y Reino Unido) y gestionamos ocho recintos feriales en B\u00e9lgica, Holanda y Suecia (Amberes, Gante, Malinas-Bruselas Norte, Namur, Gorinchem, Hardenberg, Malm\u00f6 y Estocolmo).<\/span><\/div><div data-id=\"60127de\" data-element_type=\"widget\" data-widget_type=\"text-editor.default\"><span style=\"font-size: 17.6px;\">\u00a0<\/span><\/div><div data-id=\"60127de\" data-element_type=\"widget\" data-widget_type=\"text-editor.default\"><span style=\"font-size: 17.6px;\">Nos apasiona \u00abfacilitar\u00bb la vida de nuestros clientes y aumentar el retorno de su inversi\u00f3n y de su tiempo a trav\u00e9s de nuestras f\u00f3rmulas integrales (all-in), tecnolog\u00eda avanzada y estrategia centrada en el cliente. <b>Nuestra oferta digital adem\u00e1s brinda a estas comunidades excelentes oportunidades para establecer contactos de manera efectiva y hacer negocios durante todo el a\u00f1o.<\/b><\/span><\/div><div data-id=\"60127de\" data-element_type=\"widget\" data-widget_type=\"text-editor.default\"><span style=\"font-size: 17.6px;\">\u00a0<\/span><\/div><div data-id=\"60127de\" data-element_type=\"widget\" data-widget_type=\"text-editor.default\"><span style=\"font-size: 17.6px;\">El Grupo Easyfairs emplea a m\u00e1s de 800 talentos altamente comprometidos, implementa las mejores herramientas de marketing y tecnolog\u00eda y desarrolla marcas con un fuerte atractivo para nuestros stakeholders.<\/span><\/div><div data-id=\"60127de\" data-element_type=\"widget\" data-widget_type=\"text-editor.default\"><span style=\"font-size: 17.6px;\">\u00a0<\/span><\/div><div data-id=\"60127de\" data-element_type=\"widget\" data-widget_type=\"text-editor.default\"><span style=\"font-size: 17.6px;\">Por sexto a\u00f1o consecutivo, en 2024, Deloitte otorg\u00f3 nuevamente a Easyfairs el estatus de \u201cBest Managed Company\u201d.<\/span><\/div><div data-id=\"60127de\" data-element_type=\"widget\" data-widget_type=\"text-editor.default\"><span style=\"font-size: 17.6px;\">\u00a0<\/span><\/div><div data-id=\"60127de\" data-element_type=\"widget\" data-widget_type=\"text-editor.default\"><span style=\"font-size: 17.6px;\">Estamos orgullosos de figurar como el 11\u00ba organizador de ferias del mundo, seg\u00fan la clasificaci\u00f3n anual realizada por STAX Consulting. Visita el futuro con Easyfairs y consulta m\u00e1s informaci\u00f3n en <a href=\"http:\/\/www.easyfairsgroup.com\" data-cmp-ab=\"2\">www.easyfairsgroup.com<\/a>.<\/span><\/div><div data-id=\"60127de\" data-element_type=\"widget\" data-widget_type=\"text-editor.default\"><span style=\"font-size: 17.6px;\">\u00a0<\/span><\/div><p><b>Para m\u00e1s informaci\u00f3n, por favor contacta con:\u00a0<\/b><\/p><p><b><i>evercom, agencia de comunicaci\u00f3n de Easyfairs<\/i>\u00a0<\/b><\/p><p>Javier Mart\u00ednez\u00a0<\/p><p><a href=\"mailto:javier.martinez@evercom.es\" target=\"_blank\" rel=\"noopener\" data-cmp-ab=\"2\">javier.martinez@evercom.es\u00a0<\/a><\/p><p>Selena Badenas\u00a0<\/p><p>s<a href=\"mailto:selena.badenas@evercom.es\" target=\"_blank\" rel=\"noopener\" data-cmp-ab=\"2\">elena.badenas@evercom.es<\/a>\u00a0\u00a0<\/p><p>Nacho G\u00f3mez\u00a0<\/p><p><a style=\"font-weight: var( --e-global-typography-text-font-weight ); background-color: #ffffff;\" href=\"mailto:ignacio.gomez@evercom.es\" target=\"_blank\" rel=\"noopener\">ignacio.gomez@evercom.es<\/a>\u00a0\u00a0<\/p><p>Tel. +34 915 77 92 72\u00a0<\/p>\t\t\t\t\t\t\t\t<\/div>\n\t\t\t\t<\/div>\n\t\t\t\t\t<\/div>\n\t\t<\/div>\n\t\t\t\t\t<\/div>\n\t\t<\/section>\n\t\t\t\t\t<\/div>\n\t\t<\/div>\n\t\t\t\t\t<\/div>\n\t\t<\/section>\n\t\t\t\t<\/div>\n\t\t","protected":false},"excerpt":{"rendered":"<p>Con 625 empresas expositoras, la feria ha registrado durante las dos jornadas de duraci\u00f3n, 58.424 interacciones comerciales.\u00a0 El Tech Congress 4.0, la expansi\u00f3n del Composites \u00c1gora o los Innovation Tours han sido algunas de las actividades estrella de esta edici\u00f3n.\u00a0 La pr\u00f3xima edici\u00f3n de Advanced Manufacturing Madrid que se celebrar\u00e1 los pr\u00f3ximos 5 y 6 [&hellip;]<\/p>\n","protected":false},"author":103,"featured_media":414091,"comment_status":"open","ping_status":"open","sticky":false,"template":"","format":"standard","meta":{"_seopress_robots_primary_cat":"347","_seopress_titles_title":"Advanced Manufacturing Madrid cierra con \u00e9xito su 16\u00aa edici\u00f3n, con m\u00e1s de 13.500 asistentes","_seopress_titles_desc":"Con 625 empresas expositoras, la feria ha registrado durante las dos jornadas de duraci\u00f3n, 58.424 interacciones comerciales. \r\n\r\nEl Tech Congress 4.0, la expansi\u00f3n del Composites \u00c1gora o los Innovation Tours han sido algunas de las actividades estrella de esta edici\u00f3n. \r\n\r\nLa pr\u00f3xima edici\u00f3n de Advanced Manufacturing Madrid que se celebrar\u00e1 los pr\u00f3ximos 5 y 6 de noviembre de 2025 ya cuenta con el 68% del espacio reservado. ","_seopress_robots_index":"","footnotes":""},"categories":[347],"tags":[3345,1654,1951,2745,538,2217],"edition":[3162],"class_list":["post-414090","post","type-post","status-publish","format-standard","has-post-thumbnail","hentry","category-notas-de-prensa","tag-actividades","tag-advanced-manufacturing","tag-congreso","tag-eventos","tag-metalmadrid-2","tag-programa","edition-advanced-manufacturing-madrid-2024"],"_links":{"self":[{"href":"https:\/\/www.advancedmanufacturingmadrid.com\/es\/wp-json\/wp\/v2\/posts\/414090","targetHints":{"allow":["GET"]}}],"collection":[{"href":"https:\/\/www.advancedmanufacturingmadrid.com\/es\/wp-json\/wp\/v2\/posts"}],"about":[{"href":"https:\/\/www.advancedmanufacturingmadrid.com\/es\/wp-json\/wp\/v2\/types\/post"}],"author":[{"embeddable":true,"href":"https:\/\/www.advancedmanufacturingmadrid.com\/es\/wp-json\/wp\/v2\/users\/103"}],"replies":[{"embeddable":true,"href":"https:\/\/www.advancedmanufacturingmadrid.com\/es\/wp-json\/wp\/v2\/comments?post=414090"}],"version-history":[{"count":5,"href":"https:\/\/www.advancedmanufacturingmadrid.com\/es\/wp-json\/wp\/v2\/posts\/414090\/revisions"}],"predecessor-version":[{"id":414107,"href":"https:\/\/www.advancedmanufacturingmadrid.com\/es\/wp-json\/wp\/v2\/posts\/414090\/revisions\/414107"}],"wp:featuredmedia":[{"embeddable":true,"href":"https:\/\/www.advancedmanufacturingmadrid.com\/es\/wp-json\/wp\/v2\/media\/414091"}],"wp:attachment":[{"href":"https:\/\/www.advancedmanufacturingmadrid.com\/es\/wp-json\/wp\/v2\/media?parent=414090"}],"wp:term":[{"taxonomy":"category","embeddable":true,"href":"https:\/\/www.advancedmanufacturingmadrid.com\/es\/wp-json\/wp\/v2\/categories?post=414090"},{"taxonomy":"post_tag","embeddable":true,"href":"https:\/\/www.advancedmanufacturingmadrid.com\/es\/wp-json\/wp\/v2\/tags?post=414090"},{"taxonomy":"edition","embeddable":true,"href":"https:\/\/www.advancedmanufacturingmadrid.com\/es\/wp-json\/wp\/v2\/edition?post=414090"}],"curies":[{"name":"wp","href":"https:\/\/api.w.org\/{rel}","templated":true}]}}