{"id":428418,"date":"2025-03-07T14:05:50","date_gmt":"2025-03-07T13:05:50","guid":{"rendered":"https:\/\/www.advancedmanufacturingmadrid.com\/?p=428418"},"modified":"2025-03-07T14:16:21","modified_gmt":"2025-03-07T13:16:21","slug":"advanced-manufacturing-madrid-celebra-la-segunda-edicion-del-comite-de-expertos-de-composites-engineering","status":"publish","type":"post","link":"https:\/\/www.advancedmanufacturingmadrid.com\/es\/2025\/03\/07\/advanced-manufacturing-madrid-celebra-la-segunda-edicion-del-comite-de-expertos-de-composites-engineering\/","title":{"rendered":"Advanced Manufacturing Madrid celebra la segunda edici\u00f3n del Comit\u00e9 de Expertos de Composites Engineering."},"content":{"rendered":"\t\t<div data-elementor-type=\"wp-post\" data-elementor-id=\"428418\" class=\"elementor elementor-428418\" data-elementor-post-type=\"post\">\n\t\t\t\t\t\t<section class=\"elementor-section elementor-top-section elementor-element elementor-element-5581984 elementor-section-boxed elementor-section-height-default elementor-section-height-default\" data-id=\"5581984\" data-element_type=\"section\">\n\t\t\t\t\t\t<div class=\"elementor-container elementor-column-gap-default\">\n\t\t\t\t\t<div class=\"elementor-column elementor-col-100 elementor-top-column elementor-element elementor-element-18eb377\" data-id=\"18eb377\" data-element_type=\"column\">\n\t\t\t<div class=\"elementor-widget-wrap elementor-element-populated\">\n\t\t\t\t\t\t<div class=\"elementor-element elementor-element-780d446 elementor-widget elementor-widget-theme-post-title elementor-page-title elementor-widget-heading\" data-id=\"780d446\" data-element_type=\"widget\" data-widget_type=\"theme-post-title.default\">\n\t\t\t\t<div class=\"elementor-widget-container\">\n\t\t\t\t\t<h1 class=\"elementor-heading-title elementor-size-default\">Advanced Manufacturing Madrid celebra la segunda edici\u00f3n del Comit\u00e9 de Expertos de Composites Engineering.<\/h1>\t\t\t\t<\/div>\n\t\t\t\t<\/div>\n\t\t\t\t<section class=\"elementor-section elementor-inner-section elementor-element elementor-element-6bd3592 elementor-section-boxed elementor-section-height-default elementor-section-height-default\" data-id=\"6bd3592\" data-element_type=\"section\">\n\t\t\t\t\t\t<div class=\"elementor-container elementor-column-gap-default\">\n\t\t\t\t\t<div class=\"elementor-column elementor-col-100 elementor-inner-column elementor-element elementor-element-137e706\" data-id=\"137e706\" data-element_type=\"column\">\n\t\t\t<div class=\"elementor-widget-wrap elementor-element-populated\">\n\t\t\t\t\t\t<div class=\"elementor-element elementor-element-a03c104 elementor-widget elementor-widget-text-editor\" data-id=\"a03c104\" data-element_type=\"widget\" data-widget_type=\"text-editor.default\">\n\t\t\t\t<div class=\"elementor-widget-container\">\n\t\t\t\t\t\t\t\t\t<ul>\n<li data-leveltext=\"\uf0b7\" data-font=\"Symbol\" data-listid=\"1\" data-list-defn-props=\"{&quot;335552541&quot;:1,&quot;335559685&quot;:720,&quot;335559991&quot;:360,&quot;469769226&quot;:&quot;Symbol&quot;,&quot;469769242&quot;:[8226],&quot;469777803&quot;:&quot;left&quot;,&quot;469777804&quot;:&quot;\uf0b7&quot;,&quot;469777815&quot;:&quot;hybridMultilevel&quot;}\" aria-setsize=\"-1\" data-aria-posinset=\"1\" data-aria-level=\"1\">\n<p><strong>\u00a0<\/strong><strong>Destacados representantes del sector han debatido sobre la mejora de la oferta del sal\u00f3n, adapt\u00e1ndola a las \u00faltimas tendencias.<\/strong><\/p>\n<\/li>\n<li data-leveltext=\"\uf0b7\" data-font=\"Symbol\" data-listid=\"1\" data-list-defn-props=\"{&quot;335552541&quot;:1,&quot;335559685&quot;:720,&quot;335559991&quot;:360,&quot;469769226&quot;:&quot;Symbol&quot;,&quot;469769242&quot;:[8226],&quot;469777803&quot;:&quot;left&quot;,&quot;469777804&quot;:&quot;\uf0b7&quot;,&quot;469777815&quot;:&quot;hybridMultilevel&quot;}\" aria-setsize=\"-1\" data-aria-posinset=\"1\" data-aria-level=\"1\"><strong>Se han abordado temas como la innovaci\u00f3n en materiales compuestos, optimizaci\u00f3n de procesos, automatizaci\u00f3n y sostenibilidad.<\/strong><\/li>\n<\/ul>\n<p>\u00a0<\/p>\n<ul>\n<li data-leveltext=\"\uf0b7\" data-font=\"Symbol\" data-listid=\"1\" data-list-defn-props=\"{&quot;335552541&quot;:1,&quot;335559685&quot;:720,&quot;335559991&quot;:360,&quot;469769226&quot;:&quot;Symbol&quot;,&quot;469769242&quot;:[8226],&quot;469777803&quot;:&quot;left&quot;,&quot;469777804&quot;:&quot;\uf0b7&quot;,&quot;469777815&quot;:&quot;hybridMultilevel&quot;}\" aria-setsize=\"-1\" data-aria-posinset=\"1\" data-aria-level=\"1\"><strong>La pr\u00f3xima edici\u00f3n, con nuevos espacios y contenidos, se celebrar\u00e1 los d\u00edas 5 y 6 de noviembre en IFEMA Madrid.<\/strong><\/li>\n<\/ul>\t\t\t\t\t\t\t\t<\/div>\n\t\t\t\t<\/div>\n\t\t\t\t<div class=\"elementor-element elementor-element-462d40c elementor-widget elementor-widget-spacer\" data-id=\"462d40c\" data-element_type=\"widget\" data-widget_type=\"spacer.default\">\n\t\t\t\t<div class=\"elementor-widget-container\">\n\t\t\t\t\t\t\t<div class=\"elementor-spacer\">\n\t\t\t<div class=\"elementor-spacer-inner\"><\/div>\n\t\t<\/div>\n\t\t\t\t\t\t<\/div>\n\t\t\t\t<\/div>\n\t\t\t\t\t<\/div>\n\t\t<\/div>\n\t\t\t\t\t<\/div>\n\t\t<\/section>\n\t\t\t\t<section class=\"elementor-section elementor-inner-section elementor-element elementor-element-72007db elementor-section-boxed elementor-section-height-default elementor-section-height-default\" data-id=\"72007db\" data-element_type=\"section\">\n\t\t\t\t\t\t<div class=\"elementor-container elementor-column-gap-default\">\n\t\t\t\t\t<div class=\"elementor-column elementor-col-100 elementor-inner-column elementor-element elementor-element-43442eb\" data-id=\"43442eb\" data-element_type=\"column\">\n\t\t\t<div class=\"elementor-widget-wrap elementor-element-populated\">\n\t\t\t\t\t\t<div class=\"elementor-element elementor-element-00de1ac elementor-widget elementor-widget-post-info\" data-id=\"00de1ac\" data-element_type=\"widget\" data-widget_type=\"post-info.default\">\n\t\t\t\t<div class=\"elementor-widget-container\">\n\t\t\t\t\t\t\t<ul class=\"elementor-inline-items elementor-icon-list-items elementor-post-info\">\n\t\t\t\t\t\t\t\t<li class=\"elementor-icon-list-item elementor-repeater-item-e3c1486 elementor-inline-item\" itemprop=\"datePublished\">\n\t\t\t\t\t\t<a href=\"https:\/\/www.advancedmanufacturingmadrid.com\/es\/2025\/03\/07\/\">\n\t\t\t\t\t\t\t\t\t\t\t<span class=\"elementor-icon-list-icon\">\n\t\t\t\t\t\t\t\t<i aria-hidden=\"true\" class=\"fas fa-calendar\"><\/i>\t\t\t\t\t\t\t<\/span>\n\t\t\t\t\t\t\t\t\t<span class=\"elementor-icon-list-text elementor-post-info__item elementor-post-info__item--type-date\">\n\t\t\t\t\t\t\t\t\t\t<time>marzo 7, 2025<\/time>\t\t\t\t\t<\/span>\n\t\t\t\t\t\t\t\t\t<\/a>\n\t\t\t\t<\/li>\n\t\t\t\t<\/ul>\n\t\t\t\t\t\t<\/div>\n\t\t\t\t<\/div>\n\t\t\t\t\t<\/div>\n\t\t<\/div>\n\t\t\t\t\t<\/div>\n\t\t<\/section>\n\t\t\t\t<section class=\"elementor-section elementor-inner-section elementor-element elementor-element-249fae3 elementor-section-boxed elementor-section-height-default elementor-section-height-default\" data-id=\"249fae3\" data-element_type=\"section\">\n\t\t\t\t\t\t<div class=\"elementor-container elementor-column-gap-default\">\n\t\t\t\t\t<div class=\"elementor-column elementor-col-100 elementor-inner-column elementor-element elementor-element-fe9adc3\" data-id=\"fe9adc3\" data-element_type=\"column\">\n\t\t\t<div class=\"elementor-widget-wrap elementor-element-populated\">\n\t\t\t\t\t\t<div class=\"elementor-element elementor-element-8187850 elementor-widget__width-initial elementor-widget elementor-widget-image\" data-id=\"8187850\" data-element_type=\"widget\" data-widget_type=\"image.default\">\n\t\t\t\t<div class=\"elementor-widget-container\">\n\t\t\t\t\t\t\t\t\t\t\t\t\t\t\t<img fetchpriority=\"high\" decoding=\"async\" width=\"800\" height=\"498\" src=\"https:\/\/easyfairsassets.com\/sites\/79\/2025\/03\/comite-1024x637.jpg\" class=\"attachment-large size-large wp-image-428419\" alt=\"comite\" srcset=\"https:\/\/easyfairsassets.com\/sites\/79\/2025\/03\/comite-1024x637.jpg 1024w, https:\/\/easyfairsassets.com\/sites\/79\/2025\/03\/comite-300x187.jpg 300w, https:\/\/easyfairsassets.com\/sites\/79\/2025\/03\/comite-768x478.jpg 768w, https:\/\/easyfairsassets.com\/sites\/79\/2025\/03\/comite.jpg 1266w\" sizes=\"(max-width: 800px) 100vw, 800px\" \/>\t\t\t\t\t\t\t\t\t\t\t\t\t\t\t<\/div>\n\t\t\t\t<\/div>\n\t\t\t\t<div class=\"elementor-element elementor-element-7880733 elementor-widget elementor-widget-spacer\" data-id=\"7880733\" data-element_type=\"widget\" data-widget_type=\"spacer.default\">\n\t\t\t\t<div class=\"elementor-widget-container\">\n\t\t\t\t\t\t\t<div class=\"elementor-spacer\">\n\t\t\t<div class=\"elementor-spacer-inner\"><\/div>\n\t\t<\/div>\n\t\t\t\t\t\t<\/div>\n\t\t\t\t<\/div>\n\t\t\t\t<div class=\"elementor-element elementor-element-0b06f4f elementor-widget elementor-widget-text-editor\" data-id=\"0b06f4f\" data-element_type=\"widget\" data-widget_type=\"text-editor.default\">\n\t\t\t\t<div class=\"elementor-widget-container\">\n\t\t\t\t\t\t\t\t\t<p><strong>Madrid, 5 de marzo de 2025.<\/strong> <strong>Composites Engineering<\/strong>, el espacio especializado en materiales compuestos dentro de <a href=\"https:\/\/www.advancedmanufacturingmadrid.com\/es\/\"><strong>Advanced Manufacturing Madrid<\/strong><\/a>, ha celebrado la segunda reuni\u00f3n de su comit\u00e9 de expertos con el objetivo de impulsar la colaboraci\u00f3n, la innovaci\u00f3n y dar respuesta a los principales desaf\u00edos del sector.<\/p>\n<p>Durante la reuni\u00f3n, los miembros del comit\u00e9 abordaron temas clave como la visibilidad del sector en la industria y la importancia de la divulgaci\u00f3n de las ventajas de los composites.<\/p>\n<p>El comit\u00e9, presidido por<strong> \u00d3scar Barranco<\/strong>, <strong>director general de Easyfairs Iberia<\/strong>, estuvo compuesto en esta ocasi\u00f3n por:<\/p>\n<ul>\n<li><strong>Sergi R. Perea<\/strong>, Global Technology Application Manager \u2013 Advanced Materials de <strong>Biesse<\/strong>.<\/li>\n<li><strong>M\u00aa Eugenia Rodr\u00edguez Sierra<\/strong>, Composites Unit Director de <strong>Eurecat<\/strong>.<\/li>\n<li><strong>Eva Fit\u00e9<\/strong>, Head of Business Development Manufacturing de <strong>Eurecat<\/strong>.<\/li>\n<li><strong>I\u00f1igo Idarreta<\/strong>, jefe del Departamento de proyectos especiales de <strong>MTorres<\/strong>.<\/li>\n<li><strong>Anurag Bansal<\/strong>, Head of strategic innovations de <strong>Acciona<\/strong>.<\/li>\n<\/ul>\n<p>\u00a0<\/p>\n<p>A trav\u00e9s de este encuentro, Composites Engineering reafirma su compromiso en ofrecer un espacio \u00fanico para la innovaci\u00f3n, el networking y la evoluci\u00f3n del sector de los materiales compuestos.<\/p>\n<p>En palabras de <strong>Sergi R. Perea<\/strong>: \u201c<em>En nuestra mesa de debate, la innovaci\u00f3n es la protagonista: nuevos materiales avanzados, t\u00e9cnicas de fabricaci\u00f3n de vanguardia y soluciones tecnol\u00f3gicas para optimizar su aplicaci\u00f3n final. Todo ello con un compromiso inquebrantable con la sostenibilidad y el respeto por el medio ambiente, siempre procurando que el contenido sea enriquecedor y accesible para todo tipo de visitantes<\/em>\u201d.<\/p>\n<p>Por su parte, <strong>M\u00aa Eugenia Rodr\u00edguez<\/strong>, destac\u00f3 el entorno \u00fanico que crea la diversidad sectorial del evento, generando sinergias naturales entre las diferentes tecnolog\u00edas y procesos industriales. \u201c<em>Esta feria se ha consolidado como el punto de encuentro esencial para el ecosistema espa\u00f1ol de los composites, permitiendo a empresas, investigadores y profesionales del sector compartir conocimientos, innovaciones y establecer colaboraciones estrat\u00e9gicas<\/em>\u201d, a\u00f1adi\u00f3.<\/p>\n<p>Organizada por Easyfairs, la pr\u00f3xima edici\u00f3n de Advanced Manufacturing, la feria de referencia nacional para la industria manufacturera donde se incluye Composites Engineering, tendr\u00e1 lugar los d\u00edas <strong>5 y 6 de noviembre de 2025<\/strong>, en los <strong>pabellones 8 y 10 de IFEMA Madrid<\/strong>.<\/p>\n<p>El evento espera reunir a m\u00e1s de 75 expositores y 4.500 visitantes, lo que supone un crecimiento del 70 % respecto a la pasada edici\u00f3n. Por tercer a\u00f1o consecutivo, volver\u00e1 a contar con el espacio Composites \u00c1gora, enfocado a la divulgaci\u00f3n de contenidos del sector y al networking entre los visitantes.<\/p>\n<p>\u201c<em>El equipo ya est\u00e1 trabajando para hacer que la edici\u00f3n de 2025 sea la mayor hasta la fecha. Ya contamos con la participaci\u00f3n confirmada de Excel, Fidamc, AOC Resins, Global Composites, Gupro Inpre, Celag, Polres, Neuh\u00e4user Pr\u00e4zisionswerkzeuge, Matva, Lamilux, Z\u00fcnd Ib\u00e9rica, Birka, Akpa Qu\u00edmica, Atom, Darne Sport, entre otras marcas. Adem\u00e1s, estamos desarrollando nuevos espacios y contenidos que reflejen las \u00faltimas innovaciones del sector y fomenten el networking entre profesionales<\/em>\u201d, declara <strong>Oscar Barranco<\/strong>.<\/p>\n<p>\u00a0<\/p>\n<p><strong>Sobre Easyfairs <\/strong><\/p>\n<p>Easyfairs organiza eventos siendo puntos <strong>de encuentro para las comunidades<\/strong> que<strong> deseen visitar el futuro.<\/strong><\/p>\n<p>Actualmente organizamos 110 eventos presenciales en 12 pa\u00edses (Argelia, B\u00e9lgica, Finlandia, Francia, Alemania, Italia, Pa\u00edses Bajos, Portugal, Espa\u00f1a, Suecia, Suiza y Reino Unido) y gestionamos ocho recintos feriales en B\u00e9lgica, Holanda y Suecia (Amberes, Gante, Malinas-Bruselas Norte, Namur, Gorinchem, Hardenberg, Malm\u00f6 y Estocolmo).<\/p>\n<p>Nos apasiona \u00abfacilitar\u00bb la vida de nuestros clientes y aumentar el retorno de su inversi\u00f3n y de su tiempo a trav\u00e9s de nuestras f\u00f3rmulas integrales (all-in), tecnolog\u00eda avanzada y estrategia centrada en el cliente. <strong>Nuestra oferta digital<\/strong> <strong>adem\u00e1s brinda<\/strong> a estas comunidades excelentes oportunidades <strong>para establecer contactos de manera efectiva y hacer negocios durante<\/strong> todo el a\u00f1o.\u00a0<\/p>\n<p>El Grupo Easyfairs emplea a 820 talentos altamente comprometidos, implementa las mejores herramientas de marketing y tecnolog\u00eda y desarrolla marcas con un fuerte atractivo para nuestros stakeholders.<\/p>\n<p>Por sexto a\u00f1o consecutivo, en 2024, Deloitte otorg\u00f3 nuevamente a Easyfairs el estatus de \u201cBest Managed Company\u201d.<\/p>\n<p>Estamos orgullosos de figurar como uno de los 20 principales organizadores feriales del mundo, seg\u00fan la clasificaci\u00f3n anual realizada por STAX Consulting.<\/p>\n<p>Visita el futuro con Easyfairs y consulta m\u00e1s informaci\u00f3n en <a href=\"http:\/\/www.easyfairsgroup.com\">www.easyfairsgroup.com<\/a>.<\/p>\n<p>\u00a0<\/p>\n<p><strong>Para m\u00e1s informaci\u00f3n, por favor contacta con:<\/strong><\/p>\n<p><strong>evercom, agencia de comunicaci\u00f3n de Easyfairs<\/strong><\/p>\n<p>\u00a0<\/p>\n<p>Javier Mart\u00ednez<\/p>\n<p><a href=\"mailto:javier.martinez@evercom.es\">javier.martinez@evercom.es<\/a><\/p>\n<p>Selena Badenas<\/p>\n<p><a href=\"mailto:selena.badenas@evercom.es\">selena.badenas@evercom.es<\/a><\/p>\n<p>Tel. +34 915 77 92 72<\/p>\t\t\t\t\t\t\t\t<\/div>\n\t\t\t\t<\/div>\n\t\t\t\t\t<\/div>\n\t\t<\/div>\n\t\t\t\t\t<\/div>\n\t\t<\/section>\n\t\t\t\t\t<\/div>\n\t\t<\/div>\n\t\t\t\t\t<\/div>\n\t\t<\/section>\n\t\t\t\t<\/div>\n\t\t","protected":false},"excerpt":{"rendered":"<p>\u00a0Destacados representantes del sector han debatido sobre la mejora de la oferta del sal\u00f3n, adapt\u00e1ndola a las \u00faltimas tendencias. Se han abordado temas como la innovaci\u00f3n en materiales compuestos, optimizaci\u00f3n de procesos, automatizaci\u00f3n y sostenibilidad. \u00a0 La pr\u00f3xima edici\u00f3n, con nuevos espacios y contenidos, se celebrar\u00e1 los d\u00edas 5 y 6 de noviembre en IFEMA [&hellip;]<\/p>\n","protected":false},"author":1481,"featured_media":428419,"comment_status":"open","ping_status":"open","sticky":false,"template":"","format":"standard","meta":{"_seopress_robots_primary_cat":"347","_seopress_titles_title":" Advanced Manufacturing Madrid celebra la segunda reuni\u00f3n del comit\u00e9 de expertos de Composites Engineering","_seopress_titles_desc":"Advanced Manufacturing Madrid ha celebrado la segunda reuni\u00f3n de su comit\u00e9 de expertos con el objetivo de impulsar la colaboraci\u00f3n, la innovaci\u00f3n y dar respuesta a los principales desaf\u00edos del sector.\r\nDurante la reuni\u00f3n, los miembros del comit\u00e9 abordaron temas clave como la visibilidad del sector en la industria y la importancia de la divulgaci\u00f3n de las ventajas de los composites. \r\n","_seopress_robots_index":"","footnotes":""},"categories":[347],"tags":[1968,3232,1478,2199,354,3443],"edition":[3162],"class_list":["post-428418","post","type-post","status-publish","format-standard","has-post-thumbnail","hentry","category-notas-de-prensa","tag-automatizacion-2","tag-comite","tag-composites","tag-industria-2","tag-innovacion","tag-optimizacion","edition-advanced-manufacturing-madrid-2024"],"_links":{"self":[{"href":"https:\/\/www.advancedmanufacturingmadrid.com\/es\/wp-json\/wp\/v2\/posts\/428418","targetHints":{"allow":["GET"]}}],"collection":[{"href":"https:\/\/www.advancedmanufacturingmadrid.com\/es\/wp-json\/wp\/v2\/posts"}],"about":[{"href":"https:\/\/www.advancedmanufacturingmadrid.com\/es\/wp-json\/wp\/v2\/types\/post"}],"author":[{"embeddable":true,"href":"https:\/\/www.advancedmanufacturingmadrid.com\/es\/wp-json\/wp\/v2\/users\/1481"}],"replies":[{"embeddable":true,"href":"https:\/\/www.advancedmanufacturingmadrid.com\/es\/wp-json\/wp\/v2\/comments?post=428418"}],"version-history":[{"count":5,"href":"https:\/\/www.advancedmanufacturingmadrid.com\/es\/wp-json\/wp\/v2\/posts\/428418\/revisions"}],"predecessor-version":[{"id":428430,"href":"https:\/\/www.advancedmanufacturingmadrid.com\/es\/wp-json\/wp\/v2\/posts\/428418\/revisions\/428430"}],"wp:featuredmedia":[{"embeddable":true,"href":"https:\/\/www.advancedmanufacturingmadrid.com\/es\/wp-json\/wp\/v2\/media\/428419"}],"wp:attachment":[{"href":"https:\/\/www.advancedmanufacturingmadrid.com\/es\/wp-json\/wp\/v2\/media?parent=428418"}],"wp:term":[{"taxonomy":"category","embeddable":true,"href":"https:\/\/www.advancedmanufacturingmadrid.com\/es\/wp-json\/wp\/v2\/categories?post=428418"},{"taxonomy":"post_tag","embeddable":true,"href":"https:\/\/www.advancedmanufacturingmadrid.com\/es\/wp-json\/wp\/v2\/tags?post=428418"},{"taxonomy":"edition","embeddable":true,"href":"https:\/\/www.advancedmanufacturingmadrid.com\/es\/wp-json\/wp\/v2\/edition?post=428418"}],"curies":[{"name":"wp","href":"https:\/\/api.w.org\/{rel}","templated":true}]}}