{"id":429619,"date":"2025-03-27T17:13:03","date_gmt":"2025-03-27T16:13:03","guid":{"rendered":"https:\/\/www.advancedmanufacturingmadrid.com\/?p=429619"},"modified":"2025-03-31T10:58:58","modified_gmt":"2025-03-31T08:58:58","slug":"easyfairs-vuelve-a-confiar-en-evercom-para-la-gestion-de-la-comunicacion-de-advanced-manufacturing-madrid-y-barcelona-y-su-nueva-feria-worksafe","status":"publish","type":"post","link":"https:\/\/www.advancedmanufacturingmadrid.com\/es\/2025\/03\/27\/easyfairs-vuelve-a-confiar-en-evercom-para-la-gestion-de-la-comunicacion-de-advanced-manufacturing-madrid-y-barcelona-y-su-nueva-feria-worksafe\/","title":{"rendered":"Easyfairs vuelve a confiar en evercom para la gesti\u00f3n de la comunicaci\u00f3n de Advanced Manufacturing Madrid y Barcelona y su nueva feria WorkSafe."},"content":{"rendered":"\t\t<div data-elementor-type=\"wp-post\" data-elementor-id=\"429619\" class=\"elementor elementor-429619\" data-elementor-post-type=\"post\">\n\t\t\t\t\t\t<section class=\"elementor-section elementor-top-section elementor-element elementor-element-5581984 elementor-section-boxed elementor-section-height-default elementor-section-height-default\" data-id=\"5581984\" data-element_type=\"section\">\n\t\t\t\t\t\t<div class=\"elementor-container elementor-column-gap-default\">\n\t\t\t\t\t<div class=\"elementor-column elementor-col-100 elementor-top-column elementor-element elementor-element-18eb377\" data-id=\"18eb377\" data-element_type=\"column\">\n\t\t\t<div class=\"elementor-widget-wrap elementor-element-populated\">\n\t\t\t\t\t\t<div class=\"elementor-element elementor-element-780d446 elementor-widget__width-initial elementor-widget elementor-widget-theme-post-title elementor-page-title elementor-widget-heading\" data-id=\"780d446\" data-element_type=\"widget\" data-widget_type=\"theme-post-title.default\">\n\t\t\t\t<div class=\"elementor-widget-container\">\n\t\t\t\t\t<h1 class=\"elementor-heading-title elementor-size-default\">Easyfairs vuelve a confiar en evercom para la gesti\u00f3n de la comunicaci\u00f3n de Advanced Manufacturing Madrid y Barcelona y su nueva feria WorkSafe.<\/h1>\t\t\t\t<\/div>\n\t\t\t\t<\/div>\n\t\t\t\t<section class=\"elementor-section elementor-inner-section elementor-element elementor-element-6bd3592 elementor-section-boxed elementor-section-height-default elementor-section-height-default\" data-id=\"6bd3592\" data-element_type=\"section\">\n\t\t\t\t\t\t<div class=\"elementor-container elementor-column-gap-default\">\n\t\t\t\t\t<div class=\"elementor-column elementor-col-100 elementor-inner-column elementor-element elementor-element-137e706\" data-id=\"137e706\" data-element_type=\"column\">\n\t\t\t<div class=\"elementor-widget-wrap elementor-element-populated\">\n\t\t\t\t\t\t<div class=\"elementor-element elementor-element-a03c104 elementor-widget elementor-widget-text-editor\" data-id=\"a03c104\" data-element_type=\"widget\" data-widget_type=\"text-editor.default\">\n\t\t\t\t<div class=\"elementor-widget-container\">\n\t\t\t\t\t\t\t\t\t<ul><li data-leveltext=\"\uf0b7\" data-font=\"Symbol\" data-listid=\"1\" data-list-defn-props=\"{&quot;335552541&quot;:1,&quot;335559685&quot;:720,&quot;335559991&quot;:360,&quot;469769226&quot;:&quot;Symbol&quot;,&quot;469769242&quot;:[8226],&quot;469777803&quot;:&quot;left&quot;,&quot;469777804&quot;:&quot;\uf0b7&quot;,&quot;469777815&quot;:&quot;hybridMultilevel&quot;}\" aria-setsize=\"-1\" data-aria-posinset=\"1\" data-aria-level=\"1\"><p>La agencia de comunicaci\u00f3n y marketing seguir\u00e1 reforzando la visibilidad y posicionamiento de las ferias industriales, consolid\u00e1ndolas como citas clave para la innovaci\u00f3n y el desarrollo del sector manufacturero en Espa\u00f1a<\/p><\/li><li data-leveltext=\"\uf0b7\" data-font=\"Symbol\" data-listid=\"1\" data-list-defn-props=\"{&quot;335552541&quot;:1,&quot;335559685&quot;:720,&quot;335559991&quot;:360,&quot;469769226&quot;:&quot;Symbol&quot;,&quot;469769242&quot;:[8226],&quot;469777803&quot;:&quot;left&quot;,&quot;469777804&quot;:&quot;\uf0b7&quot;,&quot;469777815&quot;:&quot;hybridMultilevel&quot;}\" aria-setsize=\"-1\" data-aria-posinset=\"1\" data-aria-level=\"1\"><p>La colaboraci\u00f3n incluye la planificaci\u00f3n estrat\u00e9gica de la comunicaci\u00f3n, la difusi\u00f3n en medios nacionales y especializados, la coordinaci\u00f3n con expositores y la gesti\u00f3n informativa durante ambos eventos<\/p><\/li><\/ul>\t\t\t\t\t\t\t\t<\/div>\n\t\t\t\t<\/div>\n\t\t\t\t<div class=\"elementor-element elementor-element-462d40c elementor-widget elementor-widget-spacer\" data-id=\"462d40c\" data-element_type=\"widget\" data-widget_type=\"spacer.default\">\n\t\t\t\t<div class=\"elementor-widget-container\">\n\t\t\t\t\t\t\t<div class=\"elementor-spacer\">\n\t\t\t<div class=\"elementor-spacer-inner\"><\/div>\n\t\t<\/div>\n\t\t\t\t\t\t<\/div>\n\t\t\t\t<\/div>\n\t\t\t\t\t<\/div>\n\t\t<\/div>\n\t\t\t\t\t<\/div>\n\t\t<\/section>\n\t\t\t\t<section class=\"elementor-section elementor-inner-section elementor-element elementor-element-72007db elementor-section-boxed elementor-section-height-default elementor-section-height-default\" data-id=\"72007db\" data-element_type=\"section\">\n\t\t\t\t\t\t<div class=\"elementor-container elementor-column-gap-default\">\n\t\t\t\t\t<div class=\"elementor-column elementor-col-100 elementor-inner-column elementor-element elementor-element-43442eb\" data-id=\"43442eb\" data-element_type=\"column\">\n\t\t\t<div class=\"elementor-widget-wrap elementor-element-populated\">\n\t\t\t\t\t\t<div class=\"elementor-element elementor-element-00de1ac elementor-widget elementor-widget-post-info\" data-id=\"00de1ac\" data-element_type=\"widget\" data-widget_type=\"post-info.default\">\n\t\t\t\t<div class=\"elementor-widget-container\">\n\t\t\t\t\t\t\t<ul class=\"elementor-inline-items elementor-icon-list-items elementor-post-info\">\n\t\t\t\t\t\t\t\t<li class=\"elementor-icon-list-item elementor-repeater-item-e3c1486 elementor-inline-item\" itemprop=\"datePublished\">\n\t\t\t\t\t\t<a href=\"https:\/\/www.advancedmanufacturingmadrid.com\/es\/2025\/03\/27\/\">\n\t\t\t\t\t\t\t\t\t\t\t<span class=\"elementor-icon-list-icon\">\n\t\t\t\t\t\t\t\t<i aria-hidden=\"true\" class=\"fas fa-calendar\"><\/i>\t\t\t\t\t\t\t<\/span>\n\t\t\t\t\t\t\t\t\t<span class=\"elementor-icon-list-text elementor-post-info__item elementor-post-info__item--type-date\">\n\t\t\t\t\t\t\t\t\t\t<time>marzo 27, 2025<\/time>\t\t\t\t\t<\/span>\n\t\t\t\t\t\t\t\t\t<\/a>\n\t\t\t\t<\/li>\n\t\t\t\t<\/ul>\n\t\t\t\t\t\t<\/div>\n\t\t\t\t<\/div>\n\t\t\t\t\t<\/div>\n\t\t<\/div>\n\t\t\t\t\t<\/div>\n\t\t<\/section>\n\t\t\t\t<section class=\"elementor-section elementor-inner-section elementor-element elementor-element-249fae3 elementor-section-boxed elementor-section-height-default elementor-section-height-default\" data-id=\"249fae3\" data-element_type=\"section\">\n\t\t\t\t\t\t<div class=\"elementor-container elementor-column-gap-default\">\n\t\t\t\t\t<div class=\"elementor-column elementor-col-100 elementor-inner-column elementor-element elementor-element-fe9adc3\" data-id=\"fe9adc3\" data-element_type=\"column\">\n\t\t\t<div class=\"elementor-widget-wrap elementor-element-populated\">\n\t\t\t\t\t\t<div class=\"elementor-element elementor-element-8187850 elementor-widget__width-initial elementor-widget elementor-widget-image\" data-id=\"8187850\" data-element_type=\"widget\" data-widget_type=\"image.default\">\n\t\t\t\t<div class=\"elementor-widget-container\">\n\t\t\t\t\t\t\t\t\t\t\t\t\t\t\t<img fetchpriority=\"high\" decoding=\"async\" width=\"800\" height=\"418\" src=\"https:\/\/easyfairsassets.com\/sites\/79\/2025\/03\/2-3-1024x535.png\" class=\"attachment-large size-large wp-image-429710\" alt=\"evercome con easyfairs\" srcset=\"https:\/\/easyfairsassets.com\/sites\/79\/2025\/03\/2-3-1024x535.png 1024w, https:\/\/easyfairsassets.com\/sites\/79\/2025\/03\/2-3-300x157.png 300w, https:\/\/easyfairsassets.com\/sites\/79\/2025\/03\/2-3-768x401.png 768w, https:\/\/easyfairsassets.com\/sites\/79\/2025\/03\/2-3.png 1200w\" sizes=\"(max-width: 800px) 100vw, 800px\" \/>\t\t\t\t\t\t\t\t\t\t\t\t\t\t\t<\/div>\n\t\t\t\t<\/div>\n\t\t\t\t<div class=\"elementor-element elementor-element-7880733 elementor-widget elementor-widget-spacer\" data-id=\"7880733\" data-element_type=\"widget\" data-widget_type=\"spacer.default\">\n\t\t\t\t<div class=\"elementor-widget-container\">\n\t\t\t\t\t\t\t<div class=\"elementor-spacer\">\n\t\t\t<div class=\"elementor-spacer-inner\"><\/div>\n\t\t<\/div>\n\t\t\t\t\t\t<\/div>\n\t\t\t\t<\/div>\n\t\t\t\t<div class=\"elementor-element elementor-element-0b06f4f elementor-widget elementor-widget-text-editor\" data-id=\"0b06f4f\" data-element_type=\"widget\" data-widget_type=\"text-editor.default\">\n\t\t\t\t<div class=\"elementor-widget-container\">\n\t\t\t\t\t\t\t\t\t<p><strong>Madrid, 27 de marzo de 2025. Easyfairs<\/strong>, organizador l\u00edder de eventos profesionales en Europa, renueva su confianza en <strong>evercom<\/strong>, agencia creativa de comunicaci\u00f3n y marketing, para <strong>gestionar la comunicaci\u00f3n de sus ferias Advanced Manufacturing en las ediciones de Madrid y Barcelona<\/strong>. Esta alianza tiene como objetivo potenciar la visibilidad de ambos encuentros, consolid\u00e1ndolos como espacios esenciales para el avance tecnol\u00f3gico y la transformaci\u00f3n del tejido productivo de nuestro pa\u00eds.<\/p><p><br \/><strong>Advanced Manufacturing Barcelona<\/strong>, que se celebrar\u00e1 los d\u00edas 1 y 2 de octubre de 2025 en Fira Barcelona, es la gran cita del sector en Catalu\u00f1a. Con m\u00e1s de 3.000 profesionales asistentes, reunir\u00e1 a directivos, responsables de compras y producci\u00f3n, ingenieros y especialistas en fabricaci\u00f3n avanzada, ofreciendo un espacio clave para la generaci\u00f3n de oportunidades de negocio. Como novedad, esta edici\u00f3n acoger\u00e1 <strong>WorkSafe<\/strong>, feria dedicada a la seguridad en el entorno laboral y protecci\u00f3n de activos, que se celebrar\u00e1 de forma simult\u00e1nea, ampliando as\u00ed la oferta de soluciones para la industria.<\/p><p><br \/>Por su parte, <strong>Advanced Manufacturing Madrid<\/strong>, que tendr\u00e1 lugar los d\u00edas 5 y 6 de noviembre de 2025 en IFEMA, se ha consolidado como el evento de referencia en Espa\u00f1a para la innovaci\u00f3n y el desarrollo del sector productivo. Con m\u00e1s de 650 expositores y 13.500 profesionales reunidos en solo dos d\u00edas, la feria es una plataforma esencial para facilitar el <em>networking<\/em> y el intercambio de conocimiento en el ecosistema industrial.<\/p><p>La estrategia de comunicaci\u00f3n liderada por evercom se desarrollar\u00e1 en dos fases, asegurando una cobertura integral antes, durante y despu\u00e9s de los encuentros. Durante los meses previos, la agencia se centrar\u00e1 en la planificaci\u00f3n de un plan de comunicaci\u00f3n estructurado, con acciones dise\u00f1adas para maximizar la visibilidad de Advanced Manufacturing y WorkSafe en medios generalistas y especializados. La elaboraci\u00f3n de contenidos estrat\u00e9gicos y la identificaci\u00f3n de oportunidades de visibilidad permitir\u00e1n fortalecer el posicionamiento de Easyfairs como organizador l\u00edder de puntos de encuentro para las comunidades que deseen visitar el futuro. Adem\u00e1s, la recopilaci\u00f3n de materiales informativos y el an\u00e1lisis del contexto sectorial ser\u00e1n clave para alinear el mensaje con las tendencias del mercado.<\/p><p>Seg\u00fan se aproximen ambas citas, el equipo de evercom intensificar\u00e1 la difusi\u00f3n de informaci\u00f3n clave, asegurando la presencia de las ferias en la agenda informativa del sector. Se establecer\u00e1n sinergias con los expositores para potenciar su visibilidad y se garantizar\u00e1 una comunicaci\u00f3n fluida con medios y profesionales interesados. Durante la celebraci\u00f3n de Advanced Manufacturing, la agencia proporcionar\u00e1 apoyo a los portavoces de Easyfairs y gestionar\u00e1 acercamiento con medios clave para la generaci\u00f3n de contenido corporativo.<\/p><p><br \/><strong>Irene Cobo<\/strong>, directora de la divisi\u00f3n B2B de evercom, ha destacado la importancia de esta colaboraci\u00f3n: <em>\u201cPara nosotros es un orgullo seguir contando con la confianza de Easyfairs y continuar contribuyendo a la proyecci\u00f3n de unas citas tan importantes para el sector. Nuestro trabajo se enfocar\u00e1 en potenciar la visibilidad de estos eventos estrat\u00e9gicos y consolidarlos como referentes clave dentro del mercado productivo\u201d.<\/em><\/p><p><br \/>Por su parte, <strong>Oscar Barranco<\/strong>, director general de Easyfairs Iberia, ha se\u00f1alado: <em>\u201cLa comunicaci\u00f3n juega un papel fundamental en la evoluci\u00f3n y crecimiento de nuestras ferias. Trabajar de nuevo con evercom nos permite asegurar que nuestro mensaje llegue de forma efectiva a la audiencia adecuada y continuar asentando nuestra posici\u00f3n en el mercado\u201d.<\/em><\/p><p><br \/>Con esta alianza, evercom reafirma su liderazgo en la gesti\u00f3n de la comunicaci\u00f3n para eventos profesionales y refuerza su compromiso con la excelencia en estrategias de posicionamiento y reputaci\u00f3n en el \u00e1mbito industrial business to business. La agencia, con un enfoque innovador y un profundo conocimiento del sector, ser\u00e1 clave en la consolidaci\u00f3n de las ferias Advanced Manufacturing y WorkSafe como las citas imprescindibles para el ecosistema industrial en Espa\u00f1a.<\/p><p><strong>Sobre evercom<\/strong><\/p><p>Fundada en 1996, evercom es una de las primeras agencias creativas de comunicaci\u00f3n y marketing independientes en el mercado espa\u00f1ol, con oficinas en Madrid y Barcelona. Es miembro de IPRN (International Public Relations Network), ICCO (International Communications Consultancy Organisation), el Club de Marketing de Barcelona y el Club de la Creatividad. Actualmente, trabaja para m\u00e1s de cien organizaciones, entre compa\u00f1\u00edas e instituciones de todos los sectores, desde sus divisiones de Comunicaci\u00f3n Financiera, Corporativa &amp; Asuntos P\u00fablicos, B2B, Tech y Consumo. evercom posee uno de los mayores loyalty ratio del sector, un hito que la convirti\u00f3 en la primera agencia creativa de comunicaci\u00f3n y marketing en obtener la certificaci\u00f3n ISO 9001. Adem\u00e1s, cuenta con la certificaci\u00f3n B Corp, es Google Partner y ha sido reconocida como Agencia del A\u00f1o 2024 por la red internacional IPRN.<\/p><p>M\u00e1s informaci\u00f3n en: <a href=\"http:\/\/www.evercom.es\">www.evercom.es<\/a><\/p><p>\u00a0<\/p><p><strong>Sobre Easyfairs<\/strong><\/p><p>Easyfairs organiza eventos siendo puntos <strong>de encuentro para las comunidades<\/strong> que<strong> deseen visitar el futuro.<\/strong><\/p><p>Actualmente organizamos 110 eventos presenciales en 12 pa\u00edses (Argelia, B\u00e9lgica, Finlandia, Francia, Alemania, Italia, Pa\u00edses Bajos, Portugal, Espa\u00f1a, Suecia, Suiza y Reino Unido) y gestionamos ocho recintos feriales en B\u00e9lgica, Holanda y Suecia (Amberes, Gante, Malinas-Bruselas Norte, Namur, Gorinchem, Hardenberg, Malm\u00f6 y Estocolmo).<\/p><p>Nos apasiona \u00abfacilitar\u00bb la vida de nuestros clientes y aumentar el retorno de su inversi\u00f3n y de su tiempo a trav\u00e9s de nuestras f\u00f3rmulas integrales (all-in), tecnolog\u00eda avanzada y estrategia centrada en el cliente. <strong>Nuestra oferta digital<\/strong> <strong>adem\u00e1s brinda<\/strong> a estas comunidades excelentes oportunidades <strong>para establecer contactos de manera efectiva y hacer negocios durante<\/strong> todo el a\u00f1o.\u00a0<\/p><p>El Grupo Easyfairs emplea a 820 talentos altamente comprometidos, implementa las mejores herramientas de marketing y tecnolog\u00eda y desarrolla marcas con un fuerte atractivo para nuestros stakeholders.<\/p><p>Por sexto a\u00f1o consecutivo, en 2024, Deloitte otorg\u00f3 nuevamente a Easyfairs el estatus de \u201cBest Managed Company\u201d.<\/p><p>Estamos orgullosos de figurar como uno de los 20 principales organizadores feriales del mundo, seg\u00fan la clasificaci\u00f3n anual realizada por STAX Consulting.<\/p><p>Visita el futuro con Easyfairs y consulta m\u00e1s informaci\u00f3n en <a href=\"http:\/\/www.easyfairsgroup.com\">www.easyfairsgroup.com<\/a>.<\/p><p><strong>Para m\u00e1s informaci\u00f3n, por favor contacta con:<\/strong><\/p><p><strong>evercom, agencia de comunicaci\u00f3n de Easyfairs<\/strong><\/p><p>Cristina Cereceda<\/p><p><a href=\"mailto:cristina.cereceda@evercom.es\">cristina.cereceda@evercom.es<\/a><\/p><p>Tel. +91 577 92 72<\/p>\t\t\t\t\t\t\t\t<\/div>\n\t\t\t\t<\/div>\n\t\t\t\t\t<\/div>\n\t\t<\/div>\n\t\t\t\t\t<\/div>\n\t\t<\/section>\n\t\t\t\t\t<\/div>\n\t\t<\/div>\n\t\t\t\t\t<\/div>\n\t\t<\/section>\n\t\t\t\t<\/div>\n\t\t","protected":false},"excerpt":{"rendered":"<p>La agencia de comunicaci\u00f3n y marketing seguir\u00e1 reforzando la visibilidad y posicionamiento de las ferias industriales, consolid\u00e1ndolas como citas clave para la innovaci\u00f3n y el desarrollo del sector manufacturero en Espa\u00f1a La colaboraci\u00f3n incluye la planificaci\u00f3n estrat\u00e9gica de la comunicaci\u00f3n, la difusi\u00f3n en medios nacionales y especializados, la coordinaci\u00f3n con expositores y la gesti\u00f3n informativa [&hellip;]<\/p>\n","protected":false},"author":1525,"featured_media":429727,"comment_status":"open","ping_status":"open","sticky":false,"template":"","format":"standard","meta":{"_seopress_robots_primary_cat":"347","_seopress_titles_title":"Easyfairs vuelve a confiar en evercom para la gesti\u00f3n de la comunicaci\u00f3n de Advanced Manufacturing Madrid y Barcelona y su nueva feria WorkSafe","_seopress_titles_desc":"La agencia de comunicaci\u00f3n y marketing seguir\u00e1 reforzando la visibilidad y posicionamiento de las ferias industriales, consolid\u00e1ndolas como citas clave para la innovaci\u00f3n y el desarrollo del sector manufacturero en Espa\u00f1a\r\nLa colaboraci\u00f3n incluye la planificaci\u00f3n estrat\u00e9gica de la comunicaci\u00f3n, la difusi\u00f3n en medios nacionales y especializados, la coordinaci\u00f3n con expositores y la gesti\u00f3n informativa durante ambos eventos\r\n","_seopress_robots_index":"","footnotes":""},"categories":[347],"tags":[611,3446,3447,2199,1955],"edition":[],"class_list":["post-429619","post","type-post","status-publish","format-standard","has-post-thumbnail","hentry","category-notas-de-prensa","tag-alianza","tag-comuniacion","tag-gestion-informativa","tag-industria-2","tag-profesionales"],"_links":{"self":[{"href":"https:\/\/www.advancedmanufacturingmadrid.com\/es\/wp-json\/wp\/v2\/posts\/429619","targetHints":{"allow":["GET"]}}],"collection":[{"href":"https:\/\/www.advancedmanufacturingmadrid.com\/es\/wp-json\/wp\/v2\/posts"}],"about":[{"href":"https:\/\/www.advancedmanufacturingmadrid.com\/es\/wp-json\/wp\/v2\/types\/post"}],"author":[{"embeddable":true,"href":"https:\/\/www.advancedmanufacturingmadrid.com\/es\/wp-json\/wp\/v2\/users\/1525"}],"replies":[{"embeddable":true,"href":"https:\/\/www.advancedmanufacturingmadrid.com\/es\/wp-json\/wp\/v2\/comments?post=429619"}],"version-history":[{"count":5,"href":"https:\/\/www.advancedmanufacturingmadrid.com\/es\/wp-json\/wp\/v2\/posts\/429619\/revisions"}],"predecessor-version":[{"id":429726,"href":"https:\/\/www.advancedmanufacturingmadrid.com\/es\/wp-json\/wp\/v2\/posts\/429619\/revisions\/429726"}],"wp:featuredmedia":[{"embeddable":true,"href":"https:\/\/www.advancedmanufacturingmadrid.com\/es\/wp-json\/wp\/v2\/media\/429727"}],"wp:attachment":[{"href":"https:\/\/www.advancedmanufacturingmadrid.com\/es\/wp-json\/wp\/v2\/media?parent=429619"}],"wp:term":[{"taxonomy":"category","embeddable":true,"href":"https:\/\/www.advancedmanufacturingmadrid.com\/es\/wp-json\/wp\/v2\/categories?post=429619"},{"taxonomy":"post_tag","embeddable":true,"href":"https:\/\/www.advancedmanufacturingmadrid.com\/es\/wp-json\/wp\/v2\/tags?post=429619"},{"taxonomy":"edition","embeddable":true,"href":"https:\/\/www.advancedmanufacturingmadrid.com\/es\/wp-json\/wp\/v2\/edition?post=429619"}],"curies":[{"name":"wp","href":"https:\/\/api.w.org\/{rel}","templated":true}]}}