{"id":442337,"date":"2025-06-02T17:10:42","date_gmt":"2025-06-02T15:10:42","guid":{"rendered":"https:\/\/www.advancedmanufacturingmadrid.com\/?p=442337"},"modified":"2025-06-18T16:21:58","modified_gmt":"2025-06-18T14:21:58","slug":"easyfairs-destaca-el-papel-de-las-ferias-como-motor-del-potencial-economico-e-industrial","status":"publish","type":"post","link":"https:\/\/www.advancedmanufacturingmadrid.com\/es\/2025\/06\/02\/easyfairs-destaca-el-papel-de-las-ferias-como-motor-del-potencial-economico-e-industrial\/","title":{"rendered":"Easyfairs destaca el papel de las ferias como motor del potencial econ\u00f3mico e industrial"},"content":{"rendered":"\t\t<div data-elementor-type=\"wp-post\" data-elementor-id=\"442337\" class=\"elementor elementor-442337\" data-elementor-post-type=\"post\">\n\t\t\t\t\t\t<section class=\"elementor-section elementor-top-section elementor-element elementor-element-5581984 elementor-section-boxed elementor-section-height-default elementor-section-height-default\" data-id=\"5581984\" data-element_type=\"section\">\n\t\t\t\t\t\t<div class=\"elementor-container elementor-column-gap-default\">\n\t\t\t\t\t<div class=\"elementor-column elementor-col-100 elementor-top-column elementor-element elementor-element-18eb377\" data-id=\"18eb377\" data-element_type=\"column\">\n\t\t\t<div class=\"elementor-widget-wrap elementor-element-populated\">\n\t\t\t\t\t\t<section class=\"elementor-section elementor-inner-section elementor-element elementor-element-6bd3592 elementor-section-boxed elementor-section-height-default elementor-section-height-default\" data-id=\"6bd3592\" data-element_type=\"section\">\n\t\t\t\t\t\t<div class=\"elementor-container elementor-column-gap-default\">\n\t\t\t\t\t<div class=\"elementor-column elementor-col-100 elementor-inner-column elementor-element elementor-element-137e706\" data-id=\"137e706\" data-element_type=\"column\">\n\t\t\t<div class=\"elementor-widget-wrap elementor-element-populated\">\n\t\t\t\t\t\t<div class=\"elementor-element elementor-element-a03c104 elementor-widget elementor-widget-text-editor\" data-id=\"a03c104\" data-element_type=\"widget\" data-widget_type=\"text-editor.default\">\n\t\t\t\t<div class=\"elementor-widget-container\">\n\t\t\t\t\t\t\t\t\t<p><strong>Easyfairs destaca el papel de las ferias como motor del potencial econ\u00f3mico e industrial<\/strong><\/p>\t\t\t\t\t\t\t\t<\/div>\n\t\t\t\t<\/div>\n\t\t\t\t<div class=\"elementor-element elementor-element-462d40c elementor-widget elementor-widget-spacer\" data-id=\"462d40c\" data-element_type=\"widget\" data-widget_type=\"spacer.default\">\n\t\t\t\t<div class=\"elementor-widget-container\">\n\t\t\t\t\t\t\t<div class=\"elementor-spacer\">\n\t\t\t<div class=\"elementor-spacer-inner\"><\/div>\n\t\t<\/div>\n\t\t\t\t\t\t<\/div>\n\t\t\t\t<\/div>\n\t\t\t\t\t<\/div>\n\t\t<\/div>\n\t\t\t\t\t<\/div>\n\t\t<\/section>\n\t\t\t\t<section class=\"elementor-section elementor-inner-section elementor-element elementor-element-72007db elementor-section-boxed elementor-section-height-default elementor-section-height-default\" data-id=\"72007db\" data-element_type=\"section\">\n\t\t\t\t\t\t<div class=\"elementor-container elementor-column-gap-default\">\n\t\t\t\t\t<div class=\"elementor-column elementor-col-100 elementor-inner-column elementor-element elementor-element-43442eb\" data-id=\"43442eb\" data-element_type=\"column\">\n\t\t\t<div class=\"elementor-widget-wrap elementor-element-populated\">\n\t\t\t\t\t\t<div class=\"elementor-element elementor-element-00de1ac elementor-widget elementor-widget-post-info\" data-id=\"00de1ac\" data-element_type=\"widget\" data-widget_type=\"post-info.default\">\n\t\t\t\t<div class=\"elementor-widget-container\">\n\t\t\t\t\t\t\t<ul class=\"elementor-inline-items elementor-icon-list-items elementor-post-info\">\n\t\t\t\t\t\t\t\t<li class=\"elementor-icon-list-item elementor-repeater-item-e3c1486 elementor-inline-item\" itemprop=\"datePublished\">\n\t\t\t\t\t\t<a href=\"https:\/\/www.advancedmanufacturingmadrid.com\/es\/2025\/06\/02\/\">\n\t\t\t\t\t\t\t\t\t\t\t<span class=\"elementor-icon-list-icon\">\n\t\t\t\t\t\t\t\t<i aria-hidden=\"true\" class=\"fas fa-calendar\"><\/i>\t\t\t\t\t\t\t<\/span>\n\t\t\t\t\t\t\t\t\t<span class=\"elementor-icon-list-text elementor-post-info__item elementor-post-info__item--type-date\">\n\t\t\t\t\t\t\t\t\t\t<time>junio 2, 2025<\/time>\t\t\t\t\t<\/span>\n\t\t\t\t\t\t\t\t\t<\/a>\n\t\t\t\t<\/li>\n\t\t\t\t<\/ul>\n\t\t\t\t\t\t<\/div>\n\t\t\t\t<\/div>\n\t\t\t\t\t<\/div>\n\t\t<\/div>\n\t\t\t\t\t<\/div>\n\t\t<\/section>\n\t\t\t\t<section class=\"elementor-section elementor-inner-section elementor-element elementor-element-249fae3 elementor-section-boxed elementor-section-height-default elementor-section-height-default\" data-id=\"249fae3\" data-element_type=\"section\">\n\t\t\t\t\t\t<div class=\"elementor-container elementor-column-gap-default\">\n\t\t\t\t\t<div class=\"elementor-column elementor-col-100 elementor-inner-column elementor-element elementor-element-fe9adc3\" data-id=\"fe9adc3\" data-element_type=\"column\">\n\t\t\t<div class=\"elementor-widget-wrap elementor-element-populated\">\n\t\t\t\t\t\t<div class=\"elementor-element elementor-element-8187850 elementor-widget__width-initial elementor-widget elementor-widget-image\" data-id=\"8187850\" data-element_type=\"widget\" data-widget_type=\"image.default\">\n\t\t\t\t<div class=\"elementor-widget-container\">\n\t\t\t\t\t\t\t\t\t\t\t\t\t\t\t<img fetchpriority=\"high\" decoding=\"async\" width=\"800\" height=\"534\" src=\"https:\/\/easyfairsassets.com\/sites\/79\/2025\/06\/mm-2024-1224-1024x683.jpg\" class=\"attachment-large size-large wp-image-442504\" alt=\"badgy\" srcset=\"https:\/\/easyfairsassets.com\/sites\/79\/2025\/06\/mm-2024-1224-1024x683.jpg 1024w, https:\/\/easyfairsassets.com\/sites\/79\/2025\/06\/mm-2024-1224-300x200.jpg 300w, https:\/\/easyfairsassets.com\/sites\/79\/2025\/06\/mm-2024-1224-768x512.jpg 768w, https:\/\/easyfairsassets.com\/sites\/79\/2025\/06\/mm-2024-1224-1536x1024.jpg 1536w, https:\/\/easyfairsassets.com\/sites\/79\/2025\/06\/mm-2024-1224.jpg 1920w\" sizes=\"(max-width: 800px) 100vw, 800px\" \/>\t\t\t\t\t\t\t\t\t\t\t\t\t\t\t<\/div>\n\t\t\t\t<\/div>\n\t\t\t\t<div class=\"elementor-element elementor-element-7880733 elementor-widget elementor-widget-spacer\" data-id=\"7880733\" data-element_type=\"widget\" data-widget_type=\"spacer.default\">\n\t\t\t\t<div class=\"elementor-widget-container\">\n\t\t\t\t\t\t\t<div class=\"elementor-spacer\">\n\t\t\t<div class=\"elementor-spacer-inner\"><\/div>\n\t\t<\/div>\n\t\t\t\t\t\t<\/div>\n\t\t\t\t<\/div>\n\t\t\t\t<div class=\"elementor-element elementor-element-0b06f4f elementor-widget elementor-widget-text-editor\" data-id=\"0b06f4f\" data-element_type=\"widget\" data-widget_type=\"text-editor.default\">\n\t\t\t\t<div class=\"elementor-widget-container\">\n\t\t\t\t\t\t\t\t\t<p><strong>Madrid, 4 de junio de 2025.<\/strong> <strong>Easyfairs<\/strong> se une un a\u00f1o m\u00e1s a la celebraci\u00f3n del <strong>Global Exhibitions Day, <\/strong>conmemorando el impacto transformador de las ferias comerciales a nivel global. Su 10\u00aa edici\u00f3n, que lleva por lema \u201cLas ferias liberan el potencial\u00bb, destaca el valor de este tipo de eventos para impulsar no solo el crecimiento econ\u00f3mico, sino tambi\u00e9n la competitividad industrial y la generaci\u00f3n de oportunidades de empleo en Espa\u00f1a y a nivel internacional.<\/p><p>Seg\u00fan datos de la Asociaci\u00f3n de Ferias Espa\u00f1olas (AFE), la actividad ferial genera cada a\u00f1o m\u00e1s de <strong>13.000 millones de euros de impacto econ\u00f3mico<\/strong> y m\u00e1s de <strong>123.000 empleos directos e indirectos en Espa\u00f1a<\/strong>. Adem\u00e1s, su contribuci\u00f3n al PIB nacional supone unos 6.500 millones de euros, seg\u00fan la asociaci\u00f3n. Estas cifras consolidan una vez m\u00e1s a Espa\u00f1a como uno de los l\u00edderes europeos junto a Alemania, Francia, Italia y Reino Unido.<\/p><p>\u201c<em>Las ferias son mucho m\u00e1s que encuentros sectoriales: son verdaderos aceleradores de negocio, innovaci\u00f3n y progreso. Desde Easyfairs, queremos que nuestros eventos sean una plataforma donde sectores estrat\u00e9gicos liberen todo su potencial y donde las empresas, grandes y peque\u00f1as, encuentran el entorno ideal para crecer, colaborar y transformarse<\/em>\u201d, afirma <strong>\u00d3scar Barranco, director general de Easyfairs Iberia<\/strong>.<\/p><p>\u00a0<\/p><p><strong>Ferias que mueven sectores, personas y comunidades<\/strong><\/p><p><strong>Easyfairs<\/strong>, como uno de los principales organizadores de eventos profesionales a nivel europeo, contribuye activamente a este ecosistema con ferias como <strong>Advanced Manufacturing<\/strong>, <strong>Empack<\/strong>, <strong>Logistics &amp; Automation, Logistic &amp; Industrial Build y Worksafe<\/strong>, celebradas en Madrid, Barcelona, Bilbao y Oporto. Estos encuentros re\u00fanen cada a\u00f1o a miles de profesionales y empresas de referencia en sectores clave como la fabricaci\u00f3n industrial, el packaging, la automatizaci\u00f3n, la log\u00edstica y la edificaci\u00f3n industrial.<\/p><p><strong>La 16\u00aa edici\u00f3n de Advanced Manufacturing<\/strong>, volver\u00e1 a traer toda la innovaci\u00f3n industrial de Espa\u00f1a, a trav\u00e9s de su oferta expositiva y programa de ponencias. El evento, tradicionalmente celebrado en Madrid, conquist\u00f3 Barcelona por primera vez en 2024 y este a\u00f1o volver\u00e1 a la capital catalana los d\u00edas 1 y 2 de octubre.<\/p><p>Los profesionales del sector de la log\u00edstica, la automatizaci\u00f3n y el packaging tambi\u00e9n tendr\u00e1n su cita ineludible con <strong>Empack, Logistics &amp; Automation, LIB, los d\u00edas 15 y 16 de octubre. <\/strong>Celebradas anualmente de forma conjunta, estas ferias no son solo punto de referencia nacional con su edici\u00f3n de Madrid, sino que tambi\u00e9n cuentan con ediciones anuales en Bilbao y Oporto.<\/p><p>\u00a0<\/p><p><strong>Eventos para todos los profesionales y sectores<\/strong><\/p><p>A la gran oferta ferial que presenta Easyfairs, se suma el lanzamiento en 2024 de <strong>Logistic &amp; Industrial Build<\/strong>, el primer evento en Espa\u00f1a dedicado en exclusiva a la construcci\u00f3n de espacios log\u00edsticos e industriales, que se celebrar\u00e1 de nuevo junto a Logistics &amp; Automation Madrid en 2025.<\/p><p>Adem\u00e1s, esta edici\u00f3n de Advanced Manufacturing Barcelona vendr\u00e1 acompa\u00f1ada de la inauguraci\u00f3n de <strong>Worksafe<\/strong>, el gran evento europeo sobre seguridad laboral, protecci\u00f3n contra incendios y seguridad industrial, que llega por primera vez a Espa\u00f1a los d\u00edas 1 y 2 de octubre en Fira Barcelona.<\/p><p><strong>\u00a0<\/strong><\/p><p><strong>Fechas clave en 2025<\/strong><\/p><ul><li><strong>Advanced Manufacturing Barcelona y Worksafe: <\/strong>1 y 2 de octubre, en la Fira de Barcelona \u2013 Recinto de Gran V\u00eda<\/li><li><strong>Advanced Manufacturing Madrid: <\/strong>5 y 6 de noviembre, en IFEMA<\/li><li><strong>Empack <\/strong>y <strong>Logistics &amp; Automation y Logistics &amp; Industrial Build: <\/strong>29 y 30 de noviembre, en IFEMA<\/li><\/ul><p>\u00a0<\/p><p><strong>Sobre Easyfairs <\/strong><\/p><p>Easyfairs organiza eventos siendo puntos <strong>de encuentro para las comunidades<\/strong> que<strong> deseen visitar el futuro.<\/strong><\/p><p>Actualmente organizamos 110 eventos presenciales en 12 pa\u00edses (Argelia, B\u00e9lgica, Finlandia, Francia, Alemania, Italia, Pa\u00edses Bajos, Portugal, Espa\u00f1a, Suecia, Suiza y Reino Unido) y gestionamos ocho recintos feriales en B\u00e9lgica, Holanda y Suecia (Amberes, Gante, Malinas-Bruselas Norte, Namur, Gorinchem, Hardenberg, Malm\u00f6 y Estocolmo).<\/p><p>Nos apasiona \u00abfacilitar\u00bb la vida de nuestros clientes y aumentar el retorno de su inversi\u00f3n y de su tiempo a trav\u00e9s de nuestras f\u00f3rmulas integrales (all-in), tecnolog\u00eda avanzada y estrategia centrada en el cliente. <strong>Nuestra oferta digital<\/strong> <strong>adem\u00e1s brinda<\/strong> a estas comunidades excelentes oportunidades <strong>para establecer contactos de manera efectiva y hacer negocios durante<\/strong> todo el a\u00f1o.\u00a0<\/p><p>El Grupo Easyfairs emplea a m\u00e1s de 800 talentos altamente comprometidos, implementa las mejores herramientas de marketing y tecnolog\u00eda y desarrolla marcas con un fuerte atractivo para nuestros stakeholders.<\/p><p>Por sexto a\u00f1o consecutivo, en 2024, Deloitte otorg\u00f3 nuevamente a Easyfairs el estatus de \u201cBest Managed Company\u201d.<\/p><p>Estamos orgullosos de figurar como el 11\u00ba organizador de ferias del mundo, seg\u00fan la clasificaci\u00f3n anual realizada por STAX Consulting.<\/p><p>Visita el futuro con Easyfairs y consulta m\u00e1s informaci\u00f3n en <a href=\"http:\/\/www.easyfairsgroup.com\">www.easyfairsgroup.com<\/a><u>.<\/u><\/p>\t\t\t\t\t\t\t\t<\/div>\n\t\t\t\t<\/div>\n\t\t\t\t\t<\/div>\n\t\t<\/div>\n\t\t\t\t\t<\/div>\n\t\t<\/section>\n\t\t\t\t\t<\/div>\n\t\t<\/div>\n\t\t\t\t\t<\/div>\n\t\t<\/section>\n\t\t\t\t<\/div>\n\t\t","protected":false},"excerpt":{"rendered":"<p>Easyfairs destaca el papel de las ferias como motor del potencial econ\u00f3mico e industrial Madrid, 4 de junio de 2025. Easyfairs se une un a\u00f1o m\u00e1s a la celebraci\u00f3n del Global Exhibitions Day, conmemorando el impacto transformador de las ferias comerciales a nivel global. Su 10\u00aa edici\u00f3n, que lleva por lema \u201cLas ferias liberan el [&hellip;]<\/p>\n","protected":false},"author":1481,"featured_media":445978,"comment_status":"open","ping_status":"open","sticky":false,"template":"","format":"standard","meta":{"_seopress_robots_primary_cat":"347","_seopress_titles_title":"Easyfairs destaca el papel de las ferias como motor del potencial econ\u00f3mico e industrial","_seopress_titles_desc":"Con motivo del Global Exhibitions Day, Easyfairs resalta el papel de las ferias como motor de innovaci\u00f3n, empleo y crecimiento econ\u00f3mico. En Espa\u00f1a generan 13.000 millones de euros anuales y m\u00e1s de 123.000 empleos.","_seopress_robots_index":"","footnotes":""},"categories":[347],"tags":[3475,2745,656,3474,354],"edition":[],"class_list":["post-442337","post","type-post","status-publish","format-standard","has-post-thumbnail","hentry","category-notas-de-prensa","tag-empleo","tag-eventos","tag-ferias","tag-globalexhibitionday","tag-innovacion"],"_links":{"self":[{"href":"https:\/\/www.advancedmanufacturingmadrid.com\/es\/wp-json\/wp\/v2\/posts\/442337","targetHints":{"allow":["GET"]}}],"collection":[{"href":"https:\/\/www.advancedmanufacturingmadrid.com\/es\/wp-json\/wp\/v2\/posts"}],"about":[{"href":"https:\/\/www.advancedmanufacturingmadrid.com\/es\/wp-json\/wp\/v2\/types\/post"}],"author":[{"embeddable":true,"href":"https:\/\/www.advancedmanufacturingmadrid.com\/es\/wp-json\/wp\/v2\/users\/1481"}],"replies":[{"embeddable":true,"href":"https:\/\/www.advancedmanufacturingmadrid.com\/es\/wp-json\/wp\/v2\/comments?post=442337"}],"version-history":[{"count":5,"href":"https:\/\/www.advancedmanufacturingmadrid.com\/es\/wp-json\/wp\/v2\/posts\/442337\/revisions"}],"predecessor-version":[{"id":445980,"href":"https:\/\/www.advancedmanufacturingmadrid.com\/es\/wp-json\/wp\/v2\/posts\/442337\/revisions\/445980"}],"wp:featuredmedia":[{"embeddable":true,"href":"https:\/\/www.advancedmanufacturingmadrid.com\/es\/wp-json\/wp\/v2\/media\/445978"}],"wp:attachment":[{"href":"https:\/\/www.advancedmanufacturingmadrid.com\/es\/wp-json\/wp\/v2\/media?parent=442337"}],"wp:term":[{"taxonomy":"category","embeddable":true,"href":"https:\/\/www.advancedmanufacturingmadrid.com\/es\/wp-json\/wp\/v2\/categories?post=442337"},{"taxonomy":"post_tag","embeddable":true,"href":"https:\/\/www.advancedmanufacturingmadrid.com\/es\/wp-json\/wp\/v2\/tags?post=442337"},{"taxonomy":"edition","embeddable":true,"href":"https:\/\/www.advancedmanufacturingmadrid.com\/es\/wp-json\/wp\/v2\/edition?post=442337"}],"curies":[{"name":"wp","href":"https:\/\/api.w.org\/{rel}","templated":true}]}}