{"id":445968,"date":"2025-06-18T16:03:49","date_gmt":"2025-06-18T14:03:49","guid":{"rendered":"https:\/\/www.advancedmanufacturingmadrid.com\/?p=445968"},"modified":"2025-07-04T11:20:58","modified_gmt":"2025-07-04T09:20:58","slug":"ii-estudio-la-industria-europea-ventaja-competitiva-o-perdida-de-liderazgo","status":"publish","type":"post","link":"https:\/\/www.advancedmanufacturingmadrid.com\/es\/2025\/06\/18\/ii-estudio-la-industria-europea-ventaja-competitiva-o-perdida-de-liderazgo\/","title":{"rendered":"II ESTUDIO: La industria europea: \u00bfventaja competitiva o p\u00e9rdida de liderazgo?"},"content":{"rendered":"\t\t<div data-elementor-type=\"wp-post\" data-elementor-id=\"445968\" class=\"elementor elementor-445968\" data-elementor-post-type=\"post\">\n\t\t\t\t\t\t<section class=\"elementor-section elementor-top-section elementor-element elementor-element-5581984 elementor-section-boxed elementor-section-height-default elementor-section-height-default\" data-id=\"5581984\" data-element_type=\"section\">\n\t\t\t\t\t\t<div class=\"elementor-container elementor-column-gap-default\">\n\t\t\t\t\t<div class=\"elementor-column elementor-col-100 elementor-top-column elementor-element elementor-element-18eb377\" data-id=\"18eb377\" data-element_type=\"column\">\n\t\t\t<div class=\"elementor-widget-wrap elementor-element-populated\">\n\t\t\t\t\t\t<section class=\"elementor-section elementor-inner-section elementor-element elementor-element-6bd3592 elementor-section-boxed elementor-section-height-default elementor-section-height-default\" data-id=\"6bd3592\" data-element_type=\"section\">\n\t\t\t\t\t\t<div class=\"elementor-container elementor-column-gap-default\">\n\t\t\t\t\t<div class=\"elementor-column elementor-col-100 elementor-inner-column elementor-element elementor-element-137e706\" data-id=\"137e706\" data-element_type=\"column\">\n\t\t\t<div class=\"elementor-widget-wrap elementor-element-populated\">\n\t\t\t\t\t\t<div class=\"elementor-element elementor-element-a03c104 elementor-widget elementor-widget-text-editor\" data-id=\"a03c104\" data-element_type=\"widget\" data-widget_type=\"text-editor.default\">\n\t\t\t\t<div class=\"elementor-widget-container\">\n\t\t\t\t\t\t\t\t\t<p><b><span data-contrast=\"none\">La industria europea: \u00bfventaja competitiva o p\u00e9rdida de liderazgo?<\/span><\/b><span data-ccp-props=\"{&quot;201341983&quot;:0,&quot;335551550&quot;:2,&quot;335551620&quot;:2,&quot;335559739&quot;:0,&quot;335559740&quot;:240}\">\u00a0<\/span><\/p>\t\t\t\t\t\t\t\t<\/div>\n\t\t\t\t<\/div>\n\t\t\t\t<div class=\"elementor-element elementor-element-462d40c elementor-widget elementor-widget-spacer\" data-id=\"462d40c\" data-element_type=\"widget\" data-widget_type=\"spacer.default\">\n\t\t\t\t<div class=\"elementor-widget-container\">\n\t\t\t\t\t\t\t<div class=\"elementor-spacer\">\n\t\t\t<div class=\"elementor-spacer-inner\"><\/div>\n\t\t<\/div>\n\t\t\t\t\t\t<\/div>\n\t\t\t\t<\/div>\n\t\t\t\t\t<\/div>\n\t\t<\/div>\n\t\t\t\t\t<\/div>\n\t\t<\/section>\n\t\t\t\t<section class=\"elementor-section elementor-inner-section elementor-element elementor-element-72007db elementor-section-boxed elementor-section-height-default elementor-section-height-default\" data-id=\"72007db\" data-element_type=\"section\">\n\t\t\t\t\t\t<div class=\"elementor-container elementor-column-gap-default\">\n\t\t\t\t\t<div class=\"elementor-column elementor-col-100 elementor-inner-column elementor-element elementor-element-43442eb\" data-id=\"43442eb\" data-element_type=\"column\">\n\t\t\t<div class=\"elementor-widget-wrap elementor-element-populated\">\n\t\t\t\t\t\t<div class=\"elementor-element elementor-element-00de1ac elementor-widget elementor-widget-post-info\" data-id=\"00de1ac\" data-element_type=\"widget\" data-widget_type=\"post-info.default\">\n\t\t\t\t<div class=\"elementor-widget-container\">\n\t\t\t\t\t\t\t<ul class=\"elementor-inline-items elementor-icon-list-items elementor-post-info\">\n\t\t\t\t\t\t\t\t<li class=\"elementor-icon-list-item elementor-repeater-item-e3c1486 elementor-inline-item\" itemprop=\"datePublished\">\n\t\t\t\t\t\t<a href=\"https:\/\/www.advancedmanufacturingmadrid.com\/es\/2025\/06\/18\/\">\n\t\t\t\t\t\t\t\t\t\t\t<span class=\"elementor-icon-list-icon\">\n\t\t\t\t\t\t\t\t<i aria-hidden=\"true\" class=\"fas fa-calendar\"><\/i>\t\t\t\t\t\t\t<\/span>\n\t\t\t\t\t\t\t\t\t<span class=\"elementor-icon-list-text elementor-post-info__item elementor-post-info__item--type-date\">\n\t\t\t\t\t\t\t\t\t\t<time>junio 18, 2025<\/time>\t\t\t\t\t<\/span>\n\t\t\t\t\t\t\t\t\t<\/a>\n\t\t\t\t<\/li>\n\t\t\t\t<\/ul>\n\t\t\t\t\t\t<\/div>\n\t\t\t\t<\/div>\n\t\t\t\t\t<\/div>\n\t\t<\/div>\n\t\t\t\t\t<\/div>\n\t\t<\/section>\n\t\t\t\t<section class=\"elementor-section elementor-inner-section elementor-element elementor-element-249fae3 elementor-section-boxed elementor-section-height-default elementor-section-height-default\" data-id=\"249fae3\" data-element_type=\"section\">\n\t\t\t\t\t\t<div class=\"elementor-container elementor-column-gap-default\">\n\t\t\t\t\t<div class=\"elementor-column elementor-col-100 elementor-inner-column elementor-element elementor-element-fe9adc3\" data-id=\"fe9adc3\" data-element_type=\"column\">\n\t\t\t<div class=\"elementor-widget-wrap elementor-element-populated\">\n\t\t\t\t\t\t<div class=\"elementor-element elementor-element-8187850 elementor-widget__width-initial elementor-widget elementor-widget-image\" data-id=\"8187850\" data-element_type=\"widget\" data-widget_type=\"image.default\">\n\t\t\t\t<div class=\"elementor-widget-container\">\n\t\t\t\t\t\t\t\t\t\t\t\t\t\t\t<img fetchpriority=\"high\" decoding=\"async\" width=\"800\" height=\"420\" src=\"https:\/\/easyfairsassets.com\/sites\/79\/2025\/06\/II-Estudio-1024x538.png\" class=\"attachment-large size-large wp-image-445972\" alt=\"II Estudio\" srcset=\"https:\/\/easyfairsassets.com\/sites\/79\/2025\/06\/II-Estudio-1024x538.png 1024w, https:\/\/easyfairsassets.com\/sites\/79\/2025\/06\/II-Estudio-300x158.png 300w, https:\/\/easyfairsassets.com\/sites\/79\/2025\/06\/II-Estudio-768x403.png 768w, https:\/\/easyfairsassets.com\/sites\/79\/2025\/06\/II-Estudio-1536x806.png 1536w, https:\/\/easyfairsassets.com\/sites\/79\/2025\/06\/II-Estudio.png 1920w\" sizes=\"(max-width: 800px) 100vw, 800px\" \/>\t\t\t\t\t\t\t\t\t\t\t\t\t\t\t<\/div>\n\t\t\t\t<\/div>\n\t\t\t\t<div class=\"elementor-element elementor-element-7880733 elementor-widget elementor-widget-spacer\" data-id=\"7880733\" data-element_type=\"widget\" data-widget_type=\"spacer.default\">\n\t\t\t\t<div class=\"elementor-widget-container\">\n\t\t\t\t\t\t\t<div class=\"elementor-spacer\">\n\t\t\t<div class=\"elementor-spacer-inner\"><\/div>\n\t\t<\/div>\n\t\t\t\t\t\t<\/div>\n\t\t\t\t<\/div>\n\t\t\t\t<div class=\"elementor-element elementor-element-0b06f4f elementor-widget elementor-widget-text-editor\" data-id=\"0b06f4f\" data-element_type=\"widget\" data-widget_type=\"text-editor.default\">\n\t\t\t\t<div class=\"elementor-widget-container\">\n\t\t\t\t\t\t\t\t\t<ul>\n<li data-leveltext=\"\uf0b7\" data-font=\"Symbol\" data-listid=\"1\" data-list-defn-props=\"{&quot;335552541&quot;:1,&quot;335559685&quot;:720,&quot;335559991&quot;:360,&quot;469769226&quot;:&quot;Symbol&quot;,&quot;469769242&quot;:[8226],&quot;469777803&quot;:&quot;left&quot;,&quot;469777804&quot;:&quot;\uf0b7&quot;,&quot;469777815&quot;:&quot;hybridMultilevel&quot;}\" aria-setsize=\"-1\" data-aria-posinset=\"1\" data-aria-level=\"1\"><b><span data-contrast=\"auto\">El nuevo estudio de Easyfairs, organizador de Advanced Manufacturing Madrid y Barcelona, revela la creciente preocupaci\u00f3n del sector por el retraso de Europa en digitalizaci\u00f3n e innovaci\u00f3n industrial.<\/span><\/b><span data-ccp-props=\"{&quot;201341983&quot;:0,&quot;335551550&quot;:6,&quot;335551620&quot;:6,&quot;335559740&quot;:276}\">\u00a0<\/span><\/li>\n<\/ul>\n<ul>\n<li data-leveltext=\"\uf0b7\" data-font=\"Symbol\" data-listid=\"1\" data-list-defn-props=\"{&quot;335552541&quot;:1,&quot;335559685&quot;:720,&quot;335559991&quot;:360,&quot;469769226&quot;:&quot;Symbol&quot;,&quot;469769242&quot;:[8226],&quot;469777803&quot;:&quot;left&quot;,&quot;469777804&quot;:&quot;\uf0b7&quot;,&quot;469777815&quot;:&quot;hybridMultilevel&quot;}\" aria-setsize=\"-1\" data-aria-posinset=\"2\" data-aria-level=\"1\"><b><span data-contrast=\"auto\">Solo un 10,6% considera que Europa lidera en competitividad frente a otras potencias, mientras que un 63,7% cree que va por detr\u00e1s en tecnolog\u00edas clave como la inteligencia artificial.<\/span><\/b><span data-ccp-props=\"{&quot;201341983&quot;:0,&quot;335551550&quot;:6,&quot;335551620&quot;:6,&quot;335559740&quot;:276}\">\u00a0<\/span><\/li>\n<\/ul>\n<ul>\n<li data-leveltext=\"\uf0b7\" data-font=\"Symbol\" data-listid=\"1\" data-list-defn-props=\"{&quot;335552541&quot;:1,&quot;335559685&quot;:720,&quot;335559991&quot;:360,&quot;469769226&quot;:&quot;Symbol&quot;,&quot;469769242&quot;:[8226],&quot;469777803&quot;:&quot;left&quot;,&quot;469777804&quot;:&quot;\uf0b7&quot;,&quot;469777815&quot;:&quot;hybridMultilevel&quot;}\" aria-setsize=\"-1\" data-aria-posinset=\"3\" data-aria-level=\"1\"><b><span data-contrast=\"auto\">Burocracia, costes laborales y falta de apoyo gubernamental figuran entre los principales obst\u00e1culos para la competitividad industrial.<\/span><\/b><span data-ccp-props=\"{&quot;201341983&quot;:0,&quot;335551550&quot;:6,&quot;335551620&quot;:6,&quot;335559740&quot;:276}\">\u00a0<\/span><\/li>\n<\/ul>\n<ul>\n<li data-leveltext=\"\uf0b7\" data-font=\"Symbol\" data-listid=\"1\" data-list-defn-props=\"{&quot;335552541&quot;:1,&quot;335559685&quot;:720,&quot;335559991&quot;:360,&quot;469769226&quot;:&quot;Symbol&quot;,&quot;469769242&quot;:[8226],&quot;469777803&quot;:&quot;left&quot;,&quot;469777804&quot;:&quot;\uf0b7&quot;,&quot;469777815&quot;:&quot;hybridMultilevel&quot;}\" aria-setsize=\"-1\" data-aria-posinset=\"4\" data-aria-level=\"1\"><b><span data-contrast=\"auto\">Los nuevos aranceles de EE. UU. tambi\u00e9n generan incertidumbre: un 44,7% teme que afecten a su negocio, aunque de forma limitada.<\/span><\/b><span data-ccp-props=\"{&quot;201341983&quot;:0,&quot;335551550&quot;:6,&quot;335551620&quot;:6,&quot;335559740&quot;:276}\">\u00a0<\/span><\/li>\n<\/ul>\n<p>\u00a0<\/p>\t\t\t\t\t\t\t\t<\/div>\n\t\t\t\t<\/div>\n\t\t\t\t<div class=\"elementor-element elementor-element-38a526b elementor-widget elementor-widget-text-editor\" data-id=\"38a526b\" data-element_type=\"widget\" data-widget_type=\"text-editor.default\">\n\t\t\t\t<div class=\"elementor-widget-container\">\n\t\t\t\t\t\t\t\t\t<p><b><span data-contrast=\"none\">Madrid, 19 de junio de 2025. <\/span><\/b><span data-contrast=\"auto\">La industria europea pierde ritmo frente a sus competidores globales. As\u00ed lo refleja el informe \u201c<\/span><b><i><span data-contrast=\"auto\">La industria europea: \u00bfventaja competitiva o p\u00e9rdida de liderazgo? Estudio sobre la percepci\u00f3n de los profesionales en Espa\u00f1a sobre el futuro del sector \u2013 2025<\/span><\/i><\/b><span data-contrast=\"auto\">\u201d. Elaborado por Easyfairs, organizador de las ferias profesionales Advanced Manufacturing Madrid y Barcelona, el estudio recoge una conclusi\u00f3n clara: el 63,7% de los profesionales del sector considera que Europa est\u00e1 por detr\u00e1s de EE. UU. y China en digitalizaci\u00f3n y adopci\u00f3n tecnol\u00f3gica. Solo un 2,2% cree que el continente avanza al ritmo necesario para mantener su competitividad, mientras que el 30,1% afirma que, aunque est\u00e1 avanzando, existen todav\u00eda barreras importantes.<\/span><span data-ccp-props=\"{&quot;335551550&quot;:6,&quot;335551620&quot;:6}\">\u00a0<\/span><\/p>\n<p><span data-contrast=\"auto\">Asimismo, los datos del informe muestran una percepci\u00f3n preocupante: solo el 10,6% de los encuestados cree que Europa lidera en competitividad industrial. En cambio, el 47,4% la sit\u00faa claramente por detr\u00e1s. La calidad y seguridad del producto (64,6%), las condiciones laborales (63,3%) y la regulaci\u00f3n medioambiental (57,1%) siguen siendo los grandes valores diferenciales de la industria europea. Sin embargo, el exceso de burocracia (78,8%), los altos costes laborales (56,2%) y la dependencia de proveedores externos (52,7%) lastran su competitividad.<\/span><span data-ccp-props=\"{&quot;335551550&quot;:6,&quot;335551620&quot;:6}\">\u00a0<\/span><\/p>\n<p><b><span data-contrast=\"none\">Un futuro incierto para la industria europea<\/span><\/b><span data-ccp-props=\"{&quot;335551550&quot;:6,&quot;335551620&quot;:6}\">\u00a0<\/span><\/p>\n<p><span data-contrast=\"auto\">El 42,5% de los profesionales del sector cree que la competitividad de Europa continuar\u00e1 deterior\u00e1ndose en los pr\u00f3ximos a\u00f1os. Frente a esto, las palancas clave que podr\u00edan revertir esta tendencia ser\u00edan el fortalecimiento de la cadena de suministro europea (56,6%), la digitalizaci\u00f3n y automatizaci\u00f3n de procesos (55,8%), y una mayor cooperaci\u00f3n entre pa\u00edses de la UE (45,1%).<\/span><span data-ccp-props=\"{&quot;335551550&quot;:6,&quot;335551620&quot;:6}\">\u00a0<\/span><\/p>\n<p><span data-contrast=\"auto\">Pese a estos retos, el 50% del sector cree que Europa est\u00e1 \u201crelativamente preparada\u201d para competir a nivel global en la pr\u00f3xima d\u00e9cada, aunque un 37,2% lo ve con escepticismo. Adem\u00e1s, el 75,2% considera que los gobiernos europeos no est\u00e1n tomando medidas eficaces para apoyar al tejido industrial.<\/span><span data-ccp-props=\"{&quot;335551550&quot;:6,&quot;335551620&quot;:6}\">\u00a0<\/span><\/p>\n<p><span data-contrast=\"auto\">\u201c<\/span><i><span data-contrast=\"auto\">El estudio confirma lo que muchas empresas del sector ya percib\u00edan: Europa mantiene grandes fortalezas en calidad, sostenibilidad y derechos laborales, pero necesita acelerar en digitalizaci\u00f3n y autonom\u00eda industrial si quiere seguir siendo competitiva frente a otras potencias. La industria reclama medidas concretas, menos burocracia y m\u00e1s apoyo institucional para no quedarse atr\u00e1s<\/span><\/i><span data-contrast=\"auto\">\u201d, afirma <\/span><b><span data-contrast=\"auto\">Oscar Barranco, director general de Easyfairs Iberia<\/span><\/b><span data-contrast=\"auto\">.<\/span><span data-ccp-props=\"{&quot;335551550&quot;:6,&quot;335551620&quot;:6}\">\u00a0<\/span><\/p>\n<p><b><span data-contrast=\"none\">Aranceles de EE. UU.: impacto moderado, pero preocupaci\u00f3n creciente<\/span><\/b><span data-ccp-props=\"{&quot;335551550&quot;:6,&quot;335551620&quot;:6}\">\u00a0<\/span><\/p>\n<p><span data-contrast=\"auto\">El estudio tambi\u00e9n recoge la percepci\u00f3n del sector ante la nueva oleada de aranceles estadounidenses. Un 44,7% cree que estos tendr\u00e1n un impacto en su empresa, aunque limitado. Para afrontarlo, las principales estrategias ser\u00edan buscar nuevos proveedores (40,3%), ajustar precios (29,6%) o redirigir exportaciones (23%). No obstante, un 31,4% admite no tener a\u00fan una estrategia definida.<\/span><span data-ccp-props=\"{&quot;335551550&quot;:6,&quot;335551620&quot;:6}\">\u00a0<\/span><\/p>\n<p><span data-contrast=\"auto\">Seg\u00fan los encuestados, los sectores que sufrir\u00e1n un mayor impacto son, en primer lugar, la industria manufacturera (67,3%), seguida del sector agroalimentario (62,4%), las energ\u00edas y combustibles (35,8%) y el transporte y la log\u00edstica (26,5%). Esta percepci\u00f3n subraya la vulnerabilidad de \u00e1reas clave de la econom\u00eda nacional ante medidas proteccionistas que tensionan el comercio internacional y refuerzan la necesidad de estrategias de autonom\u00eda y diversificaci\u00f3n de mercados.<\/span><span data-ccp-props=\"{&quot;335551550&quot;:6,&quot;335551620&quot;:6}\">\u00a0<\/span><\/p>\n<p><span data-contrast=\"auto\">Preguntados sobre la mejor respuesta institucional, el 46,5% de los encuestados apuesta por incentivar la producci\u00f3n local como v\u00eda para contrarrestar el proteccionismo estadounidense. Solo un 23,9% considera adecuada la imposici\u00f3n de aranceles rec\u00edprocos.<\/span><span data-ccp-props=\"{&quot;335551550&quot;:6,&quot;335551620&quot;:6}\">\u00a0<\/span><\/p>\n<p><b><span data-contrast=\"none\">\u00bfReindustrializaci\u00f3n o discurso vac\u00edo?<\/span><\/b><span data-ccp-props=\"{&quot;335551550&quot;:6,&quot;335551620&quot;:6}\">\u00a0<\/span><\/p>\n<p><span data-contrast=\"auto\">La reindustrializaci\u00f3n de Europa se percibe como una gran oportunidad, pero no exenta de obst\u00e1culos. El 48,7% cree que es una meta realista, aunque dif\u00edcil. Un 26,5% la considera necesaria y urgente, mientras que un 21,7% la ve como una promesa pol\u00edtica sin medidas concretas.<\/span><span data-ccp-props=\"{&quot;335551550&quot;:6,&quot;335551620&quot;:6}\">\u00a0<\/span><\/p>\n<p><span data-contrast=\"auto\">Para reforzar la competitividad global de Europa, las prioridades estrat\u00e9gicas deben pasar por la inversi\u00f3n en I+D (53,1%), la autonom\u00eda industrial (50,4%) y una mayor flexibilidad regulatoria (45,1%).<\/span><span data-ccp-props=\"{&quot;335551550&quot;:6,&quot;335551620&quot;:6}\">\u00a0<\/span><\/p>\n<p><span data-contrast=\"auto\">\u201c<\/span><i><span data-contrast=\"auto\">A trav\u00e9s de Advanced Manufacturing Madrid y Barcelona queremos ofrecer el espacio donde la industria se activa, se conecta y encuentra soluciones reales a estos desaf\u00edos. La transformaci\u00f3n industrial solo ser\u00e1 posible si unimos innovaci\u00f3n, talento y colaboraci\u00f3n entre todos los actores del ecosistema. Este a\u00f1o, m\u00e1s que nunca, estos eventos profesionales ser\u00e1n el motor que impulse ese cambio<\/span><\/i><span data-contrast=\"auto\">\u201d, concluye <\/span><b><span data-contrast=\"auto\">Oscar Barranco<\/span><\/b><span data-contrast=\"auto\">.<\/span><span data-ccp-props=\"{&quot;335551550&quot;:6,&quot;335551620&quot;:6}\">\u00a0<\/span><\/p>\n<p><b><span data-contrast=\"none\">AMM Madrid y Barcelona: los grandes encuentros de la innovaci\u00f3n industrial<\/span><\/b><span data-ccp-props=\"{&quot;335551550&quot;:6,&quot;335551620&quot;:6}\">\u00a0<\/span><\/p>\n<p><span data-contrast=\"auto\">Easyfairs consolida en 2025 su doble cita anual con la innovaci\u00f3n industrial en Espa\u00f1a. Advanced Manufacturing Barcelona celebrar\u00e1 su segunda edici\u00f3n los d\u00edas 1 y 2 de octubre en el Pabell\u00f3n 1 de Fira de Barcelona \u2013 Recinto Gran V\u00eda, en paralelo al nuevo sal\u00f3n Worksafe, sobre seguridad industrial y laboral. Con m\u00e1s de 250 expositores y 5.000 visitantes profesionales esperados, el evento ampl\u00eda su propuesta con nuevas \u00e1reas tem\u00e1ticas \u2014Metal Working, Automation &amp; Digitalisation, Additive Manufacturing y Surface Treatment\u2014, as\u00ed como un completo programa de contenidos liderado por el Tech Congress 4.0, que abordar\u00e1 retos clave como la IA, la sostenibilidad y la automatizaci\u00f3n industrial.<\/span><span data-ccp-props=\"{&quot;335551550&quot;:6,&quot;335551620&quot;:6}\">\u00a0<\/span><\/p>\n<p><span data-contrast=\"auto\">Por su parte, Advanced Manufacturing Madrid volver\u00e1 a abrir sus puertas los d\u00edas 5 y 6 de noviembre en IFEMA, consolidado como el gran punto de encuentro de la industria 4.0 en nuestro pa\u00eds. Tras batir r\u00e9cord de asistencia en 2024 con m\u00e1s de 13.000 visitantes, la feria reunir\u00e1 a las empresas m\u00e1s innovadoras del sector en sus diferentes \u00e1reas: Metal &amp; Machine Tools, Automation &amp; Digitalisation, Composites Engineering, Surface Treatment, Additive Manufacturing y Quality Control.<\/span><span data-ccp-props=\"{&quot;335551550&quot;:6,&quot;335551620&quot;:6}\">\u00a0<\/span><\/p>\n<p><span data-contrast=\"auto\">Ambas convocatorias refuerzan el papel de Easyfairs como dinamizador del ecosistema industrial espa\u00f1ol, ofreciendo un espacio \u00fanico para el networking, el conocimiento y la activaci\u00f3n de negocios en toda la cadena de valor.<\/span><span data-ccp-props=\"{&quot;335551550&quot;:6,&quot;335551620&quot;:6}\">\u00a0<\/span><\/p>\n<p><span data-ccp-props=\"{&quot;335551550&quot;:6,&quot;335551620&quot;:6}\">\u00a0<\/span><\/p>\n<p><b><span data-contrast=\"none\">Link de registro de <\/span><\/b><a href=\"https:\/\/register.visitcloud.com\/survey\/1dgkucsrgv2ak?utm_source=referral&amp;utm_medium=pr-agent&amp;utm_campaign=ndp&amp;utm_content=apertura-registro&amp;utm_term=AM25&amp;actioncode=100\"><b><span data-contrast=\"none\">Advanced Manufacturing Barcelona<\/span><\/b><\/a><span data-ccp-props=\"{&quot;335551550&quot;:6,&quot;335551620&quot;:6}\">\u00a0<\/span><\/p>\n<p><span data-ccp-props=\"{}\">\u00a0<\/span><\/p>\n<p><b><span data-contrast=\"none\">Sobre Easyfairs\u00a0<\/span><\/b><span data-ccp-props=\"{}\">\u00a0<\/span><\/p>\n<p><span data-contrast=\"auto\">Easyfairs organiza eventos siendo puntos <\/span><b><span data-contrast=\"auto\">de encuentro para las comunidades<\/span><\/b><span data-contrast=\"auto\"> que<\/span><b><span data-contrast=\"auto\"> deseen visitar el futuro.<\/span><\/b><span data-ccp-props=\"{&quot;201341983&quot;:0,&quot;335551550&quot;:6,&quot;335551620&quot;:6,&quot;335559740&quot;:276}\">\u00a0<\/span><\/p>\n<p><span data-contrast=\"auto\">Actualmente organizamos 110 eventos presenciales en 12 pa\u00edses (Argelia, B\u00e9lgica, Finlandia, Francia, Alemania, Italia, Pa\u00edses Bajos, Portugal, Espa\u00f1a, Suecia, Suiza y Reino Unido) y gestionamos ocho recintos feriales en B\u00e9lgica, Holanda y Suecia (Amberes, Gante, Malinas-Bruselas Norte, Namur, Gorinchem, Hardenberg, Malm\u00f6 y Estocolmo).<\/span><span data-ccp-props=\"{&quot;201341983&quot;:0,&quot;335551550&quot;:6,&quot;335551620&quot;:6,&quot;335559740&quot;:276}\">\u00a0<\/span><\/p>\n<p><span data-contrast=\"auto\">Nos apasiona \u00abfacilitar\u00bb la vida de nuestros clientes y aumentar el retorno de su inversi\u00f3n y de su tiempo a trav\u00e9s de nuestras f\u00f3rmulas integrales (all-in), tecnolog\u00eda avanzada y estrategia centrada en el cliente. <\/span><b><span data-contrast=\"auto\">Nuestra oferta digital<\/span><\/b> <b><span data-contrast=\"auto\">adem\u00e1s brinda<\/span><\/b><span data-contrast=\"auto\"> a estas comunidades excelentes oportunidades <\/span><b><span data-contrast=\"auto\">para establecer contactos de manera efectiva y hacer negocios durante<\/span><\/b><span data-contrast=\"auto\"> todo el a\u00f1o.\u00a0\u00a0<\/span><span data-ccp-props=\"{&quot;201341983&quot;:0,&quot;335551550&quot;:6,&quot;335551620&quot;:6,&quot;335559740&quot;:276}\">\u00a0<\/span><\/p>\n<p><span data-contrast=\"auto\">El Grupo Easyfairs emplea a 820 talentos altamente comprometidos, implementa las mejores herramientas de marketing y tecnolog\u00eda y desarrolla marcas con un fuerte atractivo para nuestros stakeholders.<\/span><span data-ccp-props=\"{&quot;201341983&quot;:0,&quot;335551550&quot;:6,&quot;335551620&quot;:6,&quot;335559740&quot;:276}\">\u00a0<\/span><\/p>\n<p><span data-contrast=\"auto\">Por sexto a\u00f1o consecutivo, en 2024, Deloitte otorg\u00f3 nuevamente a Easyfairs el estatus de \u201cBest Managed Company\u201d.<\/span><span data-ccp-props=\"{&quot;201341983&quot;:0,&quot;335551550&quot;:6,&quot;335551620&quot;:6,&quot;335559740&quot;:276}\">\u00a0<\/span><\/p>\n<p><span data-contrast=\"auto\">Estamos orgullosos de figurar como uno de los 20 principales organizadores feriales del mundo, seg\u00fan la clasificaci\u00f3n anual realizada por STAX Consulting.<\/span><span data-ccp-props=\"{&quot;201341983&quot;:0,&quot;335551550&quot;:6,&quot;335551620&quot;:6,&quot;335559740&quot;:276}\">\u00a0<\/span><\/p>\n<p><span data-contrast=\"auto\">Visita el futuro con Easyfairs y consulta m\u00e1s informaci\u00f3n en <\/span><a href=\"http:\/\/www.easyfairsgroup.com\/\"><span data-contrast=\"none\">www.easyfairsgroup.com<\/span><\/a><span data-contrast=\"none\">.<\/span><span data-ccp-props=\"{&quot;201341983&quot;:0,&quot;335551550&quot;:6,&quot;335551620&quot;:6,&quot;335559740&quot;:276}\">\u00a0<\/span><\/p>\n<p><span data-ccp-props=\"{&quot;201341983&quot;:0,&quot;335551550&quot;:6,&quot;335551620&quot;:6,&quot;335559740&quot;:276}\">\u00a0<\/span><\/p>\n<p><b><span data-contrast=\"none\">Para m\u00e1s informaci\u00f3n, por favor contacta con:<\/span><\/b><span data-ccp-props=\"{&quot;201341983&quot;:0,&quot;335551550&quot;:6,&quot;335551620&quot;:6,&quot;335559737&quot;:703,&quot;335559740&quot;:276}\">\u00a0<\/span><\/p>\n<p><b><span data-contrast=\"none\">evercom, agencia de comunicaci\u00f3n de Easyfairs<\/span><\/b><span data-ccp-props=\"{&quot;201341983&quot;:0,&quot;335559739&quot;:0,&quot;335559740&quot;:240}\">\u00a0<\/span><\/p>\n<p><span data-ccp-props=\"{&quot;201341983&quot;:0,&quot;335559739&quot;:0,&quot;335559740&quot;:240,&quot;469777462&quot;:[1644],&quot;469777927&quot;:[0],&quot;469777928&quot;:[1]}\">\u00a0<\/span><\/p>\n<p><span data-contrast=\"none\">Javier Mart\u00ednez<\/span><span data-ccp-props=\"{&quot;201341983&quot;:0,&quot;335559739&quot;:0,&quot;335559740&quot;:240,&quot;469777462&quot;:[1644],&quot;469777927&quot;:[0],&quot;469777928&quot;:[1]}\">\u00a0<\/span><\/p>\n<p><a href=\"mailto:javier.martinez@evercom.es\"><span data-contrast=\"none\">javier.martinez@evercom.es<\/span><\/a><span data-ccp-props=\"{&quot;201341983&quot;:0,&quot;335559739&quot;:0,&quot;335559740&quot;:240}\">\u00a0<\/span><\/p>\n<p><span data-ccp-props=\"{&quot;201341983&quot;:0,&quot;335559739&quot;:0,&quot;335559740&quot;:240,&quot;469777462&quot;:[1644],&quot;469777927&quot;:[0],&quot;469777928&quot;:[1]}\">\u00a0<\/span><\/p>\n<p><span data-contrast=\"none\">Selena Badenas<\/span><span data-ccp-props=\"{&quot;201341983&quot;:0,&quot;335559739&quot;:0,&quot;335559740&quot;:240,&quot;469777462&quot;:[1644],&quot;469777927&quot;:[0],&quot;469777928&quot;:[1]}\">\u00a0<\/span><\/p>\n<p><a href=\"mailto:selena.badenas@evercom.es\"><span data-contrast=\"none\">selena.badenas@evercom.es<\/span><\/a><span data-contrast=\"none\">\u00a0<\/span><span data-ccp-props=\"{&quot;201341983&quot;:0,&quot;335559739&quot;:0,&quot;335559740&quot;:240}\">\u00a0<\/span><\/p>\n<p><span data-contrast=\"none\">Tel. +34 915 77 92 72<\/span><span data-ccp-props=\"{&quot;201341983&quot;:0,&quot;335559739&quot;:0,&quot;335559740&quot;:240,&quot;469777462&quot;:[1644],&quot;469777927&quot;:[0],&quot;469777928&quot;:[1]}\">\u00a0<\/span><\/p>\n<p><span data-ccp-props=\"{}\">\u00a0<\/span><\/p>\n<p><span data-ccp-props=\"{}\">\u00a0<\/span><\/p>\t\t\t\t\t\t\t\t<\/div>\n\t\t\t\t<\/div>\n\t\t\t\t\t<\/div>\n\t\t<\/div>\n\t\t\t\t\t<\/div>\n\t\t<\/section>\n\t\t\t\t\t<\/div>\n\t\t<\/div>\n\t\t\t\t\t<\/div>\n\t\t<\/section>\n\t\t\t\t<\/div>\n\t\t","protected":false},"excerpt":{"rendered":"<p>La industria europea: \u00bfventaja competitiva o p\u00e9rdida de liderazgo?\u00a0 El nuevo estudio de Easyfairs, organizador de Advanced Manufacturing Madrid y Barcelona, revela la creciente preocupaci\u00f3n del sector por el retraso de Europa en digitalizaci\u00f3n e innovaci\u00f3n industrial.\u00a0 Solo un 10,6% considera que Europa lidera en competitividad frente a otras potencias, mientras que un 63,7% cree [&hellip;]<\/p>\n","protected":false},"author":1525,"featured_media":445969,"comment_status":"closed","ping_status":"open","sticky":false,"template":"","format":"standard","meta":{"_seopress_robots_primary_cat":"347","_seopress_titles_title":"La industria europea: \u00bfventaja competitiva o p\u00e9rdida de liderazgo? II ESTUDIO de Advanced Manufacturing","_seopress_titles_desc":"Advanced Manufacturing Madrid y Barcelona, ferias organizadas por Easyfairs, lanzan su II Estudio sobre el sector industrial sobre la percepci\u00f3n de los profesionales en Espa\u00f1a sobre el futuro del sector 2025","_seopress_robots_index":"","footnotes":""},"categories":[347],"tags":[387,3651,2825,1283,2745,656,3652,3650,3653],"edition":[],"class_list":["post-445968","post","type-post","status-publish","format-standard","has-post-thumbnail","hentry","category-notas-de-prensa","tag-espana","tag-estadisticas","tag-estudio","tag-europa","tag-eventos","tag-ferias","tag-liderazgo","tag-sectorindustrial","tag-ventajacompetitiva"],"_links":{"self":[{"href":"https:\/\/www.advancedmanufacturingmadrid.com\/es\/wp-json\/wp\/v2\/posts\/445968","targetHints":{"allow":["GET"]}}],"collection":[{"href":"https:\/\/www.advancedmanufacturingmadrid.com\/es\/wp-json\/wp\/v2\/posts"}],"about":[{"href":"https:\/\/www.advancedmanufacturingmadrid.com\/es\/wp-json\/wp\/v2\/types\/post"}],"author":[{"embeddable":true,"href":"https:\/\/www.advancedmanufacturingmadrid.com\/es\/wp-json\/wp\/v2\/users\/1525"}],"replies":[{"embeddable":true,"href":"https:\/\/www.advancedmanufacturingmadrid.com\/es\/wp-json\/wp\/v2\/comments?post=445968"}],"version-history":[{"count":5,"href":"https:\/\/www.advancedmanufacturingmadrid.com\/es\/wp-json\/wp\/v2\/posts\/445968\/revisions"}],"predecessor-version":[{"id":445977,"href":"https:\/\/www.advancedmanufacturingmadrid.com\/es\/wp-json\/wp\/v2\/posts\/445968\/revisions\/445977"}],"wp:featuredmedia":[{"embeddable":true,"href":"https:\/\/www.advancedmanufacturingmadrid.com\/es\/wp-json\/wp\/v2\/media\/445969"}],"wp:attachment":[{"href":"https:\/\/www.advancedmanufacturingmadrid.com\/es\/wp-json\/wp\/v2\/media?parent=445968"}],"wp:term":[{"taxonomy":"category","embeddable":true,"href":"https:\/\/www.advancedmanufacturingmadrid.com\/es\/wp-json\/wp\/v2\/categories?post=445968"},{"taxonomy":"post_tag","embeddable":true,"href":"https:\/\/www.advancedmanufacturingmadrid.com\/es\/wp-json\/wp\/v2\/tags?post=445968"},{"taxonomy":"edition","embeddable":true,"href":"https:\/\/www.advancedmanufacturingmadrid.com\/es\/wp-json\/wp\/v2\/edition?post=445968"}],"curies":[{"name":"wp","href":"https:\/\/api.w.org\/{rel}","templated":true}]}}