{"id":468223,"date":"2026-01-26T13:24:11","date_gmt":"2026-01-26T12:24:11","guid":{"rendered":"https:\/\/www.advancedmanufacturingmadrid.com\/?p=468223"},"modified":"2026-01-26T17:11:31","modified_gmt":"2026-01-26T16:11:31","slug":"la-afe-aprueba-sus-cuentas-y-memoria-en-su-asamblea-anual-vaticinando-un-fantastico-ejercicio-2026-para-el-sector-ferial-espanol","status":"publish","type":"post","link":"https:\/\/www.advancedmanufacturingmadrid.com\/es\/2026\/01\/26\/la-afe-aprueba-sus-cuentas-y-memoria-en-su-asamblea-anual-vaticinando-un-fantastico-ejercicio-2026-para-el-sector-ferial-espanol\/","title":{"rendered":"La AFE aprueba sus cuentas y memoria en su Asamblea anual vaticinando un fant\u00e1stico ejercicio 2026 para el sector ferial espa\u00f1ol"},"content":{"rendered":"\t\t<div data-elementor-type=\"wp-post\" data-elementor-id=\"468223\" class=\"elementor elementor-468223\" data-elementor-post-type=\"post\">\n\t\t\t\t\t\t<section class=\"elementor-section elementor-top-section elementor-element elementor-element-5581984 elementor-section-boxed elementor-section-height-default elementor-section-height-default\" data-id=\"5581984\" data-element_type=\"section\">\n\t\t\t\t\t\t<div class=\"elementor-container elementor-column-gap-default\">\n\t\t\t\t\t<div class=\"elementor-column elementor-col-100 elementor-top-column elementor-element elementor-element-18eb377\" data-id=\"18eb377\" data-element_type=\"column\">\n\t\t\t<div class=\"elementor-widget-wrap elementor-element-populated\">\n\t\t\t\t\t\t<section class=\"elementor-section elementor-inner-section elementor-element elementor-element-6bd3592 elementor-section-boxed elementor-section-height-default elementor-section-height-default\" data-id=\"6bd3592\" data-element_type=\"section\">\n\t\t\t\t\t\t<div class=\"elementor-container elementor-column-gap-default\">\n\t\t\t\t\t<div class=\"elementor-column elementor-col-100 elementor-inner-column elementor-element elementor-element-137e706\" data-id=\"137e706\" data-element_type=\"column\">\n\t\t\t<div class=\"elementor-widget-wrap elementor-element-populated\">\n\t\t\t\t\t\t<div class=\"elementor-element elementor-element-a03c104 elementor-widget elementor-widget-text-editor\" data-id=\"a03c104\" data-element_type=\"widget\" data-widget_type=\"text-editor.default\">\n\t\t\t\t<div class=\"elementor-widget-container\">\n\t\t\t\t\t\t\t\t\t<p>La AFE aprueba sus cuentas y memoria en su Asamblea anual vaticinando un <br \/>fant\u00e1stico ejercicio 2026 para el sector ferial espa\u00f1ol<\/p>\t\t\t\t\t\t\t\t<\/div>\n\t\t\t\t<\/div>\n\t\t\t\t<div class=\"elementor-element elementor-element-462d40c elementor-widget elementor-widget-spacer\" data-id=\"462d40c\" data-element_type=\"widget\" data-widget_type=\"spacer.default\">\n\t\t\t\t<div class=\"elementor-widget-container\">\n\t\t\t\t\t\t\t<div class=\"elementor-spacer\">\n\t\t\t<div class=\"elementor-spacer-inner\"><\/div>\n\t\t<\/div>\n\t\t\t\t\t\t<\/div>\n\t\t\t\t<\/div>\n\t\t\t\t\t<\/div>\n\t\t<\/div>\n\t\t\t\t\t<\/div>\n\t\t<\/section>\n\t\t\t\t<section class=\"elementor-section elementor-inner-section elementor-element elementor-element-72007db elementor-section-boxed elementor-section-height-default elementor-section-height-default\" data-id=\"72007db\" data-element_type=\"section\">\n\t\t\t\t\t\t<div class=\"elementor-container elementor-column-gap-default\">\n\t\t\t\t\t<div class=\"elementor-column elementor-col-100 elementor-inner-column elementor-element elementor-element-43442eb\" data-id=\"43442eb\" data-element_type=\"column\">\n\t\t\t<div class=\"elementor-widget-wrap elementor-element-populated\">\n\t\t\t\t\t\t<div class=\"elementor-element elementor-element-00de1ac elementor-widget elementor-widget-post-info\" data-id=\"00de1ac\" data-element_type=\"widget\" data-widget_type=\"post-info.default\">\n\t\t\t\t<div class=\"elementor-widget-container\">\n\t\t\t\t\t\t\t<ul class=\"elementor-inline-items elementor-icon-list-items elementor-post-info\">\n\t\t\t\t\t\t\t\t<li class=\"elementor-icon-list-item elementor-repeater-item-e3c1486 elementor-inline-item\" itemprop=\"datePublished\">\n\t\t\t\t\t\t<a href=\"https:\/\/www.advancedmanufacturingmadrid.com\/es\/2026\/01\/26\/\">\n\t\t\t\t\t\t\t\t\t\t\t<span class=\"elementor-icon-list-icon\">\n\t\t\t\t\t\t\t\t<i aria-hidden=\"true\" class=\"fas fa-calendar\"><\/i>\t\t\t\t\t\t\t<\/span>\n\t\t\t\t\t\t\t\t\t<span class=\"elementor-icon-list-text elementor-post-info__item elementor-post-info__item--type-date\">\n\t\t\t\t\t\t\t\t\t\t<time>enero 26, 2026<\/time>\t\t\t\t\t<\/span>\n\t\t\t\t\t\t\t\t\t<\/a>\n\t\t\t\t<\/li>\n\t\t\t\t<\/ul>\n\t\t\t\t\t\t<\/div>\n\t\t\t\t<\/div>\n\t\t\t\t\t<\/div>\n\t\t<\/div>\n\t\t\t\t\t<\/div>\n\t\t<\/section>\n\t\t\t\t<section class=\"elementor-section elementor-inner-section elementor-element elementor-element-249fae3 elementor-section-boxed elementor-section-height-default elementor-section-height-default\" data-id=\"249fae3\" data-element_type=\"section\">\n\t\t\t\t\t\t<div class=\"elementor-container elementor-column-gap-default\">\n\t\t\t\t\t<div class=\"elementor-column elementor-col-100 elementor-inner-column elementor-element elementor-element-fe9adc3\" data-id=\"fe9adc3\" data-element_type=\"column\">\n\t\t\t<div class=\"elementor-widget-wrap elementor-element-populated\">\n\t\t\t\t\t\t<div class=\"elementor-element elementor-element-8187850 elementor-widget__width-initial elementor-widget elementor-widget-image\" data-id=\"8187850\" data-element_type=\"widget\" data-widget_type=\"image.default\">\n\t\t\t\t<div class=\"elementor-widget-container\">\n\t\t\t\t\t\t\t\t\t\t\t\t\t\t\t<img fetchpriority=\"high\" decoding=\"async\" width=\"800\" height=\"600\" src=\"https:\/\/easyfairsassets.com\/sites\/79\/2026\/01\/afe-1-1024x768.jpeg\" class=\"attachment-large size-large wp-image-468226\" alt=\"afe\" srcset=\"https:\/\/easyfairsassets.com\/sites\/79\/2026\/01\/afe-1-1024x768.jpeg 1024w, https:\/\/easyfairsassets.com\/sites\/79\/2026\/01\/afe-1-300x225.jpeg 300w, https:\/\/easyfairsassets.com\/sites\/79\/2026\/01\/afe-1-768x576.jpeg 768w, https:\/\/easyfairsassets.com\/sites\/79\/2026\/01\/afe-1-1536x1152.jpeg 1536w, https:\/\/easyfairsassets.com\/sites\/79\/2026\/01\/afe-1.jpeg 1920w\" sizes=\"(max-width: 800px) 100vw, 800px\" \/>\t\t\t\t\t\t\t\t\t\t\t\t\t\t\t<\/div>\n\t\t\t\t<\/div>\n\t\t\t\t<div class=\"elementor-element elementor-element-7880733 elementor-widget elementor-widget-spacer\" data-id=\"7880733\" data-element_type=\"widget\" data-widget_type=\"spacer.default\">\n\t\t\t\t<div class=\"elementor-widget-container\">\n\t\t\t\t\t\t\t<div class=\"elementor-spacer\">\n\t\t\t<div class=\"elementor-spacer-inner\"><\/div>\n\t\t<\/div>\n\t\t\t\t\t\t<\/div>\n\t\t\t\t<\/div>\n\t\t\t\t<div class=\"elementor-element elementor-element-0b06f4f elementor-widget elementor-widget-text-editor\" data-id=\"0b06f4f\" data-element_type=\"widget\" data-widget_type=\"text-editor.default\">\n\t\t\t\t<div class=\"elementor-widget-container\">\n\t\t\t\t\t\t\t\t\t<p data-start=\"217\" data-end=\"350\"><strong data-start=\"217\" data-end=\"350\">La AFE aprueba sus cuentas y memoria en su Asamblea anual, vaticinando un fant\u00e1stico ejercicio 2026 para el sector ferial espa\u00f1ol<\/strong><\/p>\n<p data-start=\"352\" data-end=\"662\">La AFE ha aprobado las cuentas y la memoria anuales, el presupuesto y las actividades previstas para 2026, y ha ratificado la adhesi\u00f3n de nueve nuevos socios.<br data-start=\"510\" data-end=\"513\" \/>La asociaci\u00f3n ha hecho p\u00fablicas las cifras de impacto econ\u00f3mico generado por la actividad ferial en Espa\u00f1a a partir de los datos registrados en 2024.<\/p>\n<p data-start=\"664\" data-end=\"952\"><strong data-start=\"664\" data-end=\"696\">Madrid, 23 de enero de 2026.<\/strong>\u2013 La Asociaci\u00f3n de Ferias Espa\u00f1olas (AFE) ha celebrado su Asamblea General el jueves 22 de enero en las instalaciones de IFEMA MADRID, coincidiendo con la celebraci\u00f3n de FITUR, Feria Internacional de Turismo, como viene siendo habitual en los \u00faltimos a\u00f1os.<\/p>\n<p data-start=\"954\" data-end=\"1196\">Durante la Asamblea, los miembros de la asociaci\u00f3n han repasado las actividades realizadas en 2025 y han aprobado la memoria y las cuentas anuales, as\u00ed como el presupuesto de ingresos y gastos y el programa de actividades previstas para 2026.<\/p>\n<p data-start=\"1198\" data-end=\"1365\">Asimismo, la Asamblea ha ratificado la incorporaci\u00f3n de nueve nuevos miembros a la asociaci\u00f3n, de los cuales tres son socios organizadores y seis socios colaboradores:<\/p>\n<ul data-start=\"1367\" data-end=\"1610\">\n<li data-start=\"1367\" data-end=\"1389\">\n<p data-start=\"1369\" data-end=\"1389\">IFEJA, Ferias Ja\u00e9n<\/p>\n<\/li>\n<li data-start=\"1390\" data-end=\"1411\">\n<p data-start=\"1392\" data-end=\"1411\">Fundaci\u00f3n Feindef<\/p>\n<\/li>\n<li data-start=\"1412\" data-end=\"1453\">\n<p data-start=\"1414\" data-end=\"1453\">FERMASA, Feria de Muestras de Armilla<\/p>\n<\/li>\n<li data-start=\"1454\" data-end=\"1470\">\n<p data-start=\"1456\" data-end=\"1470\">Aluvision NV<\/p>\n<\/li>\n<li data-start=\"1471\" data-end=\"1507\">\n<p data-start=\"1473\" data-end=\"1507\">Europfast Log\u00edstica Espa\u00f1a, S.L.<\/p>\n<\/li>\n<li data-start=\"1508\" data-end=\"1523\">\n<p data-start=\"1510\" data-end=\"1523\">Bematrix HQ<\/p>\n<\/li>\n<li data-start=\"1524\" data-end=\"1551\">\n<p data-start=\"1526\" data-end=\"1551\">Moss Place Makers Spain<\/p>\n<\/li>\n<li data-start=\"1552\" data-end=\"1580\">\n<p data-start=\"1554\" data-end=\"1580\">Barter Partnership, S.L.<\/p>\n<\/li>\n<li data-start=\"1581\" data-end=\"1610\">\n<p data-start=\"1583\" data-end=\"1610\">B Network Management S.L.U.<\/p>\n<\/li>\n<\/ul>\n<p data-start=\"1612\" data-end=\"1974\">Durante la sesi\u00f3n tambi\u00e9n se han presentado los datos de facturaci\u00f3n en Espa\u00f1a correspondientes al ejercicio 2024 del conjunto de miembros de la asociaci\u00f3n, que alcanzaron los 880 millones de euros, as\u00ed como el n\u00famero de personas vinculadas a la actividad ferial, que asciende a 2.580 profesionales, con una distribuci\u00f3n del 51 % de hombres y el 49 % de mujeres.<\/p>\n<p data-start=\"1976\" data-end=\"2337\">Igualmente, se han dado a conocer las conclusiones del estudio de impacto econ\u00f3mico del sector ferial espa\u00f1ol, elaborado por Oxford Economics con datos de 2024. Dicho estudio cifra el impacto directo, indirecto e inducido en 13.600 millones de euros, con una aportaci\u00f3n al PIB de 6.900 millones de euros y la generaci\u00f3n de 124.400 empleos directos e indirectos.<\/p>\n<p data-start=\"2339\" data-end=\"2432\">Una vez finalizada la Asamblea General, el presidente de AFE, Xabier Basa\u00f1ez, ha declarado:<\/p>\n<blockquote data-start=\"2433\" data-end=\"2801\">\n<p data-start=\"2435\" data-end=\"2801\">\u201cLa informaci\u00f3n preliminar de la que disponemos nos permite afirmar que 2025 ha sido nuevamente un a\u00f1o extraordinario para la industria ferial en Espa\u00f1a, y todo apunta a que 2026 mantendr\u00e1 esta tendencia creciente. La incorporaci\u00f3n de nueve nuevos socios implica una mayor fortaleza y representatividad para la asociaci\u00f3n dentro del panorama ferial de nuestro pa\u00eds\u201d.<\/p>\n<\/blockquote>\n<p data-start=\"2803\" data-end=\"3473\">Por \u00faltimo, aprovechando la celebraci\u00f3n de FITUR y la destacada presencia de representantes de M\u00e9xico en esta edici\u00f3n, se ha formalizado la firma de un Memor\u00e1ndum de Entendimiento entre la Asociaci\u00f3n Mexicana de Profesionales en Ferias, Exposiciones y Congresos (AMPROFEC) y la Asociaci\u00f3n de Ferias Espa\u00f1olas (AFE). Este acuerdo establece una alianza estrat\u00e9gica con el objetivo de fomentar el desarrollo conjunto de ambas organizaciones y reforzar la industria ferial en ambos pa\u00edses. El documento ha sido firmado por Julio C\u00e9sar Boj\u00f3rquez, presidente de AMPROFEC 2024-2026; Jorge Arizmendi, presidente electo de AMPROFEC 2026-2028; y Xabier Basa\u00f1ez, presidente de AFE.<\/p>\n<hr data-start=\"3475\" data-end=\"3478\" \/>\n<p data-start=\"3480\" data-end=\"3618\"><strong data-start=\"3480\" data-end=\"3520\">Asociaci\u00f3n de Ferias Espa\u00f1olas (AFE)<\/strong><br data-start=\"3520\" data-end=\"3523\" \/>C\/ Ribera del Loira, 12 \u2013 28042 Madrid<br data-start=\"3561\" data-end=\"3564\" \/>Tel.: +34 680 214 893<br data-start=\"3585\" data-end=\"3588\" \/><a class=\"decorated-link cursor-pointer\" rel=\"noopener\" data-start=\"3588\" data-end=\"3603\">jpuchalt@afe.es<\/a><br data-start=\"3603\" data-end=\"3606\" \/><a class=\"decorated-link\" href=\"http:\/\/www.afe.es\" target=\"_new\" rel=\"noopener\" data-start=\"3606\" data-end=\"3616\">www.afe.es<\/a><\/p>\n<p data-start=\"3620\" data-end=\"3927\">La Asociaci\u00f3n de Ferias Espa\u00f1olas, entidad sin \u00e1nimo de lucro constituida en 1964, cuenta con 53 miembros asociados y representa el 90 % de la actividad ferial en Espa\u00f1a. Nuestro pa\u00eds se sit\u00faa entre los principales referentes europeos en materia ferial, junto con Alemania, Francia, Italia y el Reino Unido.<\/p>\t\t\t\t\t\t\t\t<\/div>\n\t\t\t\t<\/div>\n\t\t\t\t\t<\/div>\n\t\t<\/div>\n\t\t\t\t\t<\/div>\n\t\t<\/section>\n\t\t\t\t\t<\/div>\n\t\t<\/div>\n\t\t\t\t\t<\/div>\n\t\t<\/section>\n\t\t\t\t<\/div>\n\t\t","protected":false},"excerpt":{"rendered":"<p>La AFE aprueba sus cuentas y memoria en su Asamblea anual vaticinando un fant\u00e1stico ejercicio 2026 para el sector ferial espa\u00f1ol La AFE aprueba sus cuentas y memoria en su Asamblea anual, vaticinando un fant\u00e1stico ejercicio 2026 para el sector ferial espa\u00f1ol La AFE ha aprobado las cuentas y la memoria anuales, el presupuesto y [&hellip;]<\/p>\n","protected":false},"author":1481,"featured_media":464094,"comment_status":"closed","ping_status":"open","sticky":false,"template":"","format":"standard","meta":{"_seopress_robots_primary_cat":"347","_seopress_titles_title":"AFE aprueba sus cuentas y prev\u00e9 un gran 2026 para el sector ferial","_seopress_titles_desc":"La AFE aprueba sus cuentas y memoria, incorpora nuevos socios y anticipa un excelente 2026 para el sector ferial espa\u00f1ol.","_seopress_robots_index":"","footnotes":""},"categories":[347],"tags":[387,3651,2825,1283,2745,656,3652,3650,3653],"edition":[],"class_list":["post-468223","post","type-post","status-publish","format-standard","has-post-thumbnail","hentry","category-notas-de-prensa","tag-espana","tag-estadisticas","tag-estudio","tag-europa","tag-eventos","tag-ferias","tag-liderazgo","tag-sectorindustrial","tag-ventajacompetitiva"],"_links":{"self":[{"href":"https:\/\/www.advancedmanufacturingmadrid.com\/es\/wp-json\/wp\/v2\/posts\/468223","targetHints":{"allow":["GET"]}}],"collection":[{"href":"https:\/\/www.advancedmanufacturingmadrid.com\/es\/wp-json\/wp\/v2\/posts"}],"about":[{"href":"https:\/\/www.advancedmanufacturingmadrid.com\/es\/wp-json\/wp\/v2\/types\/post"}],"author":[{"embeddable":true,"href":"https:\/\/www.advancedmanufacturingmadrid.com\/es\/wp-json\/wp\/v2\/users\/1481"}],"replies":[{"embeddable":true,"href":"https:\/\/www.advancedmanufacturingmadrid.com\/es\/wp-json\/wp\/v2\/comments?post=468223"}],"version-history":[{"count":5,"href":"https:\/\/www.advancedmanufacturingmadrid.com\/es\/wp-json\/wp\/v2\/posts\/468223\/revisions"}],"predecessor-version":[{"id":468232,"href":"https:\/\/www.advancedmanufacturingmadrid.com\/es\/wp-json\/wp\/v2\/posts\/468223\/revisions\/468232"}],"wp:featuredmedia":[{"embeddable":true,"href":"https:\/\/www.advancedmanufacturingmadrid.com\/es\/wp-json\/wp\/v2\/media\/464094"}],"wp:attachment":[{"href":"https:\/\/www.advancedmanufacturingmadrid.com\/es\/wp-json\/wp\/v2\/media?parent=468223"}],"wp:term":[{"taxonomy":"category","embeddable":true,"href":"https:\/\/www.advancedmanufacturingmadrid.com\/es\/wp-json\/wp\/v2\/categories?post=468223"},{"taxonomy":"post_tag","embeddable":true,"href":"https:\/\/www.advancedmanufacturingmadrid.com\/es\/wp-json\/wp\/v2\/tags?post=468223"},{"taxonomy":"edition","embeddable":true,"href":"https:\/\/www.advancedmanufacturingmadrid.com\/es\/wp-json\/wp\/v2\/edition?post=468223"}],"curies":[{"name":"wp","href":"https:\/\/api.w.org\/{rel}","templated":true}]}}