{"id":468287,"date":"2026-01-27T15:33:13","date_gmt":"2026-01-27T14:33:13","guid":{"rendered":"https:\/\/www.advancedmanufacturingmadrid.com\/?p=468287"},"modified":"2026-01-27T15:42:26","modified_gmt":"2026-01-27T14:42:26","slug":"advanced-manufacturing-madrid-reconocida-oficialmente-como-feria-internacional","status":"publish","type":"post","link":"https:\/\/www.advancedmanufacturingmadrid.com\/es\/2026\/01\/27\/advanced-manufacturing-madrid-reconocida-oficialmente-como-feria-internacional\/","title":{"rendered":"Advanced Manufacturing Madrid reconocida oficialmente como feria internacional"},"content":{"rendered":"\t\t<div data-elementor-type=\"wp-post\" data-elementor-id=\"468287\" class=\"elementor elementor-468287\" data-elementor-post-type=\"post\">\n\t\t\t\t\t\t<section class=\"elementor-section elementor-top-section elementor-element elementor-element-5581984 elementor-section-boxed elementor-section-height-default elementor-section-height-default\" data-id=\"5581984\" data-element_type=\"section\">\n\t\t\t\t\t\t<div class=\"elementor-container elementor-column-gap-default\">\n\t\t\t\t\t<div class=\"elementor-column elementor-col-100 elementor-top-column elementor-element elementor-element-18eb377\" data-id=\"18eb377\" data-element_type=\"column\">\n\t\t\t<div class=\"elementor-widget-wrap elementor-element-populated\">\n\t\t\t\t\t\t<section class=\"elementor-section elementor-inner-section elementor-element elementor-element-6bd3592 elementor-section-boxed elementor-section-height-default elementor-section-height-default\" data-id=\"6bd3592\" data-element_type=\"section\">\n\t\t\t\t\t\t<div class=\"elementor-container elementor-column-gap-default\">\n\t\t\t\t\t<div class=\"elementor-column elementor-col-100 elementor-inner-column elementor-element elementor-element-137e706\" data-id=\"137e706\" data-element_type=\"column\">\n\t\t\t<div class=\"elementor-widget-wrap elementor-element-populated\">\n\t\t\t\t\t\t<div class=\"elementor-element elementor-element-a03c104 elementor-widget elementor-widget-text-editor\" data-id=\"a03c104\" data-element_type=\"widget\" data-widget_type=\"text-editor.default\">\n\t\t\t\t<div class=\"elementor-widget-container\">\n\t\t\t\t\t\t\t\t\t<p>Advanced Manufacturing Madrid reconocida oficialmente como feria internacional<\/p>\t\t\t\t\t\t\t\t<\/div>\n\t\t\t\t<\/div>\n\t\t\t\t<div class=\"elementor-element elementor-element-462d40c elementor-widget elementor-widget-spacer\" data-id=\"462d40c\" data-element_type=\"widget\" data-widget_type=\"spacer.default\">\n\t\t\t\t<div class=\"elementor-widget-container\">\n\t\t\t\t\t\t\t<div class=\"elementor-spacer\">\n\t\t\t<div class=\"elementor-spacer-inner\"><\/div>\n\t\t<\/div>\n\t\t\t\t\t\t<\/div>\n\t\t\t\t<\/div>\n\t\t\t\t\t<\/div>\n\t\t<\/div>\n\t\t\t\t\t<\/div>\n\t\t<\/section>\n\t\t\t\t<section class=\"elementor-section elementor-inner-section elementor-element elementor-element-72007db elementor-section-boxed elementor-section-height-default elementor-section-height-default\" data-id=\"72007db\" data-element_type=\"section\">\n\t\t\t\t\t\t<div class=\"elementor-container elementor-column-gap-default\">\n\t\t\t\t\t<div class=\"elementor-column elementor-col-100 elementor-inner-column elementor-element elementor-element-43442eb\" data-id=\"43442eb\" data-element_type=\"column\">\n\t\t\t<div class=\"elementor-widget-wrap elementor-element-populated\">\n\t\t\t\t\t\t<div class=\"elementor-element elementor-element-00de1ac elementor-widget elementor-widget-post-info\" data-id=\"00de1ac\" data-element_type=\"widget\" data-widget_type=\"post-info.default\">\n\t\t\t\t<div class=\"elementor-widget-container\">\n\t\t\t\t\t\t\t<ul class=\"elementor-inline-items elementor-icon-list-items elementor-post-info\">\n\t\t\t\t\t\t\t\t<li class=\"elementor-icon-list-item elementor-repeater-item-e3c1486 elementor-inline-item\" itemprop=\"datePublished\">\n\t\t\t\t\t\t<a href=\"https:\/\/www.advancedmanufacturingmadrid.com\/es\/2026\/01\/27\/\">\n\t\t\t\t\t\t\t\t\t\t\t<span class=\"elementor-icon-list-icon\">\n\t\t\t\t\t\t\t\t<i aria-hidden=\"true\" class=\"fas fa-calendar\"><\/i>\t\t\t\t\t\t\t<\/span>\n\t\t\t\t\t\t\t\t\t<span class=\"elementor-icon-list-text elementor-post-info__item elementor-post-info__item--type-date\">\n\t\t\t\t\t\t\t\t\t\t<time>enero 27, 2026<\/time>\t\t\t\t\t<\/span>\n\t\t\t\t\t\t\t\t\t<\/a>\n\t\t\t\t<\/li>\n\t\t\t\t<\/ul>\n\t\t\t\t\t\t<\/div>\n\t\t\t\t<\/div>\n\t\t\t\t\t<\/div>\n\t\t<\/div>\n\t\t\t\t\t<\/div>\n\t\t<\/section>\n\t\t\t\t<section class=\"elementor-section elementor-inner-section elementor-element elementor-element-249fae3 elementor-section-boxed elementor-section-height-default elementor-section-height-default\" data-id=\"249fae3\" data-element_type=\"section\">\n\t\t\t\t\t\t<div class=\"elementor-container elementor-column-gap-default\">\n\t\t\t\t\t<div class=\"elementor-column elementor-col-100 elementor-inner-column elementor-element elementor-element-fe9adc3\" data-id=\"fe9adc3\" data-element_type=\"column\">\n\t\t\t<div class=\"elementor-widget-wrap elementor-element-populated\">\n\t\t\t\t\t\t<div class=\"elementor-element elementor-element-8187850 elementor-widget__width-initial elementor-widget elementor-widget-image\" data-id=\"8187850\" data-element_type=\"widget\" data-widget_type=\"image.default\">\n\t\t\t\t<div class=\"elementor-widget-container\">\n\t\t\t\t\t\t\t\t\t\t\t\t\t\t\t<img fetchpriority=\"high\" decoding=\"async\" width=\"800\" height=\"534\" src=\"https:\/\/easyfairsassets.com\/sites\/79\/2026\/01\/ADVANCE-2025-1219-1024x683.jpg\" class=\"attachment-large size-large wp-image-468288\" alt=\"Advanced Manufacturing Madrid reconocida oficialmente como feria internacional\" srcset=\"https:\/\/easyfairsassets.com\/sites\/79\/2026\/01\/ADVANCE-2025-1219-1024x683.jpg 1024w, https:\/\/easyfairsassets.com\/sites\/79\/2026\/01\/ADVANCE-2025-1219-300x200.jpg 300w, https:\/\/easyfairsassets.com\/sites\/79\/2026\/01\/ADVANCE-2025-1219-768x512.jpg 768w, https:\/\/easyfairsassets.com\/sites\/79\/2026\/01\/ADVANCE-2025-1219-1536x1024.jpg 1536w, https:\/\/easyfairsassets.com\/sites\/79\/2026\/01\/ADVANCE-2025-1219.jpg 1920w\" sizes=\"(max-width: 800px) 100vw, 800px\" \/>\t\t\t\t\t\t\t\t\t\t\t\t\t\t\t<\/div>\n\t\t\t\t<\/div>\n\t\t\t\t<div class=\"elementor-element elementor-element-7880733 elementor-widget elementor-widget-spacer\" data-id=\"7880733\" data-element_type=\"widget\" data-widget_type=\"spacer.default\">\n\t\t\t\t<div class=\"elementor-widget-container\">\n\t\t\t\t\t\t\t<div class=\"elementor-spacer\">\n\t\t\t<div class=\"elementor-spacer-inner\"><\/div>\n\t\t<\/div>\n\t\t\t\t\t\t<\/div>\n\t\t\t\t<\/div>\n\t\t\t\t<div class=\"elementor-element elementor-element-0b06f4f elementor-widget elementor-widget-text-editor\" data-id=\"0b06f4f\" data-element_type=\"widget\" data-widget_type=\"text-editor.default\">\n\t\t\t\t<div class=\"elementor-widget-container\">\n\t\t\t\t\t\t\t\t\t<p data-start=\"217\" data-end=\"350\">La feria Advanced Manufacturing Madrid ha sido oficialmente reconocida por la Secretar\u00eda de Estado de Comercio como feria comercial internacional. Este reconocimiento certifica la creciente presencia de empresas extranjeras, la atracci\u00f3n de visitantes profesionales internacionales y la relevancia estrat\u00e9gica de Advanced Manufacturing Madrid dentro del ecosistema global de la fabricaci\u00f3n avanzada y la innovaci\u00f3n industrial.<\/p><p data-start=\"217\" data-end=\"350\">\u201cLa internacionalidad es un hito clave en la evoluci\u00f3n de Advanced Manufacturing Madrid. Supone un respaldo institucional al trabajo realizado durante a\u00f1os para convertir la feria en un punto de encuentro imprescindible para la industria internacional\u201d, se\u00f1ala Oscar Barranco, director general de Easyfairs Iberia.<\/p><p data-start=\"217\" data-end=\"350\"><br \/><strong>Un punto de conexi\u00f3n entre la industria espa\u00f1ola y los mercados internacionales<\/strong><\/p><p data-start=\"217\" data-end=\"350\">En su \u00faltima edici\u00f3n, Advanced Manufacturing Madrid cont\u00f3 con la participaci\u00f3n de 151 empresas internacionales expositoras procedentes de 19 pa\u00edses y recibi\u00f3 un 7% de visitantes profesionales internacionales, cifras que reflejan el crecimiento sostenido del evento y su capacidad de convocatoria internacional.<\/p><p data-start=\"217\" data-end=\"350\">\u201cEste reconocimiento impulsa nuestra misi\u00f3n de abrir nuevas oportunidades para las empresas expositoras y reforzar el papel de Madrid como hub industrial del sur de Europa\u201d, a\u00f1ade Oscar Barranco.<\/p><p data-start=\"217\" data-end=\"350\">La obtenci\u00f3n de esta catalogaci\u00f3n implica que la feria ser\u00e1 promovida a trav\u00e9s de la red de Oficinas Econ\u00f3micas y Comerciales de Espa\u00f1a en el exterior, ampliando su reconocimiento, visibilidad y capacidad de atracci\u00f3n de delegaciones internacionales. La internacionalizaci\u00f3n completa se traduce adem\u00e1s en que expositores de otros pa\u00edses de fuera de la Uni\u00f3n Europea podr\u00e1n exponer temporalmente sus productos sin necesidad de pagar aranceles. Y, como indica asimismo la legislaci\u00f3n vigente, la inclusi\u00f3n de la feria en el Calendario Oficial publicado por el BOE, ser\u00e1 requisito necesario para que pueda beneficiarse de subvenciones con cargo a las partidas que los Presupuestos Generales del Estado dediquen, en su caso, a estos efectos.<\/p><p data-start=\"217\" data-end=\"350\"><strong>Innovaci\u00f3n, tecnolog\u00eda y negocio en el coraz\u00f3n industrial de Espa\u00f1a<\/strong><\/p><p data-start=\"217\" data-end=\"350\">Advanced Manufacturing Madrid es el evento de referencia en Espa\u00f1a para la fabricaci\u00f3n avanzada y la transformaci\u00f3n industrial. Organizada por Easyfairs, la feria conecta cada a\u00f1o a proveedores tecnol\u00f3gicos, fabricantes, integradores, ingenier\u00edas y decisores industriales de todo el mundo.<\/p><p data-start=\"217\" data-end=\"350\">Su edici\u00f3n 2026 se celebrar\u00e1 los d\u00edas 4 y 5 de noviembre en IFEMA Madrid, reuniendo soluciones de automatizaci\u00f3n, rob\u00f3tica, digitalizaci\u00f3n industrial, fabricaci\u00f3n aditiva, metrolog\u00eda, materiales avanzados y tecnolog\u00edas de Industria 4.0.<\/p><p data-start=\"217\" data-end=\"350\">La feria combina zona expositiva, congresos especializados, demostraciones en vivo y espacios de networking, generando oportunidades reales de negocio y transferencia de conocimiento entre empresas, centros tecnol\u00f3gicos e instituciones.<\/p><p data-start=\"217\" data-end=\"350\"><strong>Sobre Easyfairs<\/strong><\/p><p data-start=\"217\" data-end=\"350\">Easyfairs organiza eventos siendo puntos de encuentro para las comunidades que deseen visitar el futuro.<br \/>Actualmente organizamos 150 eventos presenciales en 16 pa\u00edses (Alemania, Argelia, Austria, B\u00e9lgica, Dinamarca, Espa\u00f1a, Estados Unidos, Finlandia, Francia, Italia, Noruega, Pa\u00edses Bajos, Portugal, Reino Unido, Suecia y Suiza) y gestionamos ocho recintos feriales en B\u00e9lgica, Holanda y Suecia (Amberes, Gante, Malinas-Bruselas Norte, Namur, Gorinchem, Hardenberg, Malm\u00f6 y Estocolmo).<\/p><p data-start=\"217\" data-end=\"350\">Nos apasiona \u00abfacilitar\u00bb la vida de nuestros clientes y aumentar el retorno de su inversi\u00f3n y de su tiempo a trav\u00e9s de nuestras f\u00f3rmulas integrales (all-in), tecnolog\u00eda avanzada y estrategia centrada en el cliente. Nuestra oferta digital adem\u00e1s brinda a estas comunidades excelentes oportunidades para establecer contactos de manera efectiva y hacer negocios durante todo el a\u00f1o.<\/p><p data-start=\"217\" data-end=\"350\">El Grupo Easyfairs emplea a 870 talentos altamente comprometidos, implementa las mejores herramientas de marketing y tecnolog\u00eda y desarrolla marcas con un fuerte atractivo para nuestros stakeholders.<\/p><p data-start=\"217\" data-end=\"350\">Por s\u00e9ptimo a\u00f1o consecutivo, en 2025, Deloitte otorg\u00f3 nuevamente a Easyfairs el estatus de \u201cBest Managed Company\u201d. Visita el futuro con Easyfairs y consulta m\u00e1s informaci\u00f3n en www.easyfairsgroup.com.<\/p><p data-start=\"217\" data-end=\"350\"><br \/><strong>Para m\u00e1s informaci\u00f3n, por favor contacta con:<\/strong><\/p><p data-start=\"217\" data-end=\"350\"><br \/>Mariana Castell<br \/>mariana.castell@easyfairs.com<\/p>\t\t\t\t\t\t\t\t<\/div>\n\t\t\t\t<\/div>\n\t\t\t\t\t<\/div>\n\t\t<\/div>\n\t\t\t\t\t<\/div>\n\t\t<\/section>\n\t\t\t\t\t<\/div>\n\t\t<\/div>\n\t\t\t\t\t<\/div>\n\t\t<\/section>\n\t\t\t\t<\/div>\n\t\t","protected":false},"excerpt":{"rendered":"<p>Advanced Manufacturing Madrid reconocida oficialmente como feria internacional La feria Advanced Manufacturing Madrid ha sido oficialmente reconocida por la Secretar\u00eda de Estado de Comercio como feria comercial internacional. Este reconocimiento certifica la creciente presencia de empresas extranjeras, la atracci\u00f3n de visitantes profesionales internacionales y la relevancia estrat\u00e9gica de Advanced Manufacturing Madrid dentro del ecosistema global [&hellip;]<\/p>\n","protected":false},"author":118,"featured_media":468288,"comment_status":"closed","ping_status":"open","sticky":false,"template":"","format":"standard","meta":{"_seopress_robots_primary_cat":"347","_seopress_titles_title":"Advanced Manufacturing Madrid reconocida oficialmente como feria internacional","_seopress_titles_desc":"Advanced Manufacturing Madrid reconocida oficialmente como feria internacional","_seopress_robots_index":"","footnotes":""},"categories":[347],"tags":[387,3651,2825,1283,2745,656,3652,3650,3653],"edition":[],"class_list":["post-468287","post","type-post","status-publish","format-standard","has-post-thumbnail","hentry","category-notas-de-prensa","tag-espana","tag-estadisticas","tag-estudio","tag-europa","tag-eventos","tag-ferias","tag-liderazgo","tag-sectorindustrial","tag-ventajacompetitiva"],"_links":{"self":[{"href":"https:\/\/www.advancedmanufacturingmadrid.com\/es\/wp-json\/wp\/v2\/posts\/468287","targetHints":{"allow":["GET"]}}],"collection":[{"href":"https:\/\/www.advancedmanufacturingmadrid.com\/es\/wp-json\/wp\/v2\/posts"}],"about":[{"href":"https:\/\/www.advancedmanufacturingmadrid.com\/es\/wp-json\/wp\/v2\/types\/post"}],"author":[{"embeddable":true,"href":"https:\/\/www.advancedmanufacturingmadrid.com\/es\/wp-json\/wp\/v2\/users\/118"}],"replies":[{"embeddable":true,"href":"https:\/\/www.advancedmanufacturingmadrid.com\/es\/wp-json\/wp\/v2\/comments?post=468287"}],"version-history":[{"count":5,"href":"https:\/\/www.advancedmanufacturingmadrid.com\/es\/wp-json\/wp\/v2\/posts\/468287\/revisions"}],"predecessor-version":[{"id":468294,"href":"https:\/\/www.advancedmanufacturingmadrid.com\/es\/wp-json\/wp\/v2\/posts\/468287\/revisions\/468294"}],"wp:featuredmedia":[{"embeddable":true,"href":"https:\/\/www.advancedmanufacturingmadrid.com\/es\/wp-json\/wp\/v2\/media\/468288"}],"wp:attachment":[{"href":"https:\/\/www.advancedmanufacturingmadrid.com\/es\/wp-json\/wp\/v2\/media?parent=468287"}],"wp:term":[{"taxonomy":"category","embeddable":true,"href":"https:\/\/www.advancedmanufacturingmadrid.com\/es\/wp-json\/wp\/v2\/categories?post=468287"},{"taxonomy":"post_tag","embeddable":true,"href":"https:\/\/www.advancedmanufacturingmadrid.com\/es\/wp-json\/wp\/v2\/tags?post=468287"},{"taxonomy":"edition","embeddable":true,"href":"https:\/\/www.advancedmanufacturingmadrid.com\/es\/wp-json\/wp\/v2\/edition?post=468287"}],"curies":[{"name":"wp","href":"https:\/\/api.w.org\/{rel}","templated":true}]}}