{"id":46850,"date":"2021-07-01T12:22:40","date_gmt":"2021-07-01T10:22:40","guid":{"rendered":"https:\/\/www.advancedmanufacturingmadrid.com\/?p=46850"},"modified":"2021-07-06T12:45:44","modified_gmt":"2021-07-06T10:45:44","slug":"on-the-sofa-with-francisco-casas-ceo-de-emovili","status":"publish","type":"post","link":"https:\/\/www.advancedmanufacturingmadrid.com\/es\/2021\/07\/01\/on-the-sofa-with-francisco-casas-ceo-de-emovili\/","title":{"rendered":"On the sofa with\u2026 Francisco Casas &#8211; CEO de emovili"},"content":{"rendered":"\t\t<div data-elementor-type=\"wp-post\" data-elementor-id=\"46850\" class=\"elementor elementor-46850\" data-elementor-post-type=\"post\">\n\t\t\t\t\t\t<section class=\"elementor-section elementor-top-section elementor-element elementor-element-4019e891 elementor-section-boxed elementor-section-height-default elementor-section-height-default\" data-id=\"4019e891\" data-element_type=\"section\">\n\t\t\t\t\t\t<div class=\"elementor-container elementor-column-gap-default\">\n\t\t\t\t\t<div class=\"elementor-column elementor-col-50 elementor-top-column elementor-element elementor-element-5c0a80cf\" data-id=\"5c0a80cf\" data-element_type=\"column\">\n\t\t\t<div class=\"elementor-widget-wrap elementor-element-populated\">\n\t\t\t\t\t\t<div class=\"elementor-element elementor-element-1152dc41 elementor-invisible elementor-widget elementor-widget-heading\" data-id=\"1152dc41\" data-element_type=\"widget\" data-settings=\"{&quot;_animation&quot;:&quot;fadeInUp&quot;}\" data-widget_type=\"heading.default\">\n\t\t\t\t<div class=\"elementor-widget-container\">\n\t\t\t\t\t<h1 class=\"elementor-heading-title elementor-size-default\">On the sofa with\u2026 Francisco Casas &#8211; CEO de emovili<\/h1>\t\t\t\t<\/div>\n\t\t\t\t<\/div>\n\t\t\t\t<section class=\"elementor-section elementor-inner-section elementor-element elementor-element-6809159 elementor-section-boxed elementor-section-height-default elementor-section-height-default\" data-id=\"6809159\" data-element_type=\"section\">\n\t\t\t\t\t\t<div class=\"elementor-container elementor-column-gap-default\">\n\t\t\t\t\t<div class=\"elementor-column elementor-col-100 elementor-inner-column elementor-element elementor-element-b461c00\" data-id=\"b461c00\" data-element_type=\"column\">\n\t\t\t<div class=\"elementor-widget-wrap elementor-element-populated\">\n\t\t\t\t\t\t<div class=\"elementor-element elementor-element-6094108 elementor-widget elementor-widget-text-editor\" data-id=\"6094108\" data-element_type=\"widget\" data-widget_type=\"text-editor.default\">\n\t\t\t\t<div class=\"elementor-widget-container\">\n\t\t\t\t\t\t\t\t\t<ul><li><em><strong>Debemos poner en valor el veh\u00edculo el\u00e9ctrico y su ecosistema <\/strong><strong>como eje de la movilidad sostenible y eficiencia energ\u00e9tica. Estamos en el camino.<\/strong><\/em><\/li><li><em><strong>Espa\u00f1a est\u00e1 preparada para crecer en movilidad el\u00e9ctrica y nosotros, precisamente, trabajamos en el tr\u00e1nsito a esa <\/strong><strong>adecuaci\u00f3n.<\/strong><\/em><\/li><\/ul>\t\t\t\t\t\t\t\t<\/div>\n\t\t\t\t<\/div>\n\t\t\t\t\t<\/div>\n\t\t<\/div>\n\t\t\t\t\t<\/div>\n\t\t<\/section>\n\t\t\t\t<section class=\"elementor-section elementor-inner-section elementor-element elementor-element-a3949d2 elementor-section-boxed elementor-section-height-default elementor-section-height-default\" data-id=\"a3949d2\" data-element_type=\"section\">\n\t\t\t\t\t\t<div class=\"elementor-container elementor-column-gap-default\">\n\t\t\t\t\t<div class=\"elementor-column elementor-col-50 elementor-inner-column elementor-element elementor-element-7c5ca1d\" data-id=\"7c5ca1d\" data-element_type=\"column\">\n\t\t\t<div class=\"elementor-widget-wrap elementor-element-populated\">\n\t\t\t\t\t\t<div class=\"elementor-element elementor-element-23fd49c elementor-widget elementor-widget-image\" data-id=\"23fd49c\" data-element_type=\"widget\" data-widget_type=\"image.default\">\n\t\t\t\t<div class=\"elementor-widget-container\">\n\t\t\t\t\t\t\t\t\t\t\t\t\t\t\t<img fetchpriority=\"high\" decoding=\"async\" width=\"400\" height=\"400\" src=\"https:\/\/easyfairsassets.com\/sites\/79\/2021\/07\/iMAGEN-DESTACADA-emovili.png\" class=\"attachment-large size-large wp-image-47429\" alt=\"\" srcset=\"https:\/\/easyfairsassets.com\/sites\/79\/2021\/07\/iMAGEN-DESTACADA-emovili.png 400w, https:\/\/easyfairsassets.com\/sites\/79\/2021\/07\/iMAGEN-DESTACADA-emovili-300x300.png 300w, https:\/\/easyfairsassets.com\/sites\/79\/2021\/07\/iMAGEN-DESTACADA-emovili-150x150.png 150w\" sizes=\"(max-width: 400px) 100vw, 400px\" \/>\t\t\t\t\t\t\t\t\t\t\t\t\t\t\t<\/div>\n\t\t\t\t<\/div>\n\t\t\t\t<div class=\"elementor-element elementor-element-39e7326 elementor-widget elementor-widget-text-editor\" data-id=\"39e7326\" data-element_type=\"widget\" data-widget_type=\"text-editor.default\">\n\t\t\t\t<div class=\"elementor-widget-container\">\n\t\t\t\t\t\t\t\t\t<p><strong>Francisco Casas<\/strong> \u2013 CEO de emovili<\/p>\t\t\t\t\t\t\t\t<\/div>\n\t\t\t\t<\/div>\n\t\t\t\t\t<\/div>\n\t\t<\/div>\n\t\t\t\t<div class=\"elementor-column elementor-col-50 elementor-inner-column elementor-element elementor-element-c076b83\" data-id=\"c076b83\" data-element_type=\"column\">\n\t\t\t<div class=\"elementor-widget-wrap elementor-element-populated\">\n\t\t\t\t\t\t<div class=\"elementor-element elementor-element-c30401f elementor-widget elementor-widget-text-editor\" data-id=\"c30401f\" data-element_type=\"widget\" data-widget_type=\"text-editor.default\">\n\t\t\t\t<div class=\"elementor-widget-container\">\n\t\t\t\t\t\t\t\t\t<p><strong><b>MM \u2013 No todo el mundo conocer\u00e1 emovili, \u00bfcu\u00e1l es vuestra propuesta de valor y en qu\u00e9 consiste vuestra misi\u00f3n y visi\u00f3n? <\/b><\/strong><\/p><p><strong>Francisco Casas &#8211;<\/strong>Emovili naci\u00f3 en 2017. Somos una empresa con capital cien por cien espa\u00f1ol especializada en transici\u00f3n energ\u00e9tica, movilidad el\u00e9ctrica, energ\u00eda renovable y, en general, en todas las actividades relacionadas con la mitigaci\u00f3n del cambio clim\u00e1tico. Hemos ido creciendo y diversificando nuestros productos al ritmo de las demandas y oportunidades del mercado. Ahora mismo, focalizamos nuestros esfuerzos en el asesoramiento energ\u00e9tico integral y la instalaci\u00f3n de puntos de recarga para veh\u00edculos y paneles solares pero ofrecemos muchos m\u00e1s servicios. Nuestra misi\u00f3n es lograr que tanto empresas como particulares maximicen el ahorro y el consumo sostenible energ\u00e9tico. Contribuimos a la reducci\u00f3n de la huella de carbono del planeta y a evitar emisiones de CO2 innecesarias y lo hacemos trabajando muy cerca de nuestros clientes, combinando la estrategia digital con un asesoramiento personal y cercano. Creemos que esa es parte de la f\u00f3rmula del \u00e9xito.<\/p>\t\t\t\t\t\t\t\t<\/div>\n\t\t\t\t<\/div>\n\t\t\t\t\t<\/div>\n\t\t<\/div>\n\t\t\t\t\t<\/div>\n\t\t<\/section>\n\t\t\t\t<section class=\"elementor-section elementor-inner-section elementor-element elementor-element-91bf696 elementor-section-boxed elementor-section-height-default elementor-section-height-default\" data-id=\"91bf696\" data-element_type=\"section\">\n\t\t\t\t\t\t<div class=\"elementor-container elementor-column-gap-default\">\n\t\t\t\t\t<div class=\"elementor-column elementor-col-100 elementor-inner-column elementor-element elementor-element-8415bf5\" data-id=\"8415bf5\" data-element_type=\"column\">\n\t\t\t<div class=\"elementor-widget-wrap elementor-element-populated\">\n\t\t\t\t\t\t<div class=\"elementor-element elementor-element-7f14f61 elementor-widget elementor-widget-text-editor\" data-id=\"7f14f61\" data-element_type=\"widget\" data-widget_type=\"text-editor.default\">\n\t\t\t\t<div class=\"elementor-widget-container\">\n\t\t\t\t\t\t\t\t\t<p><b>MM \u2013 En cuanto a la situaci\u00f3n del sector \u00bfC\u00f3mo ha sido la evoluci\u00f3n en los \u00faltimos 5 a\u00f1os y cu\u00e1l es reto de una empresa como la vuestra ahora mismo? <\/b><\/p><p><b>F.C<\/b>\u2013 La evoluci\u00f3n en Espa\u00f1a no es comparable a la experimentada en el resto de los pa\u00edses europeos, pero tampoco desde\u00f1able.<\/p><p>Experimentamos el primer salto cualitativo en 2018 con 21.147 veh\u00edculos el\u00e9ctricos o h\u00edbridos enchufables matriculados. Un a\u00f1o despu\u00e9s, alcanzamos los 31.736. En 2020, pese a la pandemia, esta cifra se elev\u00f3 hasta 58.628 unidades. Los n\u00fameros reflejan que el mercado crece a pesar de las adversidades y las previsiones para 2021 son \u00f3ptimas, con mejores estad\u00edsticas que el a\u00f1o pasado a esta altura. El programa MOVES III contribuir\u00e1 a reforzar este impulso. El crecimiento del sector va ligado al de nuestra marca. Gozamos de un posicionamiento vinculado a la calidad, la experiencia y el servicio. A pesar de la llegada de nuevos competidores, todos estos valores nos han permitido mantener nuestro &#8216;share&#8217; porcentual en el mercado y consolidarnos como uno de los mayores desarrolladores de infraestructura de recarga del pa\u00eds. En cuanto a los retos, <b>debemos poner en valor el veh\u00edculo el\u00e9ctrico y su ecosistema como eje de la movilidad sostenible y eficiencia energ\u00e9tica.<\/b> Estamos en el camino.<\/p><p><b>MM \u2013\u00a0 \u00bfExisten distintos tipos de puntos de recarga? \u00bfCu\u00e1les son sus diferencias y c\u00f3mo de complicado -o no- puede ser tener uno en casa, por ejemplo? <\/b><\/p><p><b>F.C<\/b>\u2013 Es mucho m\u00e1s f\u00e1cil de lo que la gente cree. En realidad, basta con coger el tel\u00e9fono o el ordenador y contactar con una empresa como la nuestra porque en &#8216;Emovili&#8217; la gesti\u00f3n es integral. Nos encargamos de todo, desde la puesta en marcha hasta la b\u00fasqueda de ayudas y certificaciones. Y, todo ello, en pocos d\u00edas. El proceso no se eterniza.<\/p><p>Existen, en efecto, diferentes formas de realizar la instalaci\u00f3n del punto de recarga. No se trabaja igual en una vivienda unifamiliar, donde se conecta el punto de recarga al propio contador existente, que en un garaje comunitario, en donde podremos implantar un nuevo suministro. Tambi\u00e9n hay tres tipos de puntos de recarga: normal -un cargador de pared-, ocasional y r\u00e1pido. Por \u00faltimo, existen cuatro modos de carga, que van desde el empleado en peque\u00f1as motos, patinetes o bicis el\u00e9ctricas al m\u00e1s potente, capaz de cargar el 70% de las bater\u00edas en menos de 30 minutos. Parecen muchas decisiones pero no son dif\u00edciles de adoptar cuando se cuenta con el asesoramiento profesional adecuado.<\/p><p><b>MM \u2013 Puntos de recarga en la calle, en garajes comunes en grandes ciudades\u2026 \u00bfC\u00f3mo se gestiona esto? \u00bfCrees que est\u00e1 Espa\u00f1a preparada para los veh\u00edculos enchufables? <\/b><\/p><p><b>F.C<\/b>\u2013 <b>Espa\u00f1a est\u00e1 preparada para crecer en movilidad el\u00e9ctrica y nosotros, precisamente, trabajamos en el tr\u00e1nsito a esa adecuaci\u00f3n<\/b>. Cuantos m\u00e1s puntos de recarga existan, m\u00e1s f\u00e1cil ser\u00e1 que un conductor opte por la opci\u00f3n m\u00e1s sostenible. Ahora mismo, podemos instalar puntos de recarga en viviendas, plazas de garaje de una comunidad de vecinos, el parking de una empresa privada o en cualquier zona p\u00fablica para uso vecinal o urbano. \u00bfC\u00f3mo lo hacemos? En cuatro fases: asesoramiento, instalaci\u00f3n, a trav\u00e9s del control del software para verificar el estado de carga de los veh\u00edculos desde nuestra plataforma y mediante el mantenimiento, que tambi\u00e9n es fundamental. No podemos focalizar la atenci\u00f3n en la captaci\u00f3n de clientes y luego no ofrecer un servicio postventa a la altura.<\/p><p><b>MM \u2013\u00a0 Tambi\u00e9n ofrec\u00e9is soluciones de energ\u00eda fotovoltaica \u00bfPor qu\u00e9 merece la pena integrar este tipo de energ\u00eda en nuestras vidas y c\u00f3mo le sacamos el m\u00e1ximo rendimiento? <\/b><\/p><p><b>F.C<\/b>\u2013\u00a0<span style=\"font-size: 16px;letter-spacing: 0px\"><b>La energ\u00eda solar fotovoltaica es m\u00e1s rentable y segura que ninguna otra y si adem\u00e1s tienes<\/b> <b>veh\u00edculo el\u00e9ctrico, podr\u00e1s &#8216;alimentarlo&#8217; directamente sin asumir nuevos costes<\/b>. Sus beneficios son muchos: se trata de una energ\u00eda limpia que reduce la huella de carbono de manera significativa ya que no genera gases de efecto invernadero ni contamina durante su uso.\u00a0 Es renovable y sostenible y disminuye la necesidad de combustibles f\u00f3siles, adem\u00e1s de ayudar a conservar los recursos naturales. No requiere extracci\u00f3n constante de materiales para su funcionamiento lo que deriva en una reducci\u00f3n de su coste. <b>Dicho de otro modo, es una energ\u00eda muy econ\u00f3mica cuya inversi\u00f3n inicial es f\u00e1cil de recuperar en pocos a\u00f1os.<\/b><\/span><\/p><p><span style=\"font-size: 16px;letter-spacing: 0px\"><br \/><\/span><span style=\"font-size: 16px;letter-spacing: 0px\">Hay que tener en cuenta, adem\u00e1s, que un panel solar puede tener una vida \u00fatil de 20 a\u00f1os. El sol es abundante y est\u00e1 muy disponible, por lo que el empleo de paneles solares es una opci\u00f3n viable en cualquier punto geogr\u00e1fico. En t\u00e9rminos m\u00e1s pr\u00e1cticos, es especialmente funcional en zonas en las que es complicado crear un sistema de cableado. Y, a nivel estrat\u00e9gico, potencia la seguridad energ\u00e9tica al reducir la dependencia de suministros del exterior. Por todos estos motivos, y seguro que alguno se me escapa, apostamos por ella, convencidos de su inmenso potencial.<\/span><span style=\"font-size: 16px;letter-spacing: 0px\"><br \/><\/span><\/p>\t\t\t\t\t\t\t\t<\/div>\n\t\t\t\t<\/div>\n\t\t\t\t\t<\/div>\n\t\t<\/div>\n\t\t\t\t\t<\/div>\n\t\t<\/section>\n\t\t\t\t\t<\/div>\n\t\t<\/div>\n\t\t\t\t<div class=\"elementor-column elementor-col-50 elementor-top-column elementor-element elementor-element-188aad1e\" data-id=\"188aad1e\" data-element_type=\"column\">\n\t\t\t<div class=\"elementor-widget-wrap elementor-element-populated\">\n\t\t\t\t\t\t<div class=\"elementor-element elementor-element-2d42a228 elementor-hidden-desktop elementor-hidden-tablet elementor-hidden-phone elementor-widget elementor-widget-wp-widget-adsanity-single\" data-id=\"2d42a228\" data-element_type=\"widget\" data-widget_type=\"wp-widget-adsanity-single.default\">\n\t\t\t\t<div class=\"elementor-widget-container\">\n\t\t\t\t\t\n<div id=\"ad-34445\" class=\"ad-300x250 adsanity-300x250  adsanity-\"\n><div class=\"adsanity-inner\">\n\n<div class=\"adsanity-gati\" data-title=\"MPU 1\"><a rel=\"nofollow\" href=\"https:\/\/www.advancedmanufacturingmadrid.com\/es\/ads\/mpu-1\/\"  target=\"_blank\"><img decoding=\"async\" width=\"300\" height=\"250\" src=\"https:\/\/easyfairsassets.com\/sites\/79\/2020\/12\/300-x-250_Risk.jpg\" class=\"no-lazy-load wp-post-image\" alt=\"\" \/><\/a><\/div>\n<\/div><\/div>\n\n\t\t\t\t<\/div>\n\t\t\t\t<\/div>\n\t\t\t\t<div class=\"elementor-element elementor-element-12da316 elementor-grid-1 elementor-posts--thumbnail-none elementor-grid-tablet-1 elementor-grid-mobile-1 elementor-widget elementor-widget-posts\" data-id=\"12da316\" data-element_type=\"widget\" data-settings=\"{&quot;classic_columns&quot;:&quot;1&quot;,&quot;classic_row_gap&quot;:{&quot;unit&quot;:&quot;px&quot;,&quot;size&quot;:&quot;23&quot;,&quot;sizes&quot;:[]},&quot;classic_columns_tablet&quot;:&quot;1&quot;,&quot;_animation&quot;:&quot;none&quot;,&quot;classic_columns_mobile&quot;:&quot;1&quot;,&quot;classic_row_gap_tablet&quot;:{&quot;unit&quot;:&quot;px&quot;,&quot;size&quot;:&quot;&quot;,&quot;sizes&quot;:[]},&quot;classic_row_gap_mobile&quot;:{&quot;unit&quot;:&quot;px&quot;,&quot;size&quot;:&quot;&quot;,&quot;sizes&quot;:[]}}\" data-widget_type=\"posts.classic\">\n\t\t\t\t<div class=\"elementor-widget-container\">\n\t\t\t\t\t\t\t<div class=\"elementor-posts-container elementor-posts elementor-posts--skin-classic elementor-grid\" role=\"list\">\n\t\t\t\t<article class=\"elementor-post elementor-grid-item post-470450 post type-post status-publish format-standard has-post-thumbnail hentry category-notas-de-prensa tag-espana tag-estadisticas tag-estudio tag-europa tag-eventos tag-ferias tag-liderazgo tag-sectorindustrial tag-ventajacompetitiva\" role=\"listitem\">\n\t\t\t\t<div class=\"elementor-post__text\">\n\t\t\t\t<h3 class=\"elementor-post__title\">\n\t\t\t<a href=\"https:\/\/www.advancedmanufacturingmadrid.com\/es\/2026\/04\/09\/los-advanced-manufacturing-awards-abren-candidaturas-para-su-5a-edicion\/\" >\n\t\t\t\tLos\u00a0Advanced\u00a0Manufacturing\u00a0Awards\u00a0abren candidaturas para su 5\u00aa edici\u00f3n\u00a0\t\t\t<\/a>\n\t\t<\/h3>\n\t\t\t\t<div class=\"elementor-post__excerpt\">\n\t\t\t<p>Los\u00a0Advanced\u00a0Manufacturing\u00a0Awards\u00a0abren candidaturas para su 5\u00aa edici\u00f3n\u00a0 CINCO A\u00d1OS RECONOCIENDO LA INNOVACI\u00d3N INDUSTRIAL EN ESPA\u00d1A\u00a0 Los\u00a0Advanced\u00a0Manufacturing\u00a0Awards\u00a0abren candidaturas para su 5\u00aa edici\u00f3n\u00a0 Los galardones, organizados\u00a0por\u00a0Advanced\u00a0Manufacturing\u00a0Madrid, celebran este<\/p>\n\t\t<\/div>\n\t\t\n\t\t<a class=\"elementor-post__read-more\" href=\"https:\/\/www.advancedmanufacturingmadrid.com\/es\/2026\/04\/09\/los-advanced-manufacturing-awards-abren-candidaturas-para-su-5a-edicion\/\" aria-label=\"Read more about Los\u00a0Advanced\u00a0Manufacturing\u00a0Awards\u00a0abren candidaturas para su 5\u00aa edici\u00f3n\u00a0\" tabindex=\"-1\" >\n\t\t\tRead More \u00bb\t\t<\/a>\n\n\t\t\t\t<\/div>\n\t\t\t\t<\/article>\n\t\t\t\t<article class=\"elementor-post elementor-grid-item post-470157 post type-post status-publish format-standard has-post-thumbnail hentry category-advanced-manfuctaring-news category-behind-the-innovations category-sin-categorizar tag-advancedmanufacturing tag-airbus tag-composites tag-engineering tag-reciclaje tag-sostenible-2\" role=\"listitem\">\n\t\t\t\t<div class=\"elementor-post__text\">\n\t\t\t\t<h3 class=\"elementor-post__title\">\n\t\t\t<a href=\"https:\/\/www.advancedmanufacturingmadrid.com\/es\/2026\/04\/06\/informe-de-sostenibilidad-2025-de-easyfairs\/\" >\n\t\t\t\tInforme de Sostenibilidad 2025 de Easyfairs: -34% en emisiones y 71% de eventos sostenibles\t\t\t<\/a>\n\t\t<\/h3>\n\t\t\t\t<div class=\"elementor-post__excerpt\">\n\t\t\t<p>Informe de Sostenibilidad 2025 de Easyfairs: -34% en emisiones y 71% de eventos sostenibles El Informe de Sostenibilidad 2025 de Easyfairs\u00a0recoge los principales avances del<\/p>\n\t\t<\/div>\n\t\t\n\t\t<a class=\"elementor-post__read-more\" href=\"https:\/\/www.advancedmanufacturingmadrid.com\/es\/2026\/04\/06\/informe-de-sostenibilidad-2025-de-easyfairs\/\" aria-label=\"Read more about Informe de Sostenibilidad 2025 de Easyfairs: -34% en emisiones y 71% de eventos sostenibles\" tabindex=\"-1\" >\n\t\t\tRead More \u00bb\t\t<\/a>\n\n\t\t\t\t<\/div>\n\t\t\t\t<\/article>\n\t\t\t\t<article class=\"elementor-post elementor-grid-item post-469670 post type-post status-publish format-standard has-post-thumbnail hentry category-advanced-manfuctaring-news category-behind-the-innovations category-sin-categorizar tag-advancedmanufacturing tag-airbus tag-composites tag-engineering tag-reciclaje tag-sostenible-2\" role=\"listitem\">\n\t\t\t\t<div class=\"elementor-post__text\">\n\t\t\t\t<h3 class=\"elementor-post__title\">\n\t\t\t<a href=\"https:\/\/www.advancedmanufacturingmadrid.com\/es\/2026\/03\/30\/la-electrificacion-impulsa-la-transformacion-industrial-y-el-crecimiento-del-sector\/\" >\n\t\t\t\tLa electrificaci\u00f3n impulsa la transformaci\u00f3n industrial y el crecimiento del sector\t\t\t<\/a>\n\t\t<\/h3>\n\t\t\t\t<div class=\"elementor-post__excerpt\">\n\t\t\t<p>La electrificaci\u00f3n impulsa una nueva ola de transformaci\u00f3n industrial La electrificaci\u00f3n se ha convertido en uno de los principales motores de transformaci\u00f3n de la industria<\/p>\n\t\t<\/div>\n\t\t\n\t\t<a class=\"elementor-post__read-more\" href=\"https:\/\/www.advancedmanufacturingmadrid.com\/es\/2026\/03\/30\/la-electrificacion-impulsa-la-transformacion-industrial-y-el-crecimiento-del-sector\/\" aria-label=\"Read more about La electrificaci\u00f3n impulsa la transformaci\u00f3n industrial y el crecimiento del sector\" tabindex=\"-1\" >\n\t\t\tRead More \u00bb\t\t<\/a>\n\n\t\t\t\t<\/div>\n\t\t\t\t<\/article>\n\t\t\t\t<article class=\"elementor-post elementor-grid-item post-469662 post type-post status-publish format-standard has-post-thumbnail hentry category-advanced-manfuctaring-news category-behind-the-innovations category-sin-categorizar tag-advancedmanufacturing tag-airbus tag-composites tag-engineering tag-reciclaje tag-sostenible-2\" role=\"listitem\">\n\t\t\t\t<div class=\"elementor-post__text\">\n\t\t\t\t<h3 class=\"elementor-post__title\">\n\t\t\t<a href=\"https:\/\/www.advancedmanufacturingmadrid.com\/es\/2026\/03\/30\/la-falta-de-talento-tecnico-en-la-industria-retos-y-soluciones-para-el-futuro\/\" >\n\t\t\t\tLa falta de talento t\u00e9cnico en la industria: retos y soluciones para el futuro\t\t\t<\/a>\n\t\t<\/h3>\n\t\t\t\t<div class=\"elementor-post__excerpt\">\n\t\t\t<p>La falta de talento t\u00e9cnico sigue siendo uno de los grandes retos de la industria La escasez de talento t\u00e9cnico cualificado se ha consolidado como<\/p>\n\t\t<\/div>\n\t\t\n\t\t<a class=\"elementor-post__read-more\" href=\"https:\/\/www.advancedmanufacturingmadrid.com\/es\/2026\/03\/30\/la-falta-de-talento-tecnico-en-la-industria-retos-y-soluciones-para-el-futuro\/\" aria-label=\"Read more about La falta de talento t\u00e9cnico en la industria: retos y soluciones para el futuro\" tabindex=\"-1\" >\n\t\t\tRead More \u00bb\t\t<\/a>\n\n\t\t\t\t<\/div>\n\t\t\t\t<\/article>\n\t\t\t\t<\/div>\n\t\t\n\t\t\t\t\t\t<\/div>\n\t\t\t\t<\/div>\n\t\t\t\t<div class=\"elementor-element elementor-element-1d1f32af elementor-hidden-desktop elementor-hidden-tablet elementor-hidden-phone elementor-widget elementor-widget-wp-widget-adsanity-single\" data-id=\"1d1f32af\" data-element_type=\"widget\" data-widget_type=\"wp-widget-adsanity-single.default\">\n\t\t\t\t<div class=\"elementor-widget-container\">\n\t\t\t\t\t\n<div id=\"ad-34447\" class=\"ad-300x250 adsanity-300x250  adsanity-\"\n><div class=\"adsanity-inner\">\n\n<div class=\"adsanity-gati\" data-title=\"MPU 2\"><a rel=\"nofollow\" href=\"https:\/\/www.advancedmanufacturingmadrid.com\/es\/ads\/mpu-2\/\"  target=\"_blank\"><img decoding=\"async\" width=\"300\" height=\"250\" src=\"https:\/\/easyfairsassets.com\/sites\/79\/2020\/12\/300-x-250_Interiors.jpg\" class=\"no-lazy-load wp-post-image\" alt=\"\" \/><\/a><\/div>\n<\/div><\/div>\n\n\t\t\t\t<\/div>\n\t\t\t\t<\/div>\n\t\t\t\t<div class=\"elementor-element elementor-element-1d7b1acf elementor-hidden-desktop elementor-hidden-tablet elementor-hidden-phone elementor-widget elementor-widget-wp-widget-adsanity-single\" data-id=\"1d7b1acf\" data-element_type=\"widget\" data-widget_type=\"wp-widget-adsanity-single.default\">\n\t\t\t\t<div class=\"elementor-widget-container\">\n\t\t\t\t\t\n<div id=\"ad-34449\" class=\"ad-300x250 adsanity-300x250  adsanity-\"\n><div class=\"adsanity-inner\">\n\n<div class=\"adsanity-gati\" data-title=\"MPU 3\"><a rel=\"nofollow\" href=\"https:\/\/www.advancedmanufacturingmadrid.com\/es\/ads\/mpu-3\/\"  target=\"_blank\"><img loading=\"lazy\" decoding=\"async\" width=\"300\" height=\"250\" src=\"https:\/\/easyfairsassets.com\/sites\/79\/2020\/12\/300-x-250_Honeywell.jpg\" class=\"no-lazy-load wp-post-image\" alt=\"\" \/><\/a><\/div>\n<\/div><\/div>\n\n\t\t\t\t<\/div>\n\t\t\t\t<\/div>\n\t\t\t\t<div class=\"elementor-element elementor-element-690d6e9 elementor-hidden-desktop elementor-hidden-tablet elementor-hidden-phone elementor-widget elementor-widget-wp-widget-adsanity-single\" data-id=\"690d6e9\" data-element_type=\"widget\" data-widget_type=\"wp-widget-adsanity-single.default\">\n\t\t\t\t<div class=\"elementor-widget-container\">\n\t\t\t\t\t\n<div id=\"ad-34451\" class=\"ad-300x250 adsanity-300x250  adsanity-\"\n><div class=\"adsanity-inner\">\n\n<div class=\"adsanity-gati\" data-title=\"MPU 4\"><a rel=\"nofollow\" href=\"https:\/\/www.advancedmanufacturingmadrid.com\/es\/ads\/mpu-4\/\"  target=\"_blank\"><img loading=\"lazy\" decoding=\"async\" width=\"300\" height=\"250\" src=\"https:\/\/easyfairsassets.com\/sites\/79\/2020\/12\/300-x-250_Edoc.jpg\" class=\"no-lazy-load wp-post-image\" alt=\"\" \/><\/a><\/div>\n<\/div><\/div>\n\n\t\t\t\t<\/div>\n\t\t\t\t<\/div>\n\t\t\t\t\t<\/div>\n\t\t<\/div>\n\t\t\t\t\t<\/div>\n\t\t<\/section>\n\t\t\t\t<section class=\"elementor-section elementor-top-section elementor-element elementor-element-538f6e00 elementor-section-full_width elementor-section-height-default elementor-section-height-default\" data-id=\"538f6e00\" data-element_type=\"section\">\n\t\t\t\t\t\t<div class=\"elementor-container elementor-column-gap-default\">\n\t\t\t\t\t<div class=\"elementor-column elementor-col-100 elementor-top-column elementor-element elementor-element-2e5a66e9\" data-id=\"2e5a66e9\" data-element_type=\"column\">\n\t\t\t<div class=\"elementor-widget-wrap elementor-element-populated\">\n\t\t\t\t\t\t<div class=\"elementor-element elementor-element-46a66c4d elementor-widget-divider--view-line elementor-widget elementor-widget-divider\" data-id=\"46a66c4d\" data-element_type=\"widget\" data-widget_type=\"divider.default\">\n\t\t\t\t<div class=\"elementor-widget-container\">\n\t\t\t\t\t\t\t<div class=\"elementor-divider\">\n\t\t\t<span class=\"elementor-divider-separator\">\n\t\t\t\t\t\t<\/span>\n\t\t<\/div>\n\t\t\t\t\t\t<\/div>\n\t\t\t\t<\/div>\n\t\t\t\t<div class=\"elementor-element elementor-element-42d0a3ec elementor-widget elementor-widget-text-editor\" data-id=\"42d0a3ec\" data-element_type=\"widget\" data-widget_type=\"text-editor.default\">\n\t\t\t\t<div class=\"elementor-widget-container\">\n\t\t\t\t\t\t\t\t\t<p><span style=\"vertical-align: inherit\"><span style=\"vertical-align: inherit\"><span style=\"vertical-align: inherit\"><span style=\"vertical-align: inherit\"><span style=\"vertical-align: inherit\"><span style=\"vertical-align: inherit\">Share this article<\/span><\/span><\/span><\/span><\/span><\/span><\/p>\t\t\t\t\t\t\t\t<\/div>\n\t\t\t\t<\/div>\n\t\t\t\t<div class=\"elementor-element elementor-element-78cc7a5 elementor-share-buttons--view-icon elementor-share-buttons--skin-flat elementor-share-buttons--shape-circle elementor-share-buttons--color-custom elementor-grid-0 elementor-widget elementor-widget-share-buttons\" data-id=\"78cc7a5\" data-element_type=\"widget\" data-widget_type=\"share-buttons.default\">\n\t\t\t\t<div class=\"elementor-widget-container\">\n\t\t\t\t\t\t\t<div class=\"elementor-grid\" role=\"list\">\n\t\t\t\t\t\t\t\t<div class=\"elementor-grid-item\" role=\"listitem\">\n\t\t\t\t\t\t<div class=\"elementor-share-btn elementor-share-btn_facebook\" role=\"button\" tabindex=\"0\" aria-label=\"Share on facebook\">\n\t\t\t\t\t\t\t\t\t\t\t\t\t\t\t<span class=\"elementor-share-btn__icon\">\n\t\t\t\t\t\t\t\t<i class=\"fab fa-facebook\" aria-hidden=\"true\"><\/i>\t\t\t\t\t\t\t<\/span>\n\t\t\t\t\t\t\t\t\t\t\t\t\t\t\t\t\t\t\t\t<\/div>\n\t\t\t\t\t<\/div>\n\t\t\t\t\t\t\t\t\t<div class=\"elementor-grid-item\" role=\"listitem\">\n\t\t\t\t\t\t<div class=\"elementor-share-btn elementor-share-btn_twitter\" role=\"button\" tabindex=\"0\" aria-label=\"Share on twitter\">\n\t\t\t\t\t\t\t\t\t\t\t\t\t\t\t<span class=\"elementor-share-btn__icon\">\n\t\t\t\t\t\t\t\t<i class=\"fab fa-twitter\" aria-hidden=\"true\"><\/i>\t\t\t\t\t\t\t<\/span>\n\t\t\t\t\t\t\t\t\t\t\t\t\t\t\t\t\t\t\t\t<\/div>\n\t\t\t\t\t<\/div>\n\t\t\t\t\t\t\t\t\t<div class=\"elementor-grid-item\" role=\"listitem\">\n\t\t\t\t\t\t<div class=\"elementor-share-btn elementor-share-btn_linkedin\" role=\"button\" tabindex=\"0\" aria-label=\"Share on linkedin\">\n\t\t\t\t\t\t\t\t\t\t\t\t\t\t\t<span class=\"elementor-share-btn__icon\">\n\t\t\t\t\t\t\t\t<i class=\"fab fa-linkedin\" aria-hidden=\"true\"><\/i>\t\t\t\t\t\t\t<\/span>\n\t\t\t\t\t\t\t\t\t\t\t\t\t\t\t\t\t\t\t\t<\/div>\n\t\t\t\t\t<\/div>\n\t\t\t\t\t\t<\/div>\n\t\t\t\t\t\t<\/div>\n\t\t\t\t<\/div>\n\t\t\t\t\t<\/div>\n\t\t<\/div>\n\t\t\t\t\t<\/div>\n\t\t<\/section>\n\t\t\t\t<\/div>\n\t\t","protected":false},"excerpt":{"rendered":"<p>Debemos poner en valor el veh\u00edculo el\u00e9ctrico y su ecosistema como eje de la movilidad sostenible y eficiencia energ\u00e9tica. Estamos en el camino. Espa\u00f1a est\u00e1 preparada para crecer en movilidad el\u00e9ctrica y nosotros, precisamente, trabajamos en el tr\u00e1nsito a esa adecuaci\u00f3n. Francisco Casas \u2013 CEO de emovili MM \u2013 No todo el mundo conocer\u00e1 emovili, [&hellip;]<\/p>\n","protected":false},"author":1,"featured_media":47429,"comment_status":"closed","ping_status":"closed","sticky":false,"template":"","format":"standard","meta":{"_seopress_robots_primary_cat":"none","_seopress_titles_title":"","_seopress_titles_desc":"","_seopress_robots_index":"","footnotes":""},"categories":[342,1427],"tags":[1601,1602,1598,1604,1500,1603,435,1370,539],"edition":[],"class_list":["post-46850","post","type-post","status-publish","format-standard","has-post-thumbnail","hentry","category-advanced-manfuctaring-news","category-on-the-sofa-with","tag-3d-fdm","tag-big-data","tag-carlos","tag-casos-de-exito","tag-chester","tag-coordinador","tag-fabricacion-aditiva-2","tag-ford","tag-impresion-3d-3"],"_links":{"self":[{"href":"https:\/\/www.advancedmanufacturingmadrid.com\/es\/wp-json\/wp\/v2\/posts\/46850","targetHints":{"allow":["GET"]}}],"collection":[{"href":"https:\/\/www.advancedmanufacturingmadrid.com\/es\/wp-json\/wp\/v2\/posts"}],"about":[{"href":"https:\/\/www.advancedmanufacturingmadrid.com\/es\/wp-json\/wp\/v2\/types\/post"}],"author":[{"embeddable":true,"href":"https:\/\/www.advancedmanufacturingmadrid.com\/es\/wp-json\/wp\/v2\/users\/1"}],"replies":[{"embeddable":true,"href":"https:\/\/www.advancedmanufacturingmadrid.com\/es\/wp-json\/wp\/v2\/comments?post=46850"}],"version-history":[{"count":0,"href":"https:\/\/www.advancedmanufacturingmadrid.com\/es\/wp-json\/wp\/v2\/posts\/46850\/revisions"}],"wp:featuredmedia":[{"embeddable":true,"href":"https:\/\/www.advancedmanufacturingmadrid.com\/es\/wp-json\/wp\/v2\/media\/47429"}],"wp:attachment":[{"href":"https:\/\/www.advancedmanufacturingmadrid.com\/es\/wp-json\/wp\/v2\/media?parent=46850"}],"wp:term":[{"taxonomy":"category","embeddable":true,"href":"https:\/\/www.advancedmanufacturingmadrid.com\/es\/wp-json\/wp\/v2\/categories?post=46850"},{"taxonomy":"post_tag","embeddable":true,"href":"https:\/\/www.advancedmanufacturingmadrid.com\/es\/wp-json\/wp\/v2\/tags?post=46850"},{"taxonomy":"edition","embeddable":true,"href":"https:\/\/www.advancedmanufacturingmadrid.com\/es\/wp-json\/wp\/v2\/edition?post=46850"}],"curies":[{"name":"wp","href":"https:\/\/api.w.org\/{rel}","templated":true}]}}